{"id":62026,"date":"2025-10-18T22:00:43","date_gmt":"2025-10-19T01:00:43","guid":{"rendered":"https:\/\/www.pbagora.com.br\/?p=922126"},"modified":"2025-10-18T22:00:43","modified_gmt":"2025-10-19T01:00:43","slug":"vacinacao-antirrabica-e-antitetanica-sera-oferecida-exclusivamente-neste-domingo-na-usf-torre-em-jp","status":"publish","type":"post","link":"https:\/\/sindaopcpb.org.br\/index.php\/2025\/10\/18\/vacinacao-antirrabica-e-antitetanica-sera-oferecida-exclusivamente-neste-domingo-na-usf-torre-em-jp\/","title":{"rendered":"Vacina\u00e7\u00e3o antirr\u00e1bica e antitet\u00e2nica ser\u00e1 oferecida exclusivamente neste domingo na USF Torre, em JP"},"content":{"rendered":"<p><img width=\"679\" height=\"446\" src=\"https:\/\/www.pbagora.com.br\/storage\/2025\/10\/Captura-de-tela-2025-10-18-165008.png\" class=\"attachment-large size-large wp-post-image\" alt=\"\" style=\"margin-bottom: 20px;\" decoding=\"async\" loading=\"lazy\" srcset=\"https:\/\/www.pbagora.com.br\/storage\/2025\/10\/Captura-de-tela-2025-10-18-165008.png 679w, https:\/\/www.pbagora.com.br\/storage\/2025\/10\/Captura-de-tela-2025-10-18-165008-300x197.png 300w, https:\/\/www.pbagora.com.br\/storage\/2025\/10\/Captura-de-tela-2025-10-18-165008-150x99.png 150w, https:\/\/www.pbagora.com.br\/storage\/2025\/10\/Captura-de-tela-2025-10-18-165008-380x250.png 380w, https:\/\/www.pbagora.com.br\/storage\/2025\/10\/Captura-de-tela-2025-10-18-165008-80x53.png 80w, https:\/\/www.pbagora.com.br\/storage\/2025\/10\/Captura-de-tela-2025-10-18-165008-600x394.png 600w\" sizes=\"auto, (max-width: 679px) 100vw, 679px\" \/><\/p>\n<p>A Prefeitura de Jo\u00e3o Pessoa, por meio da Secretaria Municipal de Sa\u00fade (SMS), informa que, neste s\u00e1bado (18), \u2018Dia D\u2019 de Multivacina\u00e7\u00e3o, o Centro Municipal de Imuniza\u00e7\u00e3o (CMI), localizado no bairro da Torre, funcionar\u00e1 com foco exclusivo no atendimento de urg\u00eancia, aplicando apenas as vacinas antirr\u00e1bica e antitet\u00e2nica. J\u00e1 no domingo (19), excepcionalmente, esse servi\u00e7o ser\u00e1 transferido para a Unidade de Sa\u00fade da Fam\u00edlia (USF) Torre Integrada, no per\u00edodo das 8h \u00e0s 12h, seguindo o protocolo habitual dos finais de semana.<\/p>\n\n\n\n<p>A mudan\u00e7a tempor\u00e1ria ocorre em raz\u00e3o das obras de reforma no pr\u00e9dio do CMI, onde o servi\u00e7o \u00e9 normalmente realizado. A USF Torre Integrada est\u00e1 localizada no anexo do antigo Lact\u00e1rio da Torre, na Avenida Rui Barbosa, s\/n. A mudan\u00e7a tempor\u00e1ria no funcionamento do servi\u00e7o faz parte do processo de requalifica\u00e7\u00e3o da Rede Municipal de Sa\u00fade, onde desde 2021, mais de 80 servi\u00e7os passaram por melhorias em sua infraestrutura, fortalecendo o acesso \u00e0 sa\u00fade p\u00fablica com qualidade em Jo\u00e3o Pessoa.<\/p>\n\n\n\n<p>\u201cNeste Dia D, as pessoas que precisarem receber as vacinas de campanha ou de rotina devem se dirigir \u00e0 unidade de sa\u00fade da fam\u00edlia de refer\u00eancia mais pr\u00f3xima de sua resid\u00eancia ou a um dos tr\u00eas pontos m\u00f3veis distribu\u00eddos estrategicamente pela cidade para ampliar o acesso \u00e0 imuniza\u00e7\u00e3o\u201d, orientou Fernando Virgolino, chefe da Se\u00e7\u00e3o de Imuniza\u00e7\u00e3o da Prefeitura de Jo\u00e3o Pessoa.<\/p>\n\n\n\n<p>Sobre o CMI \u2013 Durante os finais de semana, o servi\u00e7o de vacina\u00e7\u00e3o que acontece no Centro Municipal de Imuniza\u00e7\u00e3o \u00e9 voltado apenas para casos urgentes. J\u00e1 de segunda a sexta-feira, o servi\u00e7o segue funcionando normalmente, das 8h \u00e0s 16h, oferecendo todas as vacinas do calend\u00e1rio nacional de imuniza\u00e7\u00e3o do Minist\u00e9rio da Sa\u00fade (MS), al\u00e9m das vacinas especiais e de urg\u00eancia.<\/p>\n\n\n\n<p>Reda\u00e7\u00e3o com Secom\/JP<\/p>\n\n\n\n<p><\/p>\n","protected":false},"excerpt":{"rendered":"<p><img decoding=\"async\" width=\"679\" height=\"446\" src=\"https:\/\/www.pbagora.com.br\/storage\/2025\/10\/Captura-de-tela-2025-10-18-165008.png\" class=\"attachment-large size-large wp-post-image\" alt=\"\" loading=\"lazy\" srcset=\"https:\/\/www.pbagora.com.br\/storage\/2025\/10\/Captura-de-tela-2025-10-18-165008.png 679w, https:\/\/www.pbagora.com.br\/storage\/2025\/10\/Captura-de-tela-2025-10-18-165008-300x197.png 300w, https:\/\/www.pbagora.com.br\/storage\/2025\/10\/Captura-de-tela-2025-10-18-165008-150x99.png 150w, https:\/\/www.pbagora.com.br\/storage\/2025\/10\/Captura-de-tela-2025-10-18-165008-380x250.png 380w, https:\/\/www.pbagora.com.br\/storage\/2025\/10\/Captura-de-tela-2025-10-18-165008-80x53.png 80w, https:\/\/www.pbagora.com.br\/storage\/2025\/10\/Captura-de-tela-2025-10-18-165008-600x394.png 600w\" sizes=\"auto, (max-width: 679px) 100vw, 679px\"><\/p>\n<p>A Prefeitura de Jo\u00e3o Pessoa, por meio da Secretaria Municipal de Sa\u00fade (SMS), informa que, neste s\u00e1bado (18),\u2026<\/p>\n","protected":false},"author":123457,"featured_media":0,"comment_status":"closed","ping_status":"closed","sticky":false,"template":"","format":"standard","meta":{"advgb_blocks_editor_width":"","advgb_blocks_columns_visual_guide":"","footnotes":""},"categories":[34],"tags":[10841,35,10839],"class_list":["post-62026","post","type-post","status-publish","format-standard","hentry","category-g1","tag-destaque-centro-02","tag-g1","tag-policial"],"author_meta":{"display_name":"Reda\u00e7\u00e3o","author_link":"https:\/\/sindaopcpb.org.br\/author\/redacao\/"},"featured_img":null,"coauthors":[],"tax_additional":{"categories":{"linked":["<a href=\"https:\/\/sindaopcpb.org.br\/g1\/\" class=\"advgb-post-tax-term\">G1<\/a>"],"unlinked":["<span class=\"advgb-post-tax-term\">G1<\/span>"]},"tags":{"linked":["<a href=\"https:\/\/sindaopcpb.org.br\/g1\/\" class=\"advgb-post-tax-term\">Destaque Centro 02<\/a>","<a href=\"https:\/\/sindaopcpb.org.br\/g1\/\" class=\"advgb-post-tax-term\">g1<\/a>","<a href=\"https:\/\/sindaopcpb.org.br\/g1\/\" class=\"advgb-post-tax-term\">Policial<\/a>"],"unlinked":["<span class=\"advgb-post-tax-term\">Destaque Centro 02<\/span>","<span class=\"advgb-post-tax-term\">g1<\/span>","<span class=\"advgb-post-tax-term\">Policial<\/span>"]}},"comment_count":"0","relative_dates":{"created":"Publicado 6 meses atr\u00e1s","modified":"Atualizado 6 meses atr\u00e1s"},"absolute_dates":{"created":"Publicado em 18 de outubro de 2025","modified":"Atualizado em 18 de outubro de 2025"},"absolute_dates_time":{"created":"Publicado em 18 de outubro de 2025 22:00","modified":"Atualizado em 18 de outubro de 2025 22:00"},"featured_img_caption":"","series_order":"","_links":{"self":[{"href":"https:\/\/sindaopcpb.org.br\/index.php\/wp-json\/wp\/v2\/posts\/62026","targetHints":{"allow":["GET"]}}],"collection":[{"href":"https:\/\/sindaopcpb.org.br\/index.php\/wp-json\/wp\/v2\/posts"}],"about":[{"href":"https:\/\/sindaopcpb.org.br\/index.php\/wp-json\/wp\/v2\/types\/post"}],"author":[{"embeddable":true,"href":"https:\/\/sindaopcpb.org.br\/index.php\/wp-json\/wp\/v2\/users\/123457"}],"replies":[{"embeddable":true,"href":"https:\/\/sindaopcpb.org.br\/index.php\/wp-json\/wp\/v2\/comments?post=62026"}],"version-history":[{"count":1,"href":"https:\/\/sindaopcpb.org.br\/index.php\/wp-json\/wp\/v2\/posts\/62026\/revisions"}],"predecessor-version":[{"id":62027,"href":"https:\/\/sindaopcpb.org.br\/index.php\/wp-json\/wp\/v2\/posts\/62026\/revisions\/62027"}],"wp:attachment":[{"href":"https:\/\/sindaopcpb.org.br\/index.php\/wp-json\/wp\/v2\/media?parent=62026"}],"wp:term":[{"taxonomy":"category","embeddable":true,"href":"https:\/\/sindaopcpb.org.br\/index.php\/wp-json\/wp\/v2\/categories?post=62026"},{"taxonomy":"post_tag","embeddable":true,"href":"https:\/\/sindaopcpb.org.br\/index.php\/wp-json\/wp\/v2\/tags?post=62026"}],"curies":[{"name":"wp","href":"https:\/\/api.w.org\/{rel}","templated":true}]}}