{"id":62020,"date":"2025-10-19T07:46:14","date_gmt":"2025-10-19T10:46:14","guid":{"rendered":"https:\/\/www.pbagora.com.br\/?p=922153"},"modified":"2025-10-19T10:50:14","modified_gmt":"2025-10-19T13:50:14","slug":"nao-e-facil-mas-infelizmente-foi-necessario-desabafa-ninao-apos-amputar-segunda-perna","status":"publish","type":"post","link":"https:\/\/sindaopcpb.org.br\/index.php\/2025\/10\/19\/nao-e-facil-mas-infelizmente-foi-necessario-desabafa-ninao-apos-amputar-segunda-perna\/","title":{"rendered":"\u201cN\u00e3o \u00e9 f\u00e1cil, mas infelizmente foi necess\u00e1rio\u201d, desabafa Nin\u00e3o ap\u00f3s amputar segunda perna"},"content":{"rendered":"<p><img width=\"464\" height=\"346\" src=\"https:\/\/www.pbagora.com.br\/storage\/2025\/10\/Captura-de-tela-2025-10-18-224347.png\" class=\"attachment-large size-large wp-post-image\" alt=\"\" style=\"margin-bottom: 20px;\" decoding=\"async\" srcset=\"https:\/\/www.pbagora.com.br\/storage\/2025\/10\/Captura-de-tela-2025-10-18-224347.png 464w, https:\/\/www.pbagora.com.br\/storage\/2025\/10\/Captura-de-tela-2025-10-18-224347-300x224.png 300w, https:\/\/www.pbagora.com.br\/storage\/2025\/10\/Captura-de-tela-2025-10-18-224347-150x112.png 150w, https:\/\/www.pbagora.com.br\/storage\/2025\/10\/Captura-de-tela-2025-10-18-224347-200x150.png 200w, https:\/\/www.pbagora.com.br\/storage\/2025\/10\/Captura-de-tela-2025-10-18-224347-260x195.png 260w, https:\/\/www.pbagora.com.br\/storage\/2025\/10\/Captura-de-tela-2025-10-18-224347-380x283.png 380w, https:\/\/www.pbagora.com.br\/storage\/2025\/10\/Captura-de-tela-2025-10-18-224347-80x60.png 80w\" sizes=\"(max-width: 464px) 100vw, 464px\" \/><\/p>\n<p>Joelison Fernandes da Silva, conhecido nacionalmente como Nin\u00e3o, considerado o homem mais alto do Brasil com 2,37 metros, passou por uma nova amputa\u00e7\u00e3o na tarde desta sexta-feira (17). Desta vez, foi a perna esquerda. Ele j\u00e1 havia perdido a perna direita em 2021, em decorr\u00eancia da osteomielite, uma infec\u00e7\u00e3o \u00f3ssea agravada pela diabetes que ele tamb\u00e9m enfrenta.<\/p>\n\n\n\n<p>Natural da cidade de Assun\u00e7\u00e3o, no Cariri da Para\u00edba, Nin\u00e3o descobriu o gigantismo aos 14 anos, quando j\u00e1 media 1,95 metro de altura. Desde ent\u00e3o, passou a conviver com complica\u00e7\u00f5es de sa\u00fade que culminaram nas amputa\u00e7\u00f5es.<\/p>\n\n\n\n<p>A cirurgia mais recente foi realizada no Hospital de Cl\u00ednicas, em Campina Grande, e ocorreu cerca de 20 cent\u00edmetros abaixo do joelho, da mesma forma que a primeira. Ainda em recupera\u00e7\u00e3o, Nin\u00e3o falou com o g1 sobre o momento delicado que est\u00e1 enfrentando.<\/p>\n\n\n\n<blockquote class=\"wp-block-quote is-layout-flow wp-block-quote-is-layout-flow\">\n<p><strong>\u201cN\u00e3o \u00e9 f\u00e1cil, mas infelizmente foi necess\u00e1rio\u201d<\/strong>, desabafou.<\/p>\n<\/blockquote>\n\n\n\n<p>De acordo com o boletim m\u00e9dico, Nin\u00e3o deu entrada no in\u00edcio de outubro com sinais de necrose e comprometimento tecidual extenso. Ap\u00f3s avalia\u00e7\u00e3o da equipe multidisciplinar, foi indicada a amputa\u00e7\u00e3o como \u00fanica forma de conter o agravamento da infec\u00e7\u00e3o.<\/p>\n\n\n\n<blockquote class=\"wp-block-quote is-layout-flow wp-block-quote-is-layout-flow\">\n<p><strong>\u201cA recupera\u00e7\u00e3o ser\u00e1 um pouco dolorida, porque d\u00f3i bastante, mas com f\u00e9 em Deus vou superar mais essa barreira\u201d,<\/strong> afirmou.<\/p>\n<\/blockquote>\n\n\n\n<p>Ainda sem previs\u00e3o de alta, Nin\u00e3o seguir\u00e1 sob cuidados m\u00e9dicos e de enfermagem. Assim que for liberado, retornar\u00e1 para sua cidade natal, onde continuar\u00e1 o processo de recupera\u00e7\u00e3o.<\/p>\n\n\n\n<p>Ele tamb\u00e9m manifestou o desejo de utilizar pr\u00f3teses para voltar a ter mobilidade, mas, devido aos altos custos, planeja realizar uma campanha de arrecada\u00e7\u00e3o para viabilizar a compra do equipamento.<\/p>\n\n\n\n<h3 id=\"entenda-o-que-e-osteomielite\" class=\"wp-block-heading\">Entenda o que \u00e9 osteomielite<\/h3>\n\n\n\n<p>A osteomielite \u00e9 uma infec\u00e7\u00e3o \u00f3ssea causada por bact\u00e9rias, fungos ou v\u00edrus. A condi\u00e7\u00e3o provoca inflama\u00e7\u00e3o, dor intensa e, em casos graves, necrose do tecido. Se n\u00e3o tratada adequadamente, pode exigir amputa\u00e7\u00f5es, como ocorreu com Nin\u00e3o.<\/p>\n\n\n\n<p>No momento, o quadro de sa\u00fade dele \u00e9 considerado clinicamente est\u00e1vel.<\/p>\n\n\n\n<p><strong><em>Reda\u00e7\u00e3o com G1<\/em><\/strong><\/p>\n\n\n\n<p><\/p>\n","protected":false},"excerpt":{"rendered":"<p><img loading=\"lazy\" decoding=\"async\" width=\"464\" height=\"346\" src=\"https:\/\/www.pbagora.com.br\/storage\/2025\/10\/Captura-de-tela-2025-10-18-224347.png\" class=\"attachment-large size-large wp-post-image\" alt=\"\" srcset=\"https:\/\/www.pbagora.com.br\/storage\/2025\/10\/Captura-de-tela-2025-10-18-224347.png 464w, https:\/\/www.pbagora.com.br\/storage\/2025\/10\/Captura-de-tela-2025-10-18-224347-300x224.png 300w, https:\/\/www.pbagora.com.br\/storage\/2025\/10\/Captura-de-tela-2025-10-18-224347-150x112.png 150w, https:\/\/www.pbagora.com.br\/storage\/2025\/10\/Captura-de-tela-2025-10-18-224347-200x150.png 200w, https:\/\/www.pbagora.com.br\/storage\/2025\/10\/Captura-de-tela-2025-10-18-224347-260x195.png 260w, https:\/\/www.pbagora.com.br\/storage\/2025\/10\/Captura-de-tela-2025-10-18-224347-380x283.png 380w, https:\/\/www.pbagora.com.br\/storage\/2025\/10\/Captura-de-tela-2025-10-18-224347-80x60.png 80w\" sizes=\"auto, (max-width: 464px) 100vw, 464px\"><\/p>\n<p>Joelison Fernandes da Silva, conhecido nacionalmente como Nin\u00e3o, considerado o homem mais alto do Brasil com 2,37 metros,\u2026<\/p>\n","protected":false},"author":123457,"featured_media":0,"comment_status":"closed","ping_status":"closed","sticky":false,"template":"","format":"standard","meta":{"advgb_blocks_editor_width":"","advgb_blocks_columns_visual_guide":"","footnotes":""},"categories":[34],"tags":[10840,35,10839],"class_list":["post-62020","post","type-post","status-publish","format-standard","hentry","category-g1","tag-destaque-centro-03","tag-g1","tag-policial"],"author_meta":{"display_name":"Reda\u00e7\u00e3o","author_link":"https:\/\/sindaopcpb.org.br\/author\/redacao\/"},"featured_img":null,"coauthors":[],"tax_additional":{"categories":{"linked":["<a href=\"https:\/\/sindaopcpb.org.br\/g1\/\" class=\"advgb-post-tax-term\">G1<\/a>"],"unlinked":["<span class=\"advgb-post-tax-term\">G1<\/span>"]},"tags":{"linked":["<a href=\"https:\/\/sindaopcpb.org.br\/g1\/\" class=\"advgb-post-tax-term\">Destaque Centro 03<\/a>","<a href=\"https:\/\/sindaopcpb.org.br\/g1\/\" class=\"advgb-post-tax-term\">g1<\/a>","<a href=\"https:\/\/sindaopcpb.org.br\/g1\/\" class=\"advgb-post-tax-term\">Policial<\/a>"],"unlinked":["<span class=\"advgb-post-tax-term\">Destaque Centro 03<\/span>","<span class=\"advgb-post-tax-term\">g1<\/span>","<span class=\"advgb-post-tax-term\">Policial<\/span>"]}},"comment_count":"0","relative_dates":{"created":"Publicado 6 meses atr\u00e1s","modified":"Atualizado 6 meses atr\u00e1s"},"absolute_dates":{"created":"Publicado em 19 de outubro de 2025","modified":"Atualizado em 19 de outubro de 2025"},"absolute_dates_time":{"created":"Publicado em 19 de outubro de 2025 07:46","modified":"Atualizado em 19 de outubro de 2025 10:50"},"featured_img_caption":"","series_order":"","_links":{"self":[{"href":"https:\/\/sindaopcpb.org.br\/index.php\/wp-json\/wp\/v2\/posts\/62020","targetHints":{"allow":["GET"]}}],"collection":[{"href":"https:\/\/sindaopcpb.org.br\/index.php\/wp-json\/wp\/v2\/posts"}],"about":[{"href":"https:\/\/sindaopcpb.org.br\/index.php\/wp-json\/wp\/v2\/types\/post"}],"author":[{"embeddable":true,"href":"https:\/\/sindaopcpb.org.br\/index.php\/wp-json\/wp\/v2\/users\/123457"}],"replies":[{"embeddable":true,"href":"https:\/\/sindaopcpb.org.br\/index.php\/wp-json\/wp\/v2\/comments?post=62020"}],"version-history":[{"count":4,"href":"https:\/\/sindaopcpb.org.br\/index.php\/wp-json\/wp\/v2\/posts\/62020\/revisions"}],"predecessor-version":[{"id":62037,"href":"https:\/\/sindaopcpb.org.br\/index.php\/wp-json\/wp\/v2\/posts\/62020\/revisions\/62037"}],"wp:attachment":[{"href":"https:\/\/sindaopcpb.org.br\/index.php\/wp-json\/wp\/v2\/media?parent=62020"}],"wp:term":[{"taxonomy":"category","embeddable":true,"href":"https:\/\/sindaopcpb.org.br\/index.php\/wp-json\/wp\/v2\/categories?post=62020"},{"taxonomy":"post_tag","embeddable":true,"href":"https:\/\/sindaopcpb.org.br\/index.php\/wp-json\/wp\/v2\/tags?post=62020"}],"curies":[{"name":"wp","href":"https:\/\/api.w.org\/{rel}","templated":true}]}}