{"id":62003,"date":"2025-10-18T09:43:13","date_gmt":"2025-10-18T12:43:13","guid":{"rendered":"https:\/\/www.pbagora.com.br\/?p=922082"},"modified":"2025-10-18T12:20:13","modified_gmt":"2025-10-18T15:20:13","slug":"tiroteio-deixa-um-morto-e-dois-feridos-em-varzea-nova-em-santa-rita","status":"publish","type":"post","link":"https:\/\/sindaopcpb.org.br\/index.php\/2025\/10\/18\/tiroteio-deixa-um-morto-e-dois-feridos-em-varzea-nova-em-santa-rita\/","title":{"rendered":"Tiroteio deixa um morto e dois feridos em V\u00e1rzea Nova, em Santa Rita"},"content":{"rendered":"<p><img width=\"876\" height=\"585\" src=\"https:\/\/www.pbagora.com.br\/storage\/2023\/06\/sirene-2.jpg\" class=\"attachment-large size-large wp-post-image\" alt=\"\" style=\"margin-bottom: 20px;\" decoding=\"async\" srcset=\"https:\/\/www.pbagora.com.br\/storage\/2023\/06\/sirene-2.jpg 876w, https:\/\/www.pbagora.com.br\/storage\/2023\/06\/sirene-2-300x200.jpg 300w, https:\/\/www.pbagora.com.br\/storage\/2023\/06\/sirene-2-150x100.jpg 150w, https:\/\/www.pbagora.com.br\/storage\/2023\/06\/sirene-2-768x513.jpg 768w, https:\/\/www.pbagora.com.br\/storage\/2023\/06\/sirene-2-380x254.jpg 380w, https:\/\/www.pbagora.com.br\/storage\/2023\/06\/sirene-2-800x534.jpg 800w, https:\/\/www.pbagora.com.br\/storage\/2023\/06\/sirene-2-80x53.jpg 80w, https:\/\/www.pbagora.com.br\/storage\/2023\/06\/sirene-2-760x508.jpg 760w, https:\/\/www.pbagora.com.br\/storage\/2023\/06\/sirene-2-600x401.jpg 600w\" sizes=\"(max-width: 876px) 100vw, 876px\" \/><\/p>\n<p>Um ataque a tiros deixou um homem morto e outros dois feridos na noite da sexta-feira (17), no bairro de V\u00e1rzea Nova, em Santa Rita, na Regi\u00e3o Metropolitana de Jo\u00e3o Pessoa.<\/p>\n\n\n\n<p>De acordo com o comandante Alc\u00e2ntara, uma das v\u00edtimas n\u00e3o resistiu aos ferimentos e morreu ainda no local. Os outros dois baleados foram socorridos e levados para o Hospital de Emerg\u00eancia e Trauma de Jo\u00e3o Pessoa.<\/p>\n\n\n\n<p>Informa\u00e7\u00f5es preliminares apontam que uma das v\u00edtimas teria sido atingida por bala perdida enquanto retornava do trabalho.<\/p>\n\n\n\n<p>A Pol\u00edcia Militar foi acionada e isolou a \u00e1rea para a realiza\u00e7\u00e3o da per\u00edcia. A autoria e a motiva\u00e7\u00e3o do crime ainda s\u00e3o desconhecidas. O caso ser\u00e1 investigado pela Pol\u00edcia Civil.<\/p>\n\n\n\n<p><strong><em>PB Agora<\/em><\/strong><\/p>\n","protected":false},"excerpt":{"rendered":"<p><img loading=\"lazy\" decoding=\"async\" width=\"876\" height=\"585\" src=\"https:\/\/www.pbagora.com.br\/storage\/2023\/06\/sirene-2.jpg\" class=\"attachment-large size-large wp-post-image\" alt=\"\" srcset=\"https:\/\/www.pbagora.com.br\/storage\/2023\/06\/sirene-2.jpg 876w, https:\/\/www.pbagora.com.br\/storage\/2023\/06\/sirene-2-300x200.jpg 300w, https:\/\/www.pbagora.com.br\/storage\/2023\/06\/sirene-2-150x100.jpg 150w, https:\/\/www.pbagora.com.br\/storage\/2023\/06\/sirene-2-768x513.jpg 768w, https:\/\/www.pbagora.com.br\/storage\/2023\/06\/sirene-2-380x254.jpg 380w, https:\/\/www.pbagora.com.br\/storage\/2023\/06\/sirene-2-800x534.jpg 800w, https:\/\/www.pbagora.com.br\/storage\/2023\/06\/sirene-2-80x53.jpg 80w, https:\/\/www.pbagora.com.br\/storage\/2023\/06\/sirene-2-760x508.jpg 760w, https:\/\/www.pbagora.com.br\/storage\/2023\/06\/sirene-2-600x401.jpg 600w\" sizes=\"auto, (max-width: 876px) 100vw, 876px\"><\/p>\n<p>Um ataque a tiros deixou um homem morto e outros dois feridos na noite da sexta-feira (17), no\u2026<\/p>\n","protected":false},"author":123457,"featured_media":0,"comment_status":"closed","ping_status":"closed","sticky":false,"template":"","format":"standard","meta":{"advgb_blocks_editor_width":"","advgb_blocks_columns_visual_guide":"","footnotes":""},"categories":[34],"tags":[10840,35,10839],"class_list":["post-62003","post","type-post","status-publish","format-standard","hentry","category-g1","tag-destaque-centro-03","tag-g1","tag-policial"],"author_meta":{"display_name":"Reda\u00e7\u00e3o","author_link":"https:\/\/sindaopcpb.org.br\/author\/redacao\/"},"featured_img":null,"coauthors":[],"tax_additional":{"categories":{"linked":["<a href=\"https:\/\/sindaopcpb.org.br\/g1\/\" class=\"advgb-post-tax-term\">G1<\/a>"],"unlinked":["<span class=\"advgb-post-tax-term\">G1<\/span>"]},"tags":{"linked":["<a href=\"https:\/\/sindaopcpb.org.br\/g1\/\" class=\"advgb-post-tax-term\">Destaque Centro 03<\/a>","<a href=\"https:\/\/sindaopcpb.org.br\/g1\/\" class=\"advgb-post-tax-term\">g1<\/a>","<a href=\"https:\/\/sindaopcpb.org.br\/g1\/\" class=\"advgb-post-tax-term\">Policial<\/a>"],"unlinked":["<span class=\"advgb-post-tax-term\">Destaque Centro 03<\/span>","<span class=\"advgb-post-tax-term\">g1<\/span>","<span class=\"advgb-post-tax-term\">Policial<\/span>"]}},"comment_count":"0","relative_dates":{"created":"Publicado 7 meses atr\u00e1s","modified":"Atualizado 7 meses atr\u00e1s"},"absolute_dates":{"created":"Publicado em 18 de outubro de 2025","modified":"Atualizado em 18 de outubro de 2025"},"absolute_dates_time":{"created":"Publicado em 18 de outubro de 2025 09:43","modified":"Atualizado em 18 de outubro de 2025 12:20"},"featured_img_caption":"","series_order":"","_links":{"self":[{"href":"https:\/\/sindaopcpb.org.br\/index.php\/wp-json\/wp\/v2\/posts\/62003","targetHints":{"allow":["GET"]}}],"collection":[{"href":"https:\/\/sindaopcpb.org.br\/index.php\/wp-json\/wp\/v2\/posts"}],"about":[{"href":"https:\/\/sindaopcpb.org.br\/index.php\/wp-json\/wp\/v2\/types\/post"}],"author":[{"embeddable":true,"href":"https:\/\/sindaopcpb.org.br\/index.php\/wp-json\/wp\/v2\/users\/123457"}],"replies":[{"embeddable":true,"href":"https:\/\/sindaopcpb.org.br\/index.php\/wp-json\/wp\/v2\/comments?post=62003"}],"version-history":[{"count":2,"href":"https:\/\/sindaopcpb.org.br\/index.php\/wp-json\/wp\/v2\/posts\/62003\/revisions"}],"predecessor-version":[{"id":62009,"href":"https:\/\/sindaopcpb.org.br\/index.php\/wp-json\/wp\/v2\/posts\/62003\/revisions\/62009"}],"wp:attachment":[{"href":"https:\/\/sindaopcpb.org.br\/index.php\/wp-json\/wp\/v2\/media?parent=62003"}],"wp:term":[{"taxonomy":"category","embeddable":true,"href":"https:\/\/sindaopcpb.org.br\/index.php\/wp-json\/wp\/v2\/categories?post=62003"},{"taxonomy":"post_tag","embeddable":true,"href":"https:\/\/sindaopcpb.org.br\/index.php\/wp-json\/wp\/v2\/tags?post=62003"}],"curies":[{"name":"wp","href":"https:\/\/api.w.org\/{rel}","templated":true}]}}