{"id":62001,"date":"2025-10-18T09:49:41","date_gmt":"2025-10-18T12:49:41","guid":{"rendered":"https:\/\/www.pbagora.com.br\/?p=922085"},"modified":"2025-10-18T13:49:41","modified_gmt":"2025-10-18T16:49:41","slug":"homem-mais-alto-do-brasil-ninao-passa-por-nova-amputacao-em-campina-grande","status":"publish","type":"post","link":"https:\/\/sindaopcpb.org.br\/index.php\/2025\/10\/18\/homem-mais-alto-do-brasil-ninao-passa-por-nova-amputacao-em-campina-grande\/","title":{"rendered":"Homem mais alto do Brasil, Nin\u00e3o passa por nova amputa\u00e7\u00e3o em Campina Grande"},"content":{"rendered":"<p><img width=\"399\" height=\"295\" src=\"https:\/\/www.pbagora.com.br\/storage\/2025\/10\/Captura-de-tela-2025-10-18-095044.png\" class=\"attachment-large size-large wp-post-image\" alt=\"\" style=\"margin-bottom: 20px;\" decoding=\"async\" loading=\"lazy\" srcset=\"https:\/\/www.pbagora.com.br\/storage\/2025\/10\/Captura-de-tela-2025-10-18-095044.png 399w, https:\/\/www.pbagora.com.br\/storage\/2025\/10\/Captura-de-tela-2025-10-18-095044-300x222.png 300w, https:\/\/www.pbagora.com.br\/storage\/2025\/10\/Captura-de-tela-2025-10-18-095044-150x111.png 150w, https:\/\/www.pbagora.com.br\/storage\/2025\/10\/Captura-de-tela-2025-10-18-095044-380x281.png 380w, https:\/\/www.pbagora.com.br\/storage\/2025\/10\/Captura-de-tela-2025-10-18-095044-80x58.png 80w\" sizes=\"auto, (max-width: 399px) 100vw, 399px\" \/><\/p>\n<p>O paraibano Joelison Fernandes da Silva, conhecido como Nin\u00e3o, passou por uma nova cirurgia de amputa\u00e7\u00e3o nesta semana, em Campina Grande. Com 2,37 metros de altura, ele \u00e9 reconhecido como o homem mais alto do Brasil e enfrenta mais uma etapa delicada em sua luta pela vida.<\/p>\n\n\n\n<p>De acordo com informa\u00e7\u00f5es de pessoas pr\u00f3ximas, Nin\u00e3o precisou retornar ao hospital ap\u00f3s apresentar um quadro infeccioso na perna. A equipe m\u00e9dica optou por uma nova amputa\u00e7\u00e3o para conter o avan\u00e7o da infec\u00e7\u00e3o. O procedimento foi realizado no Hospital de Emerg\u00eancia e Trauma de Campina Grande, e o estado de sa\u00fade dele \u00e9 considerado est\u00e1vel.<\/p>\n\n\n\n<p><\/p>\n\n\n\n<figure class=\"wp-block-image size-full\"><img  loading=\"lazy\"  decoding=\"async\"  width=\"647\"  height=\"372\"  src=\"https:\/\/www.pbagora.com.br\/storage\/2025\/10\/Captura-de-tela-2025-10-18-094743.png\"  alt=\"\"  class=\"wp-image-922088\"  srcset=\"https:\/\/www.pbagora.com.br\/storage\/2025\/10\/Captura-de-tela-2025-10-18-094743.png 647w, https:\/\/www.pbagora.com.br\/storage\/2025\/10\/Captura-de-tela-2025-10-18-094743-300x172.png 300w, https:\/\/www.pbagora.com.br\/storage\/2025\/10\/Captura-de-tela-2025-10-18-094743-150x86.png 150w, https:\/\/www.pbagora.com.br\/storage\/2025\/10\/Captura-de-tela-2025-10-18-094743-380x218.png 380w, https:\/\/www.pbagora.com.br\/storage\/2025\/10\/Captura-de-tela-2025-10-18-094743-80x46.png 80w, https:\/\/www.pbagora.com.br\/storage\/2025\/10\/Captura-de-tela-2025-10-18-094743-600x345.png 600w\"  sizes=\"auto, (max-width: 647px) 100vw, 647px\" ><figcaption class=\"wp-element-caption\">Reprodu\u00e7\u00e3o\/TV Para\u00edba. Reprodu\u00e7\u00e3o\/TV Para\u00edba<\/figcaption><\/figure>\n\n\n\n<p>Nin\u00e3o ficou conhecido nacionalmente n\u00e3o apenas por sua estatura impressionante, mas tamb\u00e9m pelo carisma e pela forma positiva com que enfrentou os desafios de sa\u00fade nos \u00faltimos anos. Desde a primeira amputa\u00e7\u00e3o, realizada em 2022, ele vem travando uma batalha marcada por supera\u00e7\u00e3o e f\u00e9, servindo de inspira\u00e7\u00e3o para muitas pessoas.<\/p>\n\n\n\n<p><strong><em>Reda\u00e7\u00e3o<\/em><\/strong><\/p>\n","protected":false},"excerpt":{"rendered":"<p><img loading=\"lazy\" decoding=\"async\" width=\"399\" height=\"295\" src=\"https:\/\/www.pbagora.com.br\/storage\/2025\/10\/Captura-de-tela-2025-10-18-095044.png\" class=\"attachment-large size-large wp-post-image\" alt=\"\" srcset=\"https:\/\/www.pbagora.com.br\/storage\/2025\/10\/Captura-de-tela-2025-10-18-095044.png 399w, https:\/\/www.pbagora.com.br\/storage\/2025\/10\/Captura-de-tela-2025-10-18-095044-300x222.png 300w, https:\/\/www.pbagora.com.br\/storage\/2025\/10\/Captura-de-tela-2025-10-18-095044-150x111.png 150w, https:\/\/www.pbagora.com.br\/storage\/2025\/10\/Captura-de-tela-2025-10-18-095044-380x281.png 380w, https:\/\/www.pbagora.com.br\/storage\/2025\/10\/Captura-de-tela-2025-10-18-095044-80x58.png 80w\" sizes=\"auto, (max-width: 399px) 100vw, 399px\"><\/p>\n<p>O paraibano Joelison Fernandes da Silva, conhecido como Nin\u00e3o, passou por uma nova cirurgia de amputa\u00e7\u00e3o nesta semana,\u2026<\/p>\n","protected":false},"author":123457,"featured_media":0,"comment_status":"closed","ping_status":"closed","sticky":false,"template":"","format":"standard","meta":{"advgb_blocks_editor_width":"","advgb_blocks_columns_visual_guide":"","footnotes":""},"categories":[34],"tags":[10841,35,10839,10865],"class_list":["post-62001","post","type-post","status-publish","format-standard","hentry","category-g1","tag-destaque-centro-02","tag-g1","tag-policial","tag-saude"],"author_meta":{"display_name":"Reda\u00e7\u00e3o","author_link":"https:\/\/sindaopcpb.org.br\/author\/redacao\/"},"featured_img":null,"coauthors":[],"tax_additional":{"categories":{"linked":["<a href=\"https:\/\/sindaopcpb.org.br\/g1\/\" class=\"advgb-post-tax-term\">G1<\/a>"],"unlinked":["<span class=\"advgb-post-tax-term\">G1<\/span>"]},"tags":{"linked":["<a href=\"https:\/\/sindaopcpb.org.br\/g1\/\" class=\"advgb-post-tax-term\">Destaque Centro 02<\/a>","<a href=\"https:\/\/sindaopcpb.org.br\/g1\/\" class=\"advgb-post-tax-term\">g1<\/a>","<a href=\"https:\/\/sindaopcpb.org.br\/g1\/\" class=\"advgb-post-tax-term\">Policial<\/a>","<a href=\"https:\/\/sindaopcpb.org.br\/g1\/\" class=\"advgb-post-tax-term\">Sa\u00fade<\/a>"],"unlinked":["<span class=\"advgb-post-tax-term\">Destaque Centro 02<\/span>","<span class=\"advgb-post-tax-term\">g1<\/span>","<span class=\"advgb-post-tax-term\">Policial<\/span>","<span class=\"advgb-post-tax-term\">Sa\u00fade<\/span>"]}},"comment_count":"0","relative_dates":{"created":"Publicado 7 meses atr\u00e1s","modified":"Atualizado 7 meses atr\u00e1s"},"absolute_dates":{"created":"Publicado em 18 de outubro de 2025","modified":"Atualizado em 18 de outubro de 2025"},"absolute_dates_time":{"created":"Publicado em 18 de outubro de 2025 09:49","modified":"Atualizado em 18 de outubro de 2025 13:49"},"featured_img_caption":"","series_order":"","_links":{"self":[{"href":"https:\/\/sindaopcpb.org.br\/index.php\/wp-json\/wp\/v2\/posts\/62001","targetHints":{"allow":["GET"]}}],"collection":[{"href":"https:\/\/sindaopcpb.org.br\/index.php\/wp-json\/wp\/v2\/posts"}],"about":[{"href":"https:\/\/sindaopcpb.org.br\/index.php\/wp-json\/wp\/v2\/types\/post"}],"author":[{"embeddable":true,"href":"https:\/\/sindaopcpb.org.br\/index.php\/wp-json\/wp\/v2\/users\/123457"}],"replies":[{"embeddable":true,"href":"https:\/\/sindaopcpb.org.br\/index.php\/wp-json\/wp\/v2\/comments?post=62001"}],"version-history":[{"count":4,"href":"https:\/\/sindaopcpb.org.br\/index.php\/wp-json\/wp\/v2\/posts\/62001\/revisions"}],"predecessor-version":[{"id":62015,"href":"https:\/\/sindaopcpb.org.br\/index.php\/wp-json\/wp\/v2\/posts\/62001\/revisions\/62015"}],"wp:attachment":[{"href":"https:\/\/sindaopcpb.org.br\/index.php\/wp-json\/wp\/v2\/media?parent=62001"}],"wp:term":[{"taxonomy":"category","embeddable":true,"href":"https:\/\/sindaopcpb.org.br\/index.php\/wp-json\/wp\/v2\/categories?post=62001"},{"taxonomy":"post_tag","embeddable":true,"href":"https:\/\/sindaopcpb.org.br\/index.php\/wp-json\/wp\/v2\/tags?post=62001"}],"curies":[{"name":"wp","href":"https:\/\/api.w.org\/{rel}","templated":true}]}}