{"id":61997,"date":"2025-10-18T08:25:44","date_gmt":"2025-10-18T11:25:44","guid":{"rendered":"https:\/\/www.pbagora.com.br\/?p=922078"},"modified":"2025-10-18T11:00:44","modified_gmt":"2025-10-18T14:00:44","slug":"carro-derruba-poste-e-bloqueia-via-expressa-padre-ze-em-joao-pessoa","status":"publish","type":"post","link":"https:\/\/sindaopcpb.org.br\/index.php\/2025\/10\/18\/carro-derruba-poste-e-bloqueia-via-expressa-padre-ze-em-joao-pessoa\/","title":{"rendered":"Carro derruba poste e bloqueia via expressa Padre Z\u00e9, em Jo\u00e3o Pessoa"},"content":{"rendered":"<p><img width=\"501\" height=\"344\" src=\"https:\/\/www.pbagora.com.br\/storage\/2025\/10\/Captura-de-tela-2025-10-18-082512.png\" class=\"attachment-large size-large wp-post-image\" alt=\"\" style=\"margin-bottom: 20px;\" decoding=\"async\" srcset=\"https:\/\/www.pbagora.com.br\/storage\/2025\/10\/Captura-de-tela-2025-10-18-082512.png 501w, https:\/\/www.pbagora.com.br\/storage\/2025\/10\/Captura-de-tela-2025-10-18-082512-300x206.png 300w, https:\/\/www.pbagora.com.br\/storage\/2025\/10\/Captura-de-tela-2025-10-18-082512-150x103.png 150w, https:\/\/www.pbagora.com.br\/storage\/2025\/10\/Captura-de-tela-2025-10-18-082512-380x261.png 380w, https:\/\/www.pbagora.com.br\/storage\/2025\/10\/Captura-de-tela-2025-10-18-082512-80x55.png 80w\" sizes=\"(max-width: 501px) 100vw, 501px\" \/><\/p>\n<p>Um motorista perdeu o controle do ve\u00edculo e colidiu com um poste de alta tens\u00e3o na via expressa Padre Z\u00e9, em frente ao Centro de Tecnologia da Universidade Federal da Para\u00edba (UFPB), no bairro Castelo Branco, em Jo\u00e3o Pessoa. <\/p>\n\n\n\n<p>O acidente ocorreu na noite de sexta-feira (17), no sentido Banc\u00e1rios, e causou bloqueio total da pista, gerando congestionamento.<\/p>\n\n\n\n<p>Um motociclista tamb\u00e9m se envolveu no acidente, mas as circunst\u00e2ncias da colis\u00e3o ainda n\u00e3o foram esclarecidas.<\/p>\n\n\n\n<p>Equipes da Pol\u00edcia Militar e do Servi\u00e7o de Atendimento M\u00f3vel de Urg\u00eancia (Samu) foram acionadas para o local. Com a queda do poste, o trecho ficou sem ilumina\u00e7\u00e3o. A pista no sentido Cabo Branco n\u00e3o foi afetada e o tr\u00e2nsito seguiu normalmente nesse lado da via.<\/p>\n\n\n\n<p>A remo\u00e7\u00e3o do poste come\u00e7ou ainda na madrugada deste s\u00e1bado (18), e a via foi liberada por volta das 5h30 da manh\u00e3.<\/p>\n\n\n\n<p><\/p>\n\n\n\n<figure class=\"wp-block-video\"><video controls src=\"https:\/\/www.pbagora.com.br\/storage\/2025\/10\/WhatsApp-Video-2025-10-18-at-07.05.47.mp4\"><\/video><\/figure>\n\n\n\n<p><strong><em>Reda\u00e7\u00e3o<\/em><\/strong><\/p>\n\n\n\n<p><\/p>\n","protected":false},"excerpt":{"rendered":"<p><img loading=\"lazy\" decoding=\"async\" width=\"501\" height=\"344\" src=\"https:\/\/www.pbagora.com.br\/storage\/2025\/10\/Captura-de-tela-2025-10-18-082512.png\" class=\"attachment-large size-large wp-post-image\" alt=\"\" srcset=\"https:\/\/www.pbagora.com.br\/storage\/2025\/10\/Captura-de-tela-2025-10-18-082512.png 501w, https:\/\/www.pbagora.com.br\/storage\/2025\/10\/Captura-de-tela-2025-10-18-082512-300x206.png 300w, https:\/\/www.pbagora.com.br\/storage\/2025\/10\/Captura-de-tela-2025-10-18-082512-150x103.png 150w, https:\/\/www.pbagora.com.br\/storage\/2025\/10\/Captura-de-tela-2025-10-18-082512-380x261.png 380w, https:\/\/www.pbagora.com.br\/storage\/2025\/10\/Captura-de-tela-2025-10-18-082512-80x55.png 80w\" sizes=\"auto, (max-width: 501px) 100vw, 501px\"><\/p>\n<p>Um motorista perdeu o controle do ve\u00edculo e colidiu com um poste de alta tens\u00e3o na via expressa\u2026<\/p>\n","protected":false},"author":123457,"featured_media":0,"comment_status":"closed","ping_status":"closed","sticky":false,"template":"","format":"standard","meta":{"advgb_blocks_editor_width":"","advgb_blocks_columns_visual_guide":"","footnotes":""},"categories":[34],"tags":[10841,35,10839],"class_list":["post-61997","post","type-post","status-publish","format-standard","hentry","category-g1","tag-destaque-centro-02","tag-g1","tag-policial"],"author_meta":{"display_name":"Reda\u00e7\u00e3o","author_link":"https:\/\/sindaopcpb.org.br\/author\/redacao\/"},"featured_img":null,"coauthors":[],"tax_additional":{"categories":{"linked":["<a href=\"https:\/\/sindaopcpb.org.br\/g1\/\" class=\"advgb-post-tax-term\">G1<\/a>"],"unlinked":["<span class=\"advgb-post-tax-term\">G1<\/span>"]},"tags":{"linked":["<a href=\"https:\/\/sindaopcpb.org.br\/g1\/\" class=\"advgb-post-tax-term\">Destaque Centro 02<\/a>","<a href=\"https:\/\/sindaopcpb.org.br\/g1\/\" class=\"advgb-post-tax-term\">g1<\/a>","<a href=\"https:\/\/sindaopcpb.org.br\/g1\/\" class=\"advgb-post-tax-term\">Policial<\/a>"],"unlinked":["<span class=\"advgb-post-tax-term\">Destaque Centro 02<\/span>","<span class=\"advgb-post-tax-term\">g1<\/span>","<span class=\"advgb-post-tax-term\">Policial<\/span>"]}},"comment_count":"0","relative_dates":{"created":"Publicado 7 meses atr\u00e1s","modified":"Atualizado 7 meses atr\u00e1s"},"absolute_dates":{"created":"Publicado em 18 de outubro de 2025","modified":"Atualizado em 18 de outubro de 2025"},"absolute_dates_time":{"created":"Publicado em 18 de outubro de 2025 08:25","modified":"Atualizado em 18 de outubro de 2025 11:00"},"featured_img_caption":"","series_order":"","_links":{"self":[{"href":"https:\/\/sindaopcpb.org.br\/index.php\/wp-json\/wp\/v2\/posts\/61997","targetHints":{"allow":["GET"]}}],"collection":[{"href":"https:\/\/sindaopcpb.org.br\/index.php\/wp-json\/wp\/v2\/posts"}],"about":[{"href":"https:\/\/sindaopcpb.org.br\/index.php\/wp-json\/wp\/v2\/types\/post"}],"author":[{"embeddable":true,"href":"https:\/\/sindaopcpb.org.br\/index.php\/wp-json\/wp\/v2\/users\/123457"}],"replies":[{"embeddable":true,"href":"https:\/\/sindaopcpb.org.br\/index.php\/wp-json\/wp\/v2\/comments?post=61997"}],"version-history":[{"count":3,"href":"https:\/\/sindaopcpb.org.br\/index.php\/wp-json\/wp\/v2\/posts\/61997\/revisions"}],"predecessor-version":[{"id":62007,"href":"https:\/\/sindaopcpb.org.br\/index.php\/wp-json\/wp\/v2\/posts\/61997\/revisions\/62007"}],"wp:attachment":[{"href":"https:\/\/sindaopcpb.org.br\/index.php\/wp-json\/wp\/v2\/media?parent=61997"}],"wp:term":[{"taxonomy":"category","embeddable":true,"href":"https:\/\/sindaopcpb.org.br\/index.php\/wp-json\/wp\/v2\/categories?post=61997"},{"taxonomy":"post_tag","embeddable":true,"href":"https:\/\/sindaopcpb.org.br\/index.php\/wp-json\/wp\/v2\/tags?post=61997"}],"curies":[{"name":"wp","href":"https:\/\/api.w.org\/{rel}","templated":true}]}}