{"id":61993,"date":"2025-10-18T07:44:47","date_gmt":"2025-10-18T10:44:47","guid":{"rendered":"https:\/\/www.pbagora.com.br\/?p=922069"},"modified":"2025-10-18T07:44:47","modified_gmt":"2025-10-18T10:44:47","slug":"homem-com-mandado-de-prisao-e-executado-a-tiros-ao-deixar-filha-na-escola-em-santa-rita-suspeito-segue-foragido","status":"publish","type":"post","link":"https:\/\/sindaopcpb.org.br\/index.php\/2025\/10\/18\/homem-com-mandado-de-prisao-e-executado-a-tiros-ao-deixar-filha-na-escola-em-santa-rita-suspeito-segue-foragido\/","title":{"rendered":"Homem com mandado de pris\u00e3o \u00e9 executado a tiros ao deixar filha na escola, em Santa Rita; suspeito segue foragido"},"content":{"rendered":"<p><img width=\"377\" height=\"265\" src=\"https:\/\/www.pbagora.com.br\/storage\/2025\/10\/Captura-de-tela-2025-10-17-213355.png\" class=\"attachment-large size-large wp-post-image\" alt=\"\" style=\"margin-bottom: 20px;\" decoding=\"async\" srcset=\"https:\/\/www.pbagora.com.br\/storage\/2025\/10\/Captura-de-tela-2025-10-17-213355.png 377w, https:\/\/www.pbagora.com.br\/storage\/2025\/10\/Captura-de-tela-2025-10-17-213355-300x211.png 300w, https:\/\/www.pbagora.com.br\/storage\/2025\/10\/Captura-de-tela-2025-10-17-213355-150x105.png 150w, https:\/\/www.pbagora.com.br\/storage\/2025\/10\/Captura-de-tela-2025-10-17-213355-80x56.png 80w\" sizes=\"(max-width: 377px) 100vw, 377px\" \/><\/p>\n<p>Um homem identificado como Jean, de 35 anos, foi executado a tiros na manh\u00e3 de ontem, sexta-feira (17), no momento em que deixava a filha de 10 anos na porta de uma escola no bairro de Tibiri II, em Santa Rita, na Grande Jo\u00e3o Pessoa.<\/p>\n\n\n\n<p>Imagens de c\u00e2meras de seguran\u00e7a mostram o momento em que dois suspeitos se aproximam e disparam diversas vezes contra a v\u00edtima, que estava em cima de uma moto com a filha na garupa. Mesmo com a crian\u00e7a presente, os criminosos agiram com frieza. Jean foi atingido por pelo menos sete disparos e morreu no local. A filha n\u00e3o foi atingida.<\/p>\n\n\n\n<p>Nas imagens, um carro vermelho aparece parado pr\u00f3ximo \u00e0 escola. Assim que Jean estaciona a moto, dois homens descem do ve\u00edculo e iniciam os disparos. A crian\u00e7a cai junto com o pai, mas consegue se levantar e corre em dire\u00e7\u00e3o \u00e0 escola.<\/p>\n\n\n\n<p>De acordo com o delegado Ivaney Ferreira, respons\u00e1vel pelo caso, Jean tinha um mandado de pris\u00e3o em aberto por homic\u00eddio cometido em outra cidade da Para\u00edba. As investiga\u00e7\u00f5es apontam que al\u00e9m dos dois atiradores, um terceiro envolvido deu suporte \u00e0 a\u00e7\u00e3o, dirigindo o carro usado na fuga.<\/p>\n\n\n\n<p>Nenhum suspeito foi preso at\u00e9 o momento e a motiva\u00e7\u00e3o ainda est\u00e1 sendo apurada.<\/p>\n\n\n\n<p>O col\u00e9gio onde a filha da v\u00edtima estuda emitiu nota lamentando o ocorrido e informou a suspens\u00e3o das aulas nesta sexta-feira por conta do trauma vivenciado pelos alunos e funcion\u00e1rios.<\/p>\n\n\n\n<p><\/p>\n\n\n\n<p><\/p>\n\n\n\n<p><\/p>\n\n\n\n<p><\/p>\n","protected":false},"excerpt":{"rendered":"<p><img loading=\"lazy\" decoding=\"async\" width=\"377\" height=\"265\" src=\"https:\/\/www.pbagora.com.br\/storage\/2025\/10\/Captura-de-tela-2025-10-17-213355.png\" class=\"attachment-large size-large wp-post-image\" alt=\"\" srcset=\"https:\/\/www.pbagora.com.br\/storage\/2025\/10\/Captura-de-tela-2025-10-17-213355.png 377w, https:\/\/www.pbagora.com.br\/storage\/2025\/10\/Captura-de-tela-2025-10-17-213355-300x211.png 300w, https:\/\/www.pbagora.com.br\/storage\/2025\/10\/Captura-de-tela-2025-10-17-213355-150x105.png 150w, https:\/\/www.pbagora.com.br\/storage\/2025\/10\/Captura-de-tela-2025-10-17-213355-80x56.png 80w\" sizes=\"auto, (max-width: 377px) 100vw, 377px\"><\/p>\n<p>Um homem identificado como Jean, de 35 anos, foi executado a tiros na manh\u00e3 de ontem, sexta-feira (17),\u2026<\/p>\n","protected":false},"author":123457,"featured_media":0,"comment_status":"closed","ping_status":"closed","sticky":false,"template":"","format":"standard","meta":{"advgb_blocks_editor_width":"","advgb_blocks_columns_visual_guide":"","footnotes":""},"categories":[34],"tags":[10840,35,10839],"class_list":["post-61993","post","type-post","status-publish","format-standard","hentry","category-g1","tag-destaque-centro-03","tag-g1","tag-policial"],"author_meta":{"display_name":"Reda\u00e7\u00e3o","author_link":"https:\/\/sindaopcpb.org.br\/author\/redacao\/"},"featured_img":null,"coauthors":[],"tax_additional":{"categories":{"linked":["<a href=\"https:\/\/sindaopcpb.org.br\/g1\/\" class=\"advgb-post-tax-term\">G1<\/a>"],"unlinked":["<span class=\"advgb-post-tax-term\">G1<\/span>"]},"tags":{"linked":["<a href=\"https:\/\/sindaopcpb.org.br\/g1\/\" class=\"advgb-post-tax-term\">Destaque Centro 03<\/a>","<a href=\"https:\/\/sindaopcpb.org.br\/g1\/\" class=\"advgb-post-tax-term\">g1<\/a>","<a href=\"https:\/\/sindaopcpb.org.br\/g1\/\" class=\"advgb-post-tax-term\">Policial<\/a>"],"unlinked":["<span class=\"advgb-post-tax-term\">Destaque Centro 03<\/span>","<span class=\"advgb-post-tax-term\">g1<\/span>","<span class=\"advgb-post-tax-term\">Policial<\/span>"]}},"comment_count":"0","relative_dates":{"created":"Publicado 7 meses atr\u00e1s","modified":"Atualizado 7 meses atr\u00e1s"},"absolute_dates":{"created":"Publicado em 18 de outubro de 2025","modified":"Atualizado em 18 de outubro de 2025"},"absolute_dates_time":{"created":"Publicado em 18 de outubro de 2025 07:44","modified":"Atualizado em 18 de outubro de 2025 07:44"},"featured_img_caption":"","series_order":"","_links":{"self":[{"href":"https:\/\/sindaopcpb.org.br\/index.php\/wp-json\/wp\/v2\/posts\/61993","targetHints":{"allow":["GET"]}}],"collection":[{"href":"https:\/\/sindaopcpb.org.br\/index.php\/wp-json\/wp\/v2\/posts"}],"about":[{"href":"https:\/\/sindaopcpb.org.br\/index.php\/wp-json\/wp\/v2\/types\/post"}],"author":[{"embeddable":true,"href":"https:\/\/sindaopcpb.org.br\/index.php\/wp-json\/wp\/v2\/users\/123457"}],"replies":[{"embeddable":true,"href":"https:\/\/sindaopcpb.org.br\/index.php\/wp-json\/wp\/v2\/comments?post=61993"}],"version-history":[{"count":3,"href":"https:\/\/sindaopcpb.org.br\/index.php\/wp-json\/wp\/v2\/posts\/61993\/revisions"}],"predecessor-version":[{"id":62006,"href":"https:\/\/sindaopcpb.org.br\/index.php\/wp-json\/wp\/v2\/posts\/61993\/revisions\/62006"}],"wp:attachment":[{"href":"https:\/\/sindaopcpb.org.br\/index.php\/wp-json\/wp\/v2\/media?parent=61993"}],"wp:term":[{"taxonomy":"category","embeddable":true,"href":"https:\/\/sindaopcpb.org.br\/index.php\/wp-json\/wp\/v2\/categories?post=61993"},{"taxonomy":"post_tag","embeddable":true,"href":"https:\/\/sindaopcpb.org.br\/index.php\/wp-json\/wp\/v2\/tags?post=61993"}],"curies":[{"name":"wp","href":"https:\/\/api.w.org\/{rel}","templated":true}]}}