{"id":61987,"date":"2025-10-17T18:01:31","date_gmt":"2025-10-17T21:01:31","guid":{"rendered":"https:\/\/www.pbagora.com.br\/?p=922045"},"modified":"2025-10-17T19:30:31","modified_gmt":"2025-10-17T22:30:31","slug":"identificado-corpo-encontrado-em-mala-na-pb-policia-alcanca-90-na-localizacao-de-desaparecidos","status":"publish","type":"post","link":"https:\/\/sindaopcpb.org.br\/index.php\/2025\/10\/17\/identificado-corpo-encontrado-em-mala-na-pb-policia-alcanca-90-na-localizacao-de-desaparecidos\/","title":{"rendered":"Identificado corpo encontrado em mala na PB; pol\u00edcia alcan\u00e7a 90% na localiza\u00e7\u00e3o de desaparecidos"},"content":{"rendered":"<p><img width=\"394\" height=\"259\" src=\"https:\/\/www.pbagora.com.br\/storage\/2025\/10\/Captura-de-tela-2025-10-17-160304.png\" class=\"attachment-large size-large wp-post-image\" alt=\"\" style=\"margin-bottom: 20px;\" decoding=\"async\" srcset=\"https:\/\/www.pbagora.com.br\/storage\/2025\/10\/Captura-de-tela-2025-10-17-160304.png 394w, https:\/\/www.pbagora.com.br\/storage\/2025\/10\/Captura-de-tela-2025-10-17-160304-300x197.png 300w, https:\/\/www.pbagora.com.br\/storage\/2025\/10\/Captura-de-tela-2025-10-17-160304-150x99.png 150w, https:\/\/www.pbagora.com.br\/storage\/2025\/10\/Captura-de-tela-2025-10-17-160304-380x250.png 380w, https:\/\/www.pbagora.com.br\/storage\/2025\/10\/Captura-de-tela-2025-10-17-160304-80x53.png 80w\" sizes=\"(max-width: 394px) 100vw, 394px\" \/><\/p>\n<p>A Pol\u00edcia Civil da Para\u00edba j\u00e1 identificou quem \u00e9 a pessoa cujo corpo foi encontrado na mala de um carro, nessa quarta-feira, 15 de outubro, no bairro de Mangabeira, em Jo\u00e3o Pessoa. Familiares da v\u00edtima ser\u00e3o ouvidos pela Delegacia de Crimes contra a Pessoa (DCCPES) da capital, para a formaliza\u00e7\u00e3o de procedimentos policiais.<\/p>\n\n\n\n<p>As investiga\u00e7\u00f5es apontam que o homem encontrado havia sido assassinado e enterrado. Depois, seu corpo foi transportado em um ve\u00edculo, que foi abandonado no bairro de Mangabeira, em Jo\u00e3o Pessoa. A Pol\u00edcia Civil investiga o caso em toda a sua extens\u00e3o, para identificar e prender os envolvidos.<\/p>\n\n\n\n<p>90% de desempenho<\/p>\n\n\n\n<p>Antes de o corpo ter sido abandonado nesse carro, parentes da v\u00edtima j\u00e1 haviam informado \u00e0 Pol\u00edcia Civil o desaparecimento do homem, pois os casos de pessoas desaparecidas s\u00e3o investigados pelas pol\u00edcias civis nos estados.<\/p>\n\n\n\n<p>Na Para\u00edba, o \u00edndice de localiza\u00e7\u00e3o e identifica\u00e7\u00e3o de pessoas registradas como desaparecidas \u00e9 de 90%, estudo referente ao per\u00edodo de janeiro a setembro deste ano. O levantamento \u00e9 realizado diariamente pela Diretoria de Estat\u00edstica Criminal e An\u00e1lise de Dados (DIEST) da Delegacia-Geral.<\/p>\n\n\n\n<p><strong><em>Reda\u00e7\u00e3o<\/em><\/strong><\/p>\n","protected":false},"excerpt":{"rendered":"<p><img loading=\"lazy\" decoding=\"async\" width=\"394\" height=\"259\" src=\"https:\/\/www.pbagora.com.br\/storage\/2025\/10\/Captura-de-tela-2025-10-17-160304.png\" class=\"attachment-large size-large wp-post-image\" alt=\"\" srcset=\"https:\/\/www.pbagora.com.br\/storage\/2025\/10\/Captura-de-tela-2025-10-17-160304.png 394w, https:\/\/www.pbagora.com.br\/storage\/2025\/10\/Captura-de-tela-2025-10-17-160304-300x197.png 300w, https:\/\/www.pbagora.com.br\/storage\/2025\/10\/Captura-de-tela-2025-10-17-160304-150x99.png 150w, https:\/\/www.pbagora.com.br\/storage\/2025\/10\/Captura-de-tela-2025-10-17-160304-380x250.png 380w, https:\/\/www.pbagora.com.br\/storage\/2025\/10\/Captura-de-tela-2025-10-17-160304-80x53.png 80w\" sizes=\"auto, (max-width: 394px) 100vw, 394px\"><\/p>\n<p>A Pol\u00edcia Civil da Para\u00edba j\u00e1 identificou quem \u00e9 a pessoa cujo corpo foi encontrado na mala de\u2026<\/p>\n","protected":false},"author":123457,"featured_media":0,"comment_status":"closed","ping_status":"closed","sticky":false,"template":"","format":"standard","meta":{"advgb_blocks_editor_width":"","advgb_blocks_columns_visual_guide":"","footnotes":""},"categories":[34],"tags":[10852,35,10839],"class_list":["post-61987","post","type-post","status-publish","format-standard","hentry","category-g1","tag-destaque-final-01","tag-g1","tag-policial"],"author_meta":{"display_name":"Reda\u00e7\u00e3o","author_link":"https:\/\/sindaopcpb.org.br\/author\/redacao\/"},"featured_img":null,"coauthors":[],"tax_additional":{"categories":{"linked":["<a href=\"https:\/\/sindaopcpb.org.br\/g1\/\" class=\"advgb-post-tax-term\">G1<\/a>"],"unlinked":["<span class=\"advgb-post-tax-term\">G1<\/span>"]},"tags":{"linked":["<a href=\"https:\/\/sindaopcpb.org.br\/g1\/\" class=\"advgb-post-tax-term\">Destaque Final 01<\/a>","<a href=\"https:\/\/sindaopcpb.org.br\/g1\/\" class=\"advgb-post-tax-term\">g1<\/a>","<a href=\"https:\/\/sindaopcpb.org.br\/g1\/\" class=\"advgb-post-tax-term\">Policial<\/a>"],"unlinked":["<span class=\"advgb-post-tax-term\">Destaque Final 01<\/span>","<span class=\"advgb-post-tax-term\">g1<\/span>","<span class=\"advgb-post-tax-term\">Policial<\/span>"]}},"comment_count":"0","relative_dates":{"created":"Publicado 7 meses atr\u00e1s","modified":"Atualizado 7 meses atr\u00e1s"},"absolute_dates":{"created":"Publicado em 17 de outubro de 2025","modified":"Atualizado em 17 de outubro de 2025"},"absolute_dates_time":{"created":"Publicado em 17 de outubro de 2025 18:01","modified":"Atualizado em 17 de outubro de 2025 19:30"},"featured_img_caption":"","series_order":"","_links":{"self":[{"href":"https:\/\/sindaopcpb.org.br\/index.php\/wp-json\/wp\/v2\/posts\/61987","targetHints":{"allow":["GET"]}}],"collection":[{"href":"https:\/\/sindaopcpb.org.br\/index.php\/wp-json\/wp\/v2\/posts"}],"about":[{"href":"https:\/\/sindaopcpb.org.br\/index.php\/wp-json\/wp\/v2\/types\/post"}],"author":[{"embeddable":true,"href":"https:\/\/sindaopcpb.org.br\/index.php\/wp-json\/wp\/v2\/users\/123457"}],"replies":[{"embeddable":true,"href":"https:\/\/sindaopcpb.org.br\/index.php\/wp-json\/wp\/v2\/comments?post=61987"}],"version-history":[{"count":5,"href":"https:\/\/sindaopcpb.org.br\/index.php\/wp-json\/wp\/v2\/posts\/61987\/revisions"}],"predecessor-version":[{"id":62000,"href":"https:\/\/sindaopcpb.org.br\/index.php\/wp-json\/wp\/v2\/posts\/61987\/revisions\/62000"}],"wp:attachment":[{"href":"https:\/\/sindaopcpb.org.br\/index.php\/wp-json\/wp\/v2\/media?parent=61987"}],"wp:term":[{"taxonomy":"category","embeddable":true,"href":"https:\/\/sindaopcpb.org.br\/index.php\/wp-json\/wp\/v2\/categories?post=61987"},{"taxonomy":"post_tag","embeddable":true,"href":"https:\/\/sindaopcpb.org.br\/index.php\/wp-json\/wp\/v2\/tags?post=61987"}],"curies":[{"name":"wp","href":"https:\/\/api.w.org\/{rel}","templated":true}]}}