{"id":61968,"date":"2025-10-17T11:22:12","date_gmt":"2025-10-17T14:22:12","guid":{"rendered":"https:\/\/www.pbagora.com.br\/?p=921971"},"modified":"2025-10-17T11:22:12","modified_gmt":"2025-10-17T14:22:12","slug":"homem-e-preso-por-tentativa-de-feminicidio-contra-idosa-com-deficiencia-visual-na-pb","status":"publish","type":"post","link":"https:\/\/sindaopcpb.org.br\/index.php\/2025\/10\/17\/homem-e-preso-por-tentativa-de-feminicidio-contra-idosa-com-deficiencia-visual-na-pb\/","title":{"rendered":"Homem \u00e9 preso por tentativa de feminic\u00eddio contra idosa com defici\u00eancia visual, na PB"},"content":{"rendered":"<p><img width=\"400\" height=\"447\" src=\"https:\/\/www.pbagora.com.br\/storage\/2025\/10\/image-142.png\" class=\"attachment-large size-large wp-post-image\" alt=\"\" style=\"margin-bottom: 20px;\" decoding=\"async\" srcset=\"https:\/\/www.pbagora.com.br\/storage\/2025\/10\/image-142.png 400w, https:\/\/www.pbagora.com.br\/storage\/2025\/10\/image-142-268x300.png 268w, https:\/\/www.pbagora.com.br\/storage\/2025\/10\/image-142-134x150.png 134w, https:\/\/www.pbagora.com.br\/storage\/2025\/10\/image-142-380x425.png 380w, https:\/\/www.pbagora.com.br\/storage\/2025\/10\/image-142-80x89.png 80w, https:\/\/www.pbagora.com.br\/storage\/2025\/10\/image-142-72x80.png 72w\" sizes=\"(max-width: 400px) 100vw, 400px\" \/><\/p>\n<p>A Pol\u00edcia Civil da Para\u00edba, por meio de uma a\u00e7\u00e3o r\u00e1pida do Grupo T\u00e1tico Especial (GTE) da 12\u00aa Delegacia Seccional de Pol\u00edcia Civil (DSPC), prendeu em flagrante nessa quinta-feira (16), um homem suspeito de agredir e tentar matar a pr\u00f3pria companheira. A v\u00edtima, de 66 anos, tem defici\u00eancia visual em decorr\u00eancia de glaucoma, estando em situa\u00e7\u00e3o de alta vulnerabilidade.<\/p>\n\n\n\n<p>O caso veio \u00e0 tona ap\u00f3s a assist\u00eancia social do Hospital de Trauma de Campina Grande informar que a v\u00edtima havia sido socorrida na noite da \u00faltima quarta-feira (15), inicialmente sob a suspeita de atentar contra a pr\u00f3pria vida. No entanto, durante o atendimento, a v\u00edtima relatou que a suposta agress\u00e3o n\u00e3o partiu de si mesma, mas que foi perseguida pelo companheiro armado com uma espingarda. Em desespero, ela acabou caindo e sofrendo graves les\u00f5es, e afirmou que, mesmo ca\u00edda, foi agredida com socos.<\/p>\n\n\n\n<p>A equipe do GTE foi acionada ap\u00f3s o suspeito retornar ao hospital durante a madrugada, onde perturbou a v\u00edtima e destratou servidores da unidade. Diante da gravidade da situa\u00e7\u00e3o, os investigadores montaram campana nas depend\u00eancias do hospital. No momento em que o suspeito reapareceu, foi dada a voz de pris\u00e3o em flagrante.<\/p>\n\n\n\n<p>Na resid\u00eancia do investigado, os policiais apreenderam a espingarda utilizada para amea\u00e7ar a v\u00edtima e um aparelho el\u00e9trico usado para aplicar choques durante as agress\u00f5es. A v\u00edtima relatou que sofria viol\u00eancia f\u00edsica e psicol\u00f3gica h\u00e1 anos, mas que nunca havia denunciado o companheiro devido \u00e0 sua condi\u00e7\u00e3o de vulnerabilidade e medo constante.<\/p>\n\n\n\n<p>O homem foi conduzido \u00e0 Delegacia de Pol\u00edcia Civil e autuado em flagrante pelos crimes de viol\u00eancia dom\u00e9stica, amea\u00e7a e tentativa de feminic\u00eddio, permanecendo \u00e0 disposi\u00e7\u00e3o da Justi\u00e7a. O caso segue sob investiga\u00e7\u00e3o da 12\u00aa DSPC de Esperan\u00e7a\/PB, que refor\u00e7a o compromisso de combater a viol\u00eancia contra a mulher e proteger v\u00edtimas em situa\u00e7\u00e3o de risco.<\/p>\n\n\n\n<p><strong><em>PB Agora<\/em><\/strong><\/p>\n","protected":false},"excerpt":{"rendered":"<p><img loading=\"lazy\" decoding=\"async\" width=\"400\" height=\"447\" src=\"https:\/\/www.pbagora.com.br\/storage\/2025\/10\/image-142.png\" class=\"attachment-large size-large wp-post-image\" alt=\"\" srcset=\"https:\/\/www.pbagora.com.br\/storage\/2025\/10\/image-142.png 400w, https:\/\/www.pbagora.com.br\/storage\/2025\/10\/image-142-268x300.png 268w, https:\/\/www.pbagora.com.br\/storage\/2025\/10\/image-142-134x150.png 134w, https:\/\/www.pbagora.com.br\/storage\/2025\/10\/image-142-380x425.png 380w, https:\/\/www.pbagora.com.br\/storage\/2025\/10\/image-142-80x89.png 80w, https:\/\/www.pbagora.com.br\/storage\/2025\/10\/image-142-72x80.png 72w\" sizes=\"auto, (max-width: 400px) 100vw, 400px\"><\/p>\n<p>A Pol\u00edcia Civil da Para\u00edba, por meio de uma a\u00e7\u00e3o r\u00e1pida do Grupo T\u00e1tico Especial (GTE) da 12\u00aa\u2026<\/p>\n","protected":false},"author":123457,"featured_media":0,"comment_status":"closed","ping_status":"closed","sticky":false,"template":"","format":"standard","meta":{"advgb_blocks_editor_width":"","advgb_blocks_columns_visual_guide":"","footnotes":""},"categories":[34],"tags":[10840,35,10839],"class_list":["post-61968","post","type-post","status-publish","format-standard","hentry","category-g1","tag-destaque-centro-03","tag-g1","tag-policial"],"author_meta":{"display_name":"Reda\u00e7\u00e3o","author_link":"https:\/\/sindaopcpb.org.br\/author\/redacao\/"},"featured_img":null,"coauthors":[],"tax_additional":{"categories":{"linked":["<a href=\"https:\/\/sindaopcpb.org.br\/g1\/\" class=\"advgb-post-tax-term\">G1<\/a>"],"unlinked":["<span class=\"advgb-post-tax-term\">G1<\/span>"]},"tags":{"linked":["<a href=\"https:\/\/sindaopcpb.org.br\/g1\/\" class=\"advgb-post-tax-term\">Destaque Centro 03<\/a>","<a href=\"https:\/\/sindaopcpb.org.br\/g1\/\" class=\"advgb-post-tax-term\">g1<\/a>","<a href=\"https:\/\/sindaopcpb.org.br\/g1\/\" class=\"advgb-post-tax-term\">Policial<\/a>"],"unlinked":["<span class=\"advgb-post-tax-term\">Destaque Centro 03<\/span>","<span class=\"advgb-post-tax-term\">g1<\/span>","<span class=\"advgb-post-tax-term\">Policial<\/span>"]}},"comment_count":"0","relative_dates":{"created":"Publicado 7 meses atr\u00e1s","modified":"Atualizado 7 meses atr\u00e1s"},"absolute_dates":{"created":"Publicado em 17 de outubro de 2025","modified":"Atualizado em 17 de outubro de 2025"},"absolute_dates_time":{"created":"Publicado em 17 de outubro de 2025 11:22","modified":"Atualizado em 17 de outubro de 2025 11:22"},"featured_img_caption":"","series_order":"","_links":{"self":[{"href":"https:\/\/sindaopcpb.org.br\/index.php\/wp-json\/wp\/v2\/posts\/61968","targetHints":{"allow":["GET"]}}],"collection":[{"href":"https:\/\/sindaopcpb.org.br\/index.php\/wp-json\/wp\/v2\/posts"}],"about":[{"href":"https:\/\/sindaopcpb.org.br\/index.php\/wp-json\/wp\/v2\/types\/post"}],"author":[{"embeddable":true,"href":"https:\/\/sindaopcpb.org.br\/index.php\/wp-json\/wp\/v2\/users\/123457"}],"replies":[{"embeddable":true,"href":"https:\/\/sindaopcpb.org.br\/index.php\/wp-json\/wp\/v2\/comments?post=61968"}],"version-history":[{"count":3,"href":"https:\/\/sindaopcpb.org.br\/index.php\/wp-json\/wp\/v2\/posts\/61968\/revisions"}],"predecessor-version":[{"id":61982,"href":"https:\/\/sindaopcpb.org.br\/index.php\/wp-json\/wp\/v2\/posts\/61968\/revisions\/61982"}],"wp:attachment":[{"href":"https:\/\/sindaopcpb.org.br\/index.php\/wp-json\/wp\/v2\/media?parent=61968"}],"wp:term":[{"taxonomy":"category","embeddable":true,"href":"https:\/\/sindaopcpb.org.br\/index.php\/wp-json\/wp\/v2\/categories?post=61968"},{"taxonomy":"post_tag","embeddable":true,"href":"https:\/\/sindaopcpb.org.br\/index.php\/wp-json\/wp\/v2\/tags?post=61968"}],"curies":[{"name":"wp","href":"https:\/\/api.w.org\/{rel}","templated":true}]}}