{"id":61955,"date":"2025-10-17T05:54:53","date_gmt":"2025-10-17T08:54:53","guid":{"rendered":"https:\/\/www.pbagora.com.br\/?p=921908"},"modified":"2025-10-17T09:54:53","modified_gmt":"2025-10-17T12:54:53","slug":"acidente-na-br-230-proximo-a-santa-rita-deixa-pedestre-e-motociclista-feridos","status":"publish","type":"post","link":"https:\/\/sindaopcpb.org.br\/index.php\/2025\/10\/17\/acidente-na-br-230-proximo-a-santa-rita-deixa-pedestre-e-motociclista-feridos\/","title":{"rendered":"Acidente na BR-230 pr\u00f3ximo a Santa Rita deixa pedestre e motociclista feridos"},"content":{"rendered":"<p><img width=\"768\" height=\"576\" src=\"https:\/\/www.pbagora.com.br\/storage\/2025\/10\/foto-banco-de-dados-do-hospital.jpeg\" class=\"attachment-large size-large wp-post-image\" alt=\"\" style=\"margin-bottom: 20px;\" decoding=\"async\" srcset=\"https:\/\/www.pbagora.com.br\/storage\/2025\/10\/foto-banco-de-dados-do-hospital.jpeg 768w, https:\/\/www.pbagora.com.br\/storage\/2025\/10\/foto-banco-de-dados-do-hospital-300x225.jpeg 300w, https:\/\/www.pbagora.com.br\/storage\/2025\/10\/foto-banco-de-dados-do-hospital-150x113.jpeg 150w, https:\/\/www.pbagora.com.br\/storage\/2025\/10\/foto-banco-de-dados-do-hospital-200x150.jpeg 200w, https:\/\/www.pbagora.com.br\/storage\/2025\/10\/foto-banco-de-dados-do-hospital-260x195.jpeg 260w, https:\/\/www.pbagora.com.br\/storage\/2025\/10\/foto-banco-de-dados-do-hospital-380x285.jpeg 380w, https:\/\/www.pbagora.com.br\/storage\/2025\/10\/foto-banco-de-dados-do-hospital-80x60.jpeg 80w, https:\/\/www.pbagora.com.br\/storage\/2025\/10\/foto-banco-de-dados-do-hospital-600x450.jpeg 600w, https:\/\/www.pbagora.com.br\/storage\/2025\/10\/foto-banco-de-dados-do-hospital-520x390.jpeg 520w, https:\/\/www.pbagora.com.br\/storage\/2025\/10\/foto-banco-de-dados-do-hospital-760x570.jpeg 760w\" sizes=\"(max-width: 768px) 100vw, 768px\" \/><\/p>\n<p><\/p>\n\n\n\n<p>Uma colis\u00e3o grave aconteceu na noite de ontem (16) na BR-230, no trecho que atravessa Santa Rita, na Regi\u00e3o Metropolitana de Jo\u00e3o Pessoa. O acidente envolveu um motociclista e um pedestre que tentava atravessar a rodovia.<\/p>\n\n\n\n<p>De acordo com o sargento Leomax, que prestou atendimento no local, as v\u00edtimas foram socorridas imediatamente: \u201cFomos acionados via CCC para um acidente de motocicleta com duas v\u00edtimas. Ao chegarmos, encontramos uma delas deitada de costas, com trauma na face e sangramento intenso nas vias respirat\u00f3rias. Realizamos a estabiliza\u00e7\u00e3o e a aspira\u00e7\u00e3o at\u00e9 a chegada da equipe do Hospital de Trauma. Felizmente, conseguimos lev\u00e1-la consciente. Pelo que verificamos, n\u00e3o havia fraturas no corpo, apenas les\u00f5es na face, mas o caso seguiu sob os cuidados m\u00e9dicos\u201d, relatou o sargento.<\/p>\n\n\n\n<p>O motociclista tamb\u00e9m recebeu atendimento no local e foi encaminhado para avalia\u00e7\u00e3o. At\u00e9 o momento, n\u00e3o h\u00e1 informa\u00e7\u00f5es sobre o estado de sa\u00fade de ambos. A Pol\u00edcia Rodovi\u00e1ria Federal esteve no local para organizar o tr\u00e2nsito e investigar as causas do acidente. Moradores da regi\u00e3o chegaram a mencionar que a travessia irregular de pedestres nessa parte da BR-230 \u00e9 constante.<\/p>\n\n\n\n<p>Reda\u00e7\u00e3o<\/p>\n","protected":false},"excerpt":{"rendered":"<p><img loading=\"lazy\" decoding=\"async\" width=\"768\" height=\"576\" src=\"https:\/\/www.pbagora.com.br\/storage\/2025\/10\/foto-banco-de-dados-do-hospital.jpeg\" class=\"attachment-large size-large wp-post-image\" alt=\"\" srcset=\"https:\/\/www.pbagora.com.br\/storage\/2025\/10\/foto-banco-de-dados-do-hospital.jpeg 768w, https:\/\/www.pbagora.com.br\/storage\/2025\/10\/foto-banco-de-dados-do-hospital-300x225.jpeg 300w, https:\/\/www.pbagora.com.br\/storage\/2025\/10\/foto-banco-de-dados-do-hospital-150x113.jpeg 150w, https:\/\/www.pbagora.com.br\/storage\/2025\/10\/foto-banco-de-dados-do-hospital-200x150.jpeg 200w, https:\/\/www.pbagora.com.br\/storage\/2025\/10\/foto-banco-de-dados-do-hospital-260x195.jpeg 260w, https:\/\/www.pbagora.com.br\/storage\/2025\/10\/foto-banco-de-dados-do-hospital-380x285.jpeg 380w, https:\/\/www.pbagora.com.br\/storage\/2025\/10\/foto-banco-de-dados-do-hospital-80x60.jpeg 80w, https:\/\/www.pbagora.com.br\/storage\/2025\/10\/foto-banco-de-dados-do-hospital-600x450.jpeg 600w, https:\/\/www.pbagora.com.br\/storage\/2025\/10\/foto-banco-de-dados-do-hospital-520x390.jpeg 520w, https:\/\/www.pbagora.com.br\/storage\/2025\/10\/foto-banco-de-dados-do-hospital-760x570.jpeg 760w\" sizes=\"auto, (max-width: 768px) 100vw, 768px\"><\/p>\n<p>Uma colis\u00e3o grave aconteceu na noite de ontem (16) na BR-230, no trecho que atravessa Santa Rita, na\u2026<\/p>\n","protected":false},"author":123457,"featured_media":0,"comment_status":"closed","ping_status":"closed","sticky":false,"template":"","format":"standard","meta":{"advgb_blocks_editor_width":"","advgb_blocks_columns_visual_guide":"","footnotes":""},"categories":[34],"tags":[35,10839,10846],"class_list":["post-61955","post","type-post","status-publish","format-standard","hentry","category-g1","tag-g1","tag-policial","tag-rodape-02"],"author_meta":{"display_name":"Reda\u00e7\u00e3o","author_link":"https:\/\/sindaopcpb.org.br\/author\/redacao\/"},"featured_img":null,"coauthors":[],"tax_additional":{"categories":{"linked":["<a href=\"https:\/\/sindaopcpb.org.br\/g1\/\" class=\"advgb-post-tax-term\">G1<\/a>"],"unlinked":["<span class=\"advgb-post-tax-term\">G1<\/span>"]},"tags":{"linked":["<a href=\"https:\/\/sindaopcpb.org.br\/g1\/\" class=\"advgb-post-tax-term\">g1<\/a>","<a href=\"https:\/\/sindaopcpb.org.br\/g1\/\" class=\"advgb-post-tax-term\">Policial<\/a>","<a href=\"https:\/\/sindaopcpb.org.br\/g1\/\" class=\"advgb-post-tax-term\">Rodape 02<\/a>"],"unlinked":["<span class=\"advgb-post-tax-term\">g1<\/span>","<span class=\"advgb-post-tax-term\">Policial<\/span>","<span class=\"advgb-post-tax-term\">Rodape 02<\/span>"]}},"comment_count":"0","relative_dates":{"created":"Publicado 7 meses atr\u00e1s","modified":"Atualizado 7 meses atr\u00e1s"},"absolute_dates":{"created":"Publicado em 17 de outubro de 2025","modified":"Atualizado em 17 de outubro de 2025"},"absolute_dates_time":{"created":"Publicado em 17 de outubro de 2025 05:54","modified":"Atualizado em 17 de outubro de 2025 09:54"},"featured_img_caption":"","series_order":"","_links":{"self":[{"href":"https:\/\/sindaopcpb.org.br\/index.php\/wp-json\/wp\/v2\/posts\/61955","targetHints":{"allow":["GET"]}}],"collection":[{"href":"https:\/\/sindaopcpb.org.br\/index.php\/wp-json\/wp\/v2\/posts"}],"about":[{"href":"https:\/\/sindaopcpb.org.br\/index.php\/wp-json\/wp\/v2\/types\/post"}],"author":[{"embeddable":true,"href":"https:\/\/sindaopcpb.org.br\/index.php\/wp-json\/wp\/v2\/users\/123457"}],"replies":[{"embeddable":true,"href":"https:\/\/sindaopcpb.org.br\/index.php\/wp-json\/wp\/v2\/comments?post=61955"}],"version-history":[{"count":3,"href":"https:\/\/sindaopcpb.org.br\/index.php\/wp-json\/wp\/v2\/posts\/61955\/revisions"}],"predecessor-version":[{"id":61973,"href":"https:\/\/sindaopcpb.org.br\/index.php\/wp-json\/wp\/v2\/posts\/61955\/revisions\/61973"}],"wp:attachment":[{"href":"https:\/\/sindaopcpb.org.br\/index.php\/wp-json\/wp\/v2\/media?parent=61955"}],"wp:term":[{"taxonomy":"category","embeddable":true,"href":"https:\/\/sindaopcpb.org.br\/index.php\/wp-json\/wp\/v2\/categories?post=61955"},{"taxonomy":"post_tag","embeddable":true,"href":"https:\/\/sindaopcpb.org.br\/index.php\/wp-json\/wp\/v2\/tags?post=61955"}],"curies":[{"name":"wp","href":"https:\/\/api.w.org\/{rel}","templated":true}]}}