{"id":61949,"date":"2025-10-17T05:46:14","date_gmt":"2025-10-17T08:46:14","guid":{"rendered":"https:\/\/www.pbagora.com.br\/?p=921905"},"modified":"2025-10-17T09:46:14","modified_gmt":"2025-10-17T12:46:14","slug":"vereador-preso-sofre-crise-de-claustrofobia-e-machuca-o-ombro-parlamentar-foi-levado-ao-trauma","status":"publish","type":"post","link":"https:\/\/sindaopcpb.org.br\/index.php\/2025\/10\/17\/vereador-preso-sofre-crise-de-claustrofobia-e-machuca-o-ombro-parlamentar-foi-levado-ao-trauma\/","title":{"rendered":"Vereador preso sofre crise de claustrofobia e machuca o ombro; parlamentar foi levado ao Trauma"},"content":{"rendered":"<p><img width=\"486\" height=\"367\" src=\"https:\/\/www.pbagora.com.br\/storage\/2025\/10\/image-138.png\" class=\"attachment-large size-large wp-post-image\" alt=\"\" style=\"margin-bottom: 20px;\" decoding=\"async\" loading=\"lazy\" srcset=\"https:\/\/www.pbagora.com.br\/storage\/2025\/10\/image-138.png 486w, https:\/\/www.pbagora.com.br\/storage\/2025\/10\/image-138-300x227.png 300w, https:\/\/www.pbagora.com.br\/storage\/2025\/10\/image-138-150x113.png 150w, https:\/\/www.pbagora.com.br\/storage\/2025\/10\/image-138-200x150.png 200w, https:\/\/www.pbagora.com.br\/storage\/2025\/10\/image-138-260x195.png 260w, https:\/\/www.pbagora.com.br\/storage\/2025\/10\/image-138-380x287.png 380w, https:\/\/www.pbagora.com.br\/storage\/2025\/10\/image-138-80x60.png 80w\" sizes=\"auto, (max-width: 486px) 100vw, 486px\" \/><\/p>\n<p><\/p>\n\n\n\n<p>O vereador Wagner de Beb\u00e9 (PSD), de Santa Rita, na Grande Jo\u00e3o Pessoa, preso ontem (16), passou por uma crise de claustrofobia e acabou com o ombro deslocado enquanto estava na carceragem da Pol\u00edcia Civil. De acordo com o Samu, ele se chocou contra a parede da cela devido \u00e0 ansiedade provocada pelo espa\u00e7o fechado. Devido \u00e0 isso, foi levado ao Hospital de Trauma de Jo\u00e3o Pessoa para atendimento.<\/p>\n\n\n\n<p>Entenda o caso \u2013 no ve\u00edculo da esposa do parlamentar, a pol\u00edcia encontrou duas armas de fogo, 60 muni\u00e7\u00f5es e aparelhos eletr\u00f4nicos, que v\u00e3o passar por per\u00edcia para checar se tiveram rela\u00e7\u00e3o com o homic\u00eddio de Luis Felipe, de 20 anos, na segunda-feira (13). A v\u00edtima tamb\u00e9m havia sofrido uma tentativa de assassinato no domingo (12).<\/p>\n\n\n\n<p>O delegado Cristiano Santana disse que Wagner \u00e9 suspeito de envolvimento nos dois casos, mas detalhes ainda n\u00e3o foram divulgados para n\u00e3o atrapalhar as investiga\u00e7\u00f5es. Uma das armas foi reconhecida pelo parlamentar, a outra n\u00e3o, e ele n\u00e3o tinha autoriza\u00e7\u00e3o legal para portar armas.<\/p>\n\n\n\n<p>O vereador cumpre pris\u00e3o tempor\u00e1ria de at\u00e9 30 dias e teve busca e apreens\u00e3o realizada em seu gabinete. Wagner \u00e9 atualmente o 2\u00ba vice-presidente da C\u00e2mara de Santa Rita. Ele tamb\u00e9m responde a outro processo por tentativa de homic\u00eddio em 2016, antes de assumir o mandato. O julgamento deste caso est\u00e1 marcado para 12 de novembro de 2025.<\/p>\n\n\n\n<p>Reda\u00e7\u00e3o<\/p>\n","protected":false},"excerpt":{"rendered":"<p><img decoding=\"async\" width=\"486\" height=\"367\" src=\"https:\/\/www.pbagora.com.br\/storage\/2025\/10\/image-138.png\" class=\"attachment-large size-large wp-post-image\" alt=\"\" loading=\"lazy\" srcset=\"https:\/\/www.pbagora.com.br\/storage\/2025\/10\/image-138.png 486w, https:\/\/www.pbagora.com.br\/storage\/2025\/10\/image-138-300x227.png 300w, https:\/\/www.pbagora.com.br\/storage\/2025\/10\/image-138-150x113.png 150w, https:\/\/www.pbagora.com.br\/storage\/2025\/10\/image-138-200x150.png 200w, https:\/\/www.pbagora.com.br\/storage\/2025\/10\/image-138-260x195.png 260w, https:\/\/www.pbagora.com.br\/storage\/2025\/10\/image-138-380x287.png 380w, https:\/\/www.pbagora.com.br\/storage\/2025\/10\/image-138-80x60.png 80w\" sizes=\"auto, (max-width: 486px) 100vw, 486px\"><\/p>\n<p>O vereador Wagner de Beb\u00e9 (PSD), de Santa Rita, na Grande Jo\u00e3o Pessoa, preso ontem (16), passou por\u2026<\/p>\n","protected":false},"author":123457,"featured_media":0,"comment_status":"closed","ping_status":"closed","sticky":false,"template":"","format":"standard","meta":{"advgb_blocks_editor_width":"","advgb_blocks_columns_visual_guide":"","footnotes":""},"categories":[34],"tags":[35,10839,10850],"class_list":["post-61949","post","type-post","status-publish","format-standard","hentry","category-g1","tag-g1","tag-policial","tag-voceviu"],"author_meta":{"display_name":"Reda\u00e7\u00e3o","author_link":"https:\/\/sindaopcpb.org.br\/author\/redacao\/"},"featured_img":null,"coauthors":[],"tax_additional":{"categories":{"linked":["<a href=\"https:\/\/sindaopcpb.org.br\/g1\/\" class=\"advgb-post-tax-term\">G1<\/a>"],"unlinked":["<span class=\"advgb-post-tax-term\">G1<\/span>"]},"tags":{"linked":["<a href=\"https:\/\/sindaopcpb.org.br\/g1\/\" class=\"advgb-post-tax-term\">g1<\/a>","<a href=\"https:\/\/sindaopcpb.org.br\/g1\/\" class=\"advgb-post-tax-term\">Policial<\/a>","<a href=\"https:\/\/sindaopcpb.org.br\/g1\/\" class=\"advgb-post-tax-term\">Voceviu?<\/a>"],"unlinked":["<span class=\"advgb-post-tax-term\">g1<\/span>","<span class=\"advgb-post-tax-term\">Policial<\/span>","<span class=\"advgb-post-tax-term\">Voceviu?<\/span>"]}},"comment_count":"0","relative_dates":{"created":"Publicado 7 meses atr\u00e1s","modified":"Atualizado 7 meses atr\u00e1s"},"absolute_dates":{"created":"Publicado em 17 de outubro de 2025","modified":"Atualizado em 17 de outubro de 2025"},"absolute_dates_time":{"created":"Publicado em 17 de outubro de 2025 05:46","modified":"Atualizado em 17 de outubro de 2025 09:46"},"featured_img_caption":"","series_order":"","_links":{"self":[{"href":"https:\/\/sindaopcpb.org.br\/index.php\/wp-json\/wp\/v2\/posts\/61949","targetHints":{"allow":["GET"]}}],"collection":[{"href":"https:\/\/sindaopcpb.org.br\/index.php\/wp-json\/wp\/v2\/posts"}],"about":[{"href":"https:\/\/sindaopcpb.org.br\/index.php\/wp-json\/wp\/v2\/types\/post"}],"author":[{"embeddable":true,"href":"https:\/\/sindaopcpb.org.br\/index.php\/wp-json\/wp\/v2\/users\/123457"}],"replies":[{"embeddable":true,"href":"https:\/\/sindaopcpb.org.br\/index.php\/wp-json\/wp\/v2\/comments?post=61949"}],"version-history":[{"count":3,"href":"https:\/\/sindaopcpb.org.br\/index.php\/wp-json\/wp\/v2\/posts\/61949\/revisions"}],"predecessor-version":[{"id":61964,"href":"https:\/\/sindaopcpb.org.br\/index.php\/wp-json\/wp\/v2\/posts\/61949\/revisions\/61964"}],"wp:attachment":[{"href":"https:\/\/sindaopcpb.org.br\/index.php\/wp-json\/wp\/v2\/media?parent=61949"}],"wp:term":[{"taxonomy":"category","embeddable":true,"href":"https:\/\/sindaopcpb.org.br\/index.php\/wp-json\/wp\/v2\/categories?post=61949"},{"taxonomy":"post_tag","embeddable":true,"href":"https:\/\/sindaopcpb.org.br\/index.php\/wp-json\/wp\/v2\/tags?post=61949"}],"curies":[{"name":"wp","href":"https:\/\/api.w.org\/{rel}","templated":true}]}}