{"id":61945,"date":"2025-10-16T17:07:42","date_gmt":"2025-10-16T20:07:42","guid":{"rendered":"https:\/\/www.pbagora.com.br\/?p=921886"},"modified":"2025-10-16T17:07:42","modified_gmt":"2025-10-16T20:07:42","slug":"colisao-interdita-uma-das-faixas-da-br-230-no-sentido-cabedelo-proximo-ao-hospital-de-trauma-de-joao-pessoa-2","status":"publish","type":"post","link":"https:\/\/sindaopcpb.org.br\/index.php\/2025\/10\/16\/colisao-interdita-uma-das-faixas-da-br-230-no-sentido-cabedelo-proximo-ao-hospital-de-trauma-de-joao-pessoa-2\/","title":{"rendered":"Colis\u00e3o interdita uma das faixas da BR-230 no sentido Cabedelo, pr\u00f3ximo ao Hospital de Trauma de Jo\u00e3o Pessoa"},"content":{"rendered":"<p><img width=\"1024\" height=\"612\" src=\"https:\/\/www.pbagora.com.br\/storage\/2025\/10\/Captura-de-tela-2025-10-16-165244-1024x612.png\" class=\"attachment-large size-large wp-post-image\" alt=\"\" style=\"margin-bottom: 20px;\" decoding=\"async\" srcset=\"https:\/\/www.pbagora.com.br\/storage\/2025\/10\/Captura-de-tela-2025-10-16-165244-1024x612.png 1024w, https:\/\/www.pbagora.com.br\/storage\/2025\/10\/Captura-de-tela-2025-10-16-165244-300x179.png 300w, https:\/\/www.pbagora.com.br\/storage\/2025\/10\/Captura-de-tela-2025-10-16-165244-150x90.png 150w, https:\/\/www.pbagora.com.br\/storage\/2025\/10\/Captura-de-tela-2025-10-16-165244-768x459.png 768w, https:\/\/www.pbagora.com.br\/storage\/2025\/10\/Captura-de-tela-2025-10-16-165244-380x227.png 380w, https:\/\/www.pbagora.com.br\/storage\/2025\/10\/Captura-de-tela-2025-10-16-165244-800x478.png 800w, https:\/\/www.pbagora.com.br\/storage\/2025\/10\/Captura-de-tela-2025-10-16-165244-1160x693.png 1160w, https:\/\/www.pbagora.com.br\/storage\/2025\/10\/Captura-de-tela-2025-10-16-165244-80x48.png 80w, https:\/\/www.pbagora.com.br\/storage\/2025\/10\/Captura-de-tela-2025-10-16-165244-760x454.png 760w, https:\/\/www.pbagora.com.br\/storage\/2025\/10\/Captura-de-tela-2025-10-16-165244-600x358.png 600w, https:\/\/www.pbagora.com.br\/storage\/2025\/10\/Captura-de-tela-2025-10-16-165244.png 1448w\" sizes=\"(max-width: 1024px) 100vw, 1024px\" \/><\/p>\n<p>Uma colis\u00e3o traseira registrada no in\u00edcio da tarde desta quinta-feira (16), est\u00e1 provocando lentid\u00e3o no tr\u00e2nsito da BR-230, nas proximidades do Hospital de Emerg\u00eancia e Trauma, em Jo\u00e3o Pessoa. O acidente aconteceu no quil\u00f4metro 16 da rodovia, no sentido Jo\u00e3o Pessoa\u2013Cabedelo, pr\u00f3ximo a sede da Pol\u00edcia Federal.<\/p>\n\n\n\n<p>De acordo com a Pol\u00edcia Rodovi\u00e1ria Federal, equipes j\u00e1 est\u00e3o no local prestando atendimento, junto com uma unidade de resgate. Ainda n\u00e3o h\u00e1 informa\u00e7\u00f5es sobre o n\u00famero de ve\u00edculos envolvidos nem sobre poss\u00edveis feridos.<\/p>\n\n\n\n<p>Por causa do acidente, uma das faixas da rodovia precisou ser interditada, o que deixou o tr\u00e2nsito mais lento na regi\u00e3o. Motoristas que passam pelo trecho devem redobrar a aten\u00e7\u00e3o e, se poss\u00edvel, buscar rotas alternativas at\u00e9 a libera\u00e7\u00e3o total da via.<\/p>\n\n\n\n<p>A PRF permanece no local realizando os procedimentos necess\u00e1rios e deve divulgar mais detalhes sobre o acidente ao longo do dia.<\/p>\n\n\n\n<p><strong><em>PB Agora<\/em><\/strong><\/p>\n","protected":false},"excerpt":{"rendered":"<p><img loading=\"lazy\" decoding=\"async\" width=\"1024\" height=\"612\" src=\"https:\/\/www.pbagora.com.br\/storage\/2025\/10\/Captura-de-tela-2025-10-16-165244-1024x612.png\" class=\"attachment-large size-large wp-post-image\" alt=\"\" srcset=\"https:\/\/www.pbagora.com.br\/storage\/2025\/10\/Captura-de-tela-2025-10-16-165244-1024x612.png 1024w, https:\/\/www.pbagora.com.br\/storage\/2025\/10\/Captura-de-tela-2025-10-16-165244-300x179.png 300w, https:\/\/www.pbagora.com.br\/storage\/2025\/10\/Captura-de-tela-2025-10-16-165244-150x90.png 150w, https:\/\/www.pbagora.com.br\/storage\/2025\/10\/Captura-de-tela-2025-10-16-165244-768x459.png 768w, https:\/\/www.pbagora.com.br\/storage\/2025\/10\/Captura-de-tela-2025-10-16-165244-380x227.png 380w, https:\/\/www.pbagora.com.br\/storage\/2025\/10\/Captura-de-tela-2025-10-16-165244-800x478.png 800w, https:\/\/www.pbagora.com.br\/storage\/2025\/10\/Captura-de-tela-2025-10-16-165244-1160x693.png 1160w, https:\/\/www.pbagora.com.br\/storage\/2025\/10\/Captura-de-tela-2025-10-16-165244-80x48.png 80w, https:\/\/www.pbagora.com.br\/storage\/2025\/10\/Captura-de-tela-2025-10-16-165244-760x454.png 760w, https:\/\/www.pbagora.com.br\/storage\/2025\/10\/Captura-de-tela-2025-10-16-165244-600x358.png 600w, https:\/\/www.pbagora.com.br\/storage\/2025\/10\/Captura-de-tela-2025-10-16-165244.png 1448w\" sizes=\"auto, (max-width: 1024px) 100vw, 1024px\"><\/p>\n<p>Uma colis\u00e3o traseira registrada no in\u00edcio da tarde desta quinta-feira (16), est\u00e1 provocando lentid\u00e3o no tr\u00e2nsito da BR-230,\u2026<\/p>\n","protected":false},"author":123457,"featured_media":0,"comment_status":"closed","ping_status":"closed","sticky":false,"template":"","format":"standard","meta":{"advgb_blocks_editor_width":"","advgb_blocks_columns_visual_guide":"","footnotes":""},"categories":[34],"tags":[10845,35,10839],"class_list":["post-61945","post","type-post","status-publish","format-standard","hentry","category-g1","tag-destaque-centro-01","tag-g1","tag-policial"],"author_meta":{"display_name":"Reda\u00e7\u00e3o","author_link":"https:\/\/sindaopcpb.org.br\/author\/redacao\/"},"featured_img":null,"coauthors":[],"tax_additional":{"categories":{"linked":["<a href=\"https:\/\/sindaopcpb.org.br\/g1\/\" class=\"advgb-post-tax-term\">G1<\/a>"],"unlinked":["<span class=\"advgb-post-tax-term\">G1<\/span>"]},"tags":{"linked":["<a href=\"https:\/\/sindaopcpb.org.br\/g1\/\" class=\"advgb-post-tax-term\">Destaque Centro 01<\/a>","<a href=\"https:\/\/sindaopcpb.org.br\/g1\/\" class=\"advgb-post-tax-term\">g1<\/a>","<a href=\"https:\/\/sindaopcpb.org.br\/g1\/\" class=\"advgb-post-tax-term\">Policial<\/a>"],"unlinked":["<span class=\"advgb-post-tax-term\">Destaque Centro 01<\/span>","<span class=\"advgb-post-tax-term\">g1<\/span>","<span class=\"advgb-post-tax-term\">Policial<\/span>"]}},"comment_count":"0","relative_dates":{"created":"Publicado 7 meses atr\u00e1s","modified":"Atualizado 7 meses atr\u00e1s"},"absolute_dates":{"created":"Publicado em 16 de outubro de 2025","modified":"Atualizado em 16 de outubro de 2025"},"absolute_dates_time":{"created":"Publicado em 16 de outubro de 2025 17:07","modified":"Atualizado em 16 de outubro de 2025 17:07"},"featured_img_caption":"","series_order":"","_links":{"self":[{"href":"https:\/\/sindaopcpb.org.br\/index.php\/wp-json\/wp\/v2\/posts\/61945","targetHints":{"allow":["GET"]}}],"collection":[{"href":"https:\/\/sindaopcpb.org.br\/index.php\/wp-json\/wp\/v2\/posts"}],"about":[{"href":"https:\/\/sindaopcpb.org.br\/index.php\/wp-json\/wp\/v2\/types\/post"}],"author":[{"embeddable":true,"href":"https:\/\/sindaopcpb.org.br\/index.php\/wp-json\/wp\/v2\/users\/123457"}],"replies":[{"embeddable":true,"href":"https:\/\/sindaopcpb.org.br\/index.php\/wp-json\/wp\/v2\/comments?post=61945"}],"version-history":[{"count":3,"href":"https:\/\/sindaopcpb.org.br\/index.php\/wp-json\/wp\/v2\/posts\/61945\/revisions"}],"predecessor-version":[{"id":61958,"href":"https:\/\/sindaopcpb.org.br\/index.php\/wp-json\/wp\/v2\/posts\/61945\/revisions\/61958"}],"wp:attachment":[{"href":"https:\/\/sindaopcpb.org.br\/index.php\/wp-json\/wp\/v2\/media?parent=61945"}],"wp:term":[{"taxonomy":"category","embeddable":true,"href":"https:\/\/sindaopcpb.org.br\/index.php\/wp-json\/wp\/v2\/categories?post=61945"},{"taxonomy":"post_tag","embeddable":true,"href":"https:\/\/sindaopcpb.org.br\/index.php\/wp-json\/wp\/v2\/tags?post=61945"}],"curies":[{"name":"wp","href":"https:\/\/api.w.org\/{rel}","templated":true}]}}