{"id":61937,"date":"2025-10-16T11:57:25","date_gmt":"2025-10-16T14:57:25","guid":{"rendered":"https:\/\/www.pbagora.com.br\/?p=921797"},"modified":"2025-10-16T15:00:25","modified_gmt":"2025-10-16T18:00:25","slug":"vereador-da-grande-jp-e-preso-por-suspeita-de-envolvimento-em-homicidio-e-associacao-criminosa","status":"publish","type":"post","link":"https:\/\/sindaopcpb.org.br\/index.php\/2025\/10\/16\/vereador-da-grande-jp-e-preso-por-suspeita-de-envolvimento-em-homicidio-e-associacao-criminosa\/","title":{"rendered":"Vereador da Grande JP \u00e9 preso por suspeita de envolvimento em homic\u00eddio e associa\u00e7\u00e3o criminosa"},"content":{"rendered":"<p><img width=\"486\" height=\"367\" src=\"https:\/\/www.pbagora.com.br\/storage\/2025\/10\/image-138.png\" class=\"attachment-large size-large wp-post-image\" alt=\"\" style=\"margin-bottom: 20px;\" decoding=\"async\" srcset=\"https:\/\/www.pbagora.com.br\/storage\/2025\/10\/image-138.png 486w, https:\/\/www.pbagora.com.br\/storage\/2025\/10\/image-138-300x227.png 300w, https:\/\/www.pbagora.com.br\/storage\/2025\/10\/image-138-150x113.png 150w, https:\/\/www.pbagora.com.br\/storage\/2025\/10\/image-138-200x150.png 200w, https:\/\/www.pbagora.com.br\/storage\/2025\/10\/image-138-260x195.png 260w, https:\/\/www.pbagora.com.br\/storage\/2025\/10\/image-138-380x287.png 380w, https:\/\/www.pbagora.com.br\/storage\/2025\/10\/image-138-80x60.png 80w\" sizes=\"(max-width: 486px) 100vw, 486px\" \/><\/p>\n<p>A Pol\u00edcia Civil da Para\u00edba prendeu, na manh\u00e3 desta quinta-feira (16), o vereador Wagner Lucindo de Souza, conhecido como Wagner de Beb\u00e9, segundo vice-presidente da C\u00e2mara Municipal de Santa Rita. Ele \u00e9 suspeito de envolvimento em um homic\u00eddio e de integrar uma organiza\u00e7\u00e3o criminosa com atua\u00e7\u00e3o na Regi\u00e3o Metropolitana de Jo\u00e3o Pessoa.<\/p>\n\n\n\n<p>A pris\u00e3o foi realizada durante uma opera\u00e7\u00e3o da Delegacia de Repress\u00e3o ao Crime Organizado (DRACO), que investiga h\u00e1 meses a atua\u00e7\u00e3o de grupos respons\u00e1veis por diversos crimes na cidade. Segundo as primeiras informa\u00e7\u00f5es divulgadas pelas autoridades, o vereador teria liga\u00e7\u00e3o direta com integrantes da organiza\u00e7\u00e3o criminosa alvo da investiga\u00e7\u00e3o.<\/p>\n\n\n\n<p>At\u00e9 o momento, n\u00e3o foram divulgados detalhes sobre o homic\u00eddio que motivou a pris\u00e3o, mas a Pol\u00edcia Civil confirmou que novas dilig\u00eancias est\u00e3o em andamento para identificar outros poss\u00edveis envolvidos.<\/p>\n\n\n\n<p>Wagner de Beb\u00e9 foi conduzido \u00e0 Central de Pol\u00edcia Civil, em Jo\u00e3o Pessoa, onde ser\u00e1 ouvido pelos investigadores. Ap\u00f3s o depoimento, ele dever\u00e1 ser encaminhado ao sistema prisional da Para\u00edba.<\/p>\n\n\n\n<p><strong><em>PB Agora<\/em><\/strong><\/p>\n","protected":false},"excerpt":{"rendered":"<p><img loading=\"lazy\" decoding=\"async\" width=\"486\" height=\"367\" src=\"https:\/\/www.pbagora.com.br\/storage\/2025\/10\/image-138.png\" class=\"attachment-large size-large wp-post-image\" alt=\"\" srcset=\"https:\/\/www.pbagora.com.br\/storage\/2025\/10\/image-138.png 486w, https:\/\/www.pbagora.com.br\/storage\/2025\/10\/image-138-300x227.png 300w, https:\/\/www.pbagora.com.br\/storage\/2025\/10\/image-138-150x113.png 150w, https:\/\/www.pbagora.com.br\/storage\/2025\/10\/image-138-200x150.png 200w, https:\/\/www.pbagora.com.br\/storage\/2025\/10\/image-138-260x195.png 260w, https:\/\/www.pbagora.com.br\/storage\/2025\/10\/image-138-380x287.png 380w, https:\/\/www.pbagora.com.br\/storage\/2025\/10\/image-138-80x60.png 80w\" sizes=\"auto, (max-width: 486px) 100vw, 486px\"><\/p>\n<p>A Pol\u00edcia Civil da Para\u00edba prendeu, na manh\u00e3 desta quinta-feira (16), o vereador Wagner Lucindo de Souza, conhecido\u2026<\/p>\n","protected":false},"author":123457,"featured_media":0,"comment_status":"closed","ping_status":"closed","sticky":false,"template":"","format":"standard","meta":{"advgb_blocks_editor_width":"","advgb_blocks_columns_visual_guide":"","footnotes":""},"categories":[34],"tags":[35,10839,10846],"class_list":["post-61937","post","type-post","status-publish","format-standard","hentry","category-g1","tag-g1","tag-policial","tag-rodape-02"],"author_meta":{"display_name":"Reda\u00e7\u00e3o","author_link":"https:\/\/sindaopcpb.org.br\/author\/redacao\/"},"featured_img":null,"coauthors":[],"tax_additional":{"categories":{"linked":["<a href=\"https:\/\/sindaopcpb.org.br\/g1\/\" class=\"advgb-post-tax-term\">G1<\/a>"],"unlinked":["<span class=\"advgb-post-tax-term\">G1<\/span>"]},"tags":{"linked":["<a href=\"https:\/\/sindaopcpb.org.br\/g1\/\" class=\"advgb-post-tax-term\">g1<\/a>","<a href=\"https:\/\/sindaopcpb.org.br\/g1\/\" class=\"advgb-post-tax-term\">Policial<\/a>","<a href=\"https:\/\/sindaopcpb.org.br\/g1\/\" class=\"advgb-post-tax-term\">Rodape 02<\/a>"],"unlinked":["<span class=\"advgb-post-tax-term\">g1<\/span>","<span class=\"advgb-post-tax-term\">Policial<\/span>","<span class=\"advgb-post-tax-term\">Rodape 02<\/span>"]}},"comment_count":"0","relative_dates":{"created":"Publicado 7 meses atr\u00e1s","modified":"Atualizado 7 meses atr\u00e1s"},"absolute_dates":{"created":"Publicado em 16 de outubro de 2025","modified":"Atualizado em 16 de outubro de 2025"},"absolute_dates_time":{"created":"Publicado em 16 de outubro de 2025 11:57","modified":"Atualizado em 16 de outubro de 2025 15:00"},"featured_img_caption":"","series_order":"","_links":{"self":[{"href":"https:\/\/sindaopcpb.org.br\/index.php\/wp-json\/wp\/v2\/posts\/61937","targetHints":{"allow":["GET"]}}],"collection":[{"href":"https:\/\/sindaopcpb.org.br\/index.php\/wp-json\/wp\/v2\/posts"}],"about":[{"href":"https:\/\/sindaopcpb.org.br\/index.php\/wp-json\/wp\/v2\/types\/post"}],"author":[{"embeddable":true,"href":"https:\/\/sindaopcpb.org.br\/index.php\/wp-json\/wp\/v2\/users\/123457"}],"replies":[{"embeddable":true,"href":"https:\/\/sindaopcpb.org.br\/index.php\/wp-json\/wp\/v2\/comments?post=61937"}],"version-history":[{"count":5,"href":"https:\/\/sindaopcpb.org.br\/index.php\/wp-json\/wp\/v2\/posts\/61937\/revisions"}],"predecessor-version":[{"id":61952,"href":"https:\/\/sindaopcpb.org.br\/index.php\/wp-json\/wp\/v2\/posts\/61937\/revisions\/61952"}],"wp:attachment":[{"href":"https:\/\/sindaopcpb.org.br\/index.php\/wp-json\/wp\/v2\/media?parent=61937"}],"wp:term":[{"taxonomy":"category","embeddable":true,"href":"https:\/\/sindaopcpb.org.br\/index.php\/wp-json\/wp\/v2\/categories?post=61937"},{"taxonomy":"post_tag","embeddable":true,"href":"https:\/\/sindaopcpb.org.br\/index.php\/wp-json\/wp\/v2\/tags?post=61937"}],"curies":[{"name":"wp","href":"https:\/\/api.w.org\/{rel}","templated":true}]}}