{"id":61934,"date":"2025-10-16T09:56:03","date_gmt":"2025-10-16T12:56:03","guid":{"rendered":"https:\/\/www.pbagora.com.br\/?p=921765"},"modified":"2025-10-16T11:56:03","modified_gmt":"2025-10-16T14:56:03","slug":"operacao-contra-grupo-suspeito-de-extorsao-e-carcere-privado-e-deflagrada-na-paraiba","status":"publish","type":"post","link":"https:\/\/sindaopcpb.org.br\/index.php\/2025\/10\/16\/operacao-contra-grupo-suspeito-de-extorsao-e-carcere-privado-e-deflagrada-na-paraiba\/","title":{"rendered":"Opera\u00e7\u00e3o contra grupo suspeito de extors\u00e3o e c\u00e1rcere privado \u00e9 deflagrada na Para\u00edba"},"content":{"rendered":"<p><img width=\"1024\" height=\"616\" src=\"https:\/\/www.pbagora.com.br\/storage\/2025\/10\/image-136-1024x616.png\" class=\"attachment-large size-large wp-post-image\" alt=\"\" style=\"margin-bottom: 20px;\" decoding=\"async\" loading=\"lazy\" srcset=\"https:\/\/www.pbagora.com.br\/storage\/2025\/10\/image-136-1024x616.png 1024w, https:\/\/www.pbagora.com.br\/storage\/2025\/10\/image-136-300x180.png 300w, https:\/\/www.pbagora.com.br\/storage\/2025\/10\/image-136-150x90.png 150w, https:\/\/www.pbagora.com.br\/storage\/2025\/10\/image-136-768x462.png 768w, https:\/\/www.pbagora.com.br\/storage\/2025\/10\/image-136-380x229.png 380w, https:\/\/www.pbagora.com.br\/storage\/2025\/10\/image-136-800x481.png 800w, https:\/\/www.pbagora.com.br\/storage\/2025\/10\/image-136-80x48.png 80w, https:\/\/www.pbagora.com.br\/storage\/2025\/10\/image-136-760x457.png 760w, https:\/\/www.pbagora.com.br\/storage\/2025\/10\/image-136-600x361.png 600w, https:\/\/www.pbagora.com.br\/storage\/2025\/10\/image-136.png 1107w\" sizes=\"auto, (max-width: 1024px) 100vw, 1024px\" \/><\/p>\n<p>A Pol\u00edcia Civil da Para\u00edba realizou, na manh\u00e3 desta quinta-feira (16), a Opera\u00e7\u00e3o Reden\u00e7\u00e3o, voltada para desarticular uma organiza\u00e7\u00e3o criminosa suspeita de envolvimento em assaltos, tr\u00e1fico de drogas e armas, al\u00e9m de manter v\u00edtimas em c\u00e1rcere privado mediante extors\u00e3o. A a\u00e7\u00e3o foi coordenada no Brejo paraibano, com apoio das pol\u00edcias Militar e Penal, al\u00e9m do Corpo de Bombeiros.<\/p>\n\n\n\n<p>Segundo o delegado Walter Brand\u00e3o, sete pessoas foram presas at\u00e9 as primeiras horas da manh\u00e3. Os mandados judiciais foram cumpridos nas cidades de Serra da Raiz, Sert\u00e3ozinho, Guarabira e Jo\u00e3o Pessoa.<\/p>\n\n\n\n<p>As investiga\u00e7\u00f5es apontam que os suspeitos obrigavam v\u00edtimas a realizar transfer\u00eancias via Pix como condi\u00e7\u00e3o para serem libertadas. Durante a opera\u00e7\u00e3o, foram apreendidas armas de fogo e entorpecentes, refor\u00e7ando as suspeitas de envolvimento com o tr\u00e1fico.<\/p>\n\n\n\n<p>A opera\u00e7\u00e3o segue em andamento.<\/p>\n\n\n\n<p><strong><em>PB Agora<\/em><\/strong><\/p>\n","protected":false},"excerpt":{"rendered":"<p><img loading=\"lazy\" decoding=\"async\" width=\"1024\" height=\"616\" src=\"https:\/\/www.pbagora.com.br\/storage\/2025\/10\/image-136-1024x616.png\" class=\"attachment-large size-large wp-post-image\" alt=\"\" srcset=\"https:\/\/www.pbagora.com.br\/storage\/2025\/10\/image-136-1024x616.png 1024w, https:\/\/www.pbagora.com.br\/storage\/2025\/10\/image-136-300x180.png 300w, https:\/\/www.pbagora.com.br\/storage\/2025\/10\/image-136-150x90.png 150w, https:\/\/www.pbagora.com.br\/storage\/2025\/10\/image-136-768x462.png 768w, https:\/\/www.pbagora.com.br\/storage\/2025\/10\/image-136-380x229.png 380w, https:\/\/www.pbagora.com.br\/storage\/2025\/10\/image-136-800x481.png 800w, https:\/\/www.pbagora.com.br\/storage\/2025\/10\/image-136-80x48.png 80w, https:\/\/www.pbagora.com.br\/storage\/2025\/10\/image-136-760x457.png 760w, https:\/\/www.pbagora.com.br\/storage\/2025\/10\/image-136-600x361.png 600w, https:\/\/www.pbagora.com.br\/storage\/2025\/10\/image-136.png 1107w\" sizes=\"auto, (max-width: 1024px) 100vw, 1024px\"><\/p>\n<p>A Pol\u00edcia Civil da Para\u00edba realizou, na manh\u00e3 desta quinta-feira (16), a Opera\u00e7\u00e3o Reden\u00e7\u00e3o, voltada para desarticular uma\u2026<\/p>\n","protected":false},"author":123457,"featured_media":0,"comment_status":"closed","ping_status":"closed","sticky":false,"template":"","format":"standard","meta":{"advgb_blocks_editor_width":"","advgb_blocks_columns_visual_guide":"","footnotes":""},"categories":[34],"tags":[35,10839,10848],"class_list":["post-61934","post","type-post","status-publish","format-standard","hentry","category-g1","tag-g1","tag-policial","tag-rodape-01"],"author_meta":{"display_name":"Reda\u00e7\u00e3o","author_link":"https:\/\/sindaopcpb.org.br\/author\/redacao\/"},"featured_img":null,"coauthors":[],"tax_additional":{"categories":{"linked":["<a href=\"https:\/\/sindaopcpb.org.br\/g1\/\" class=\"advgb-post-tax-term\">G1<\/a>"],"unlinked":["<span class=\"advgb-post-tax-term\">G1<\/span>"]},"tags":{"linked":["<a href=\"https:\/\/sindaopcpb.org.br\/g1\/\" class=\"advgb-post-tax-term\">g1<\/a>","<a href=\"https:\/\/sindaopcpb.org.br\/g1\/\" class=\"advgb-post-tax-term\">Policial<\/a>","<a href=\"https:\/\/sindaopcpb.org.br\/g1\/\" class=\"advgb-post-tax-term\">Rodape 01<\/a>"],"unlinked":["<span class=\"advgb-post-tax-term\">g1<\/span>","<span class=\"advgb-post-tax-term\">Policial<\/span>","<span class=\"advgb-post-tax-term\">Rodape 01<\/span>"]}},"comment_count":"0","relative_dates":{"created":"Publicado 7 meses atr\u00e1s","modified":"Atualizado 7 meses atr\u00e1s"},"absolute_dates":{"created":"Publicado em 16 de outubro de 2025","modified":"Atualizado em 16 de outubro de 2025"},"absolute_dates_time":{"created":"Publicado em 16 de outubro de 2025 09:56","modified":"Atualizado em 16 de outubro de 2025 11:56"},"featured_img_caption":"","series_order":"","_links":{"self":[{"href":"https:\/\/sindaopcpb.org.br\/index.php\/wp-json\/wp\/v2\/posts\/61934","targetHints":{"allow":["GET"]}}],"collection":[{"href":"https:\/\/sindaopcpb.org.br\/index.php\/wp-json\/wp\/v2\/posts"}],"about":[{"href":"https:\/\/sindaopcpb.org.br\/index.php\/wp-json\/wp\/v2\/types\/post"}],"author":[{"embeddable":true,"href":"https:\/\/sindaopcpb.org.br\/index.php\/wp-json\/wp\/v2\/users\/123457"}],"replies":[{"embeddable":true,"href":"https:\/\/sindaopcpb.org.br\/index.php\/wp-json\/wp\/v2\/comments?post=61934"}],"version-history":[{"count":2,"href":"https:\/\/sindaopcpb.org.br\/index.php\/wp-json\/wp\/v2\/posts\/61934\/revisions"}],"predecessor-version":[{"id":61941,"href":"https:\/\/sindaopcpb.org.br\/index.php\/wp-json\/wp\/v2\/posts\/61934\/revisions\/61941"}],"wp:attachment":[{"href":"https:\/\/sindaopcpb.org.br\/index.php\/wp-json\/wp\/v2\/media?parent=61934"}],"wp:term":[{"taxonomy":"category","embeddable":true,"href":"https:\/\/sindaopcpb.org.br\/index.php\/wp-json\/wp\/v2\/categories?post=61934"},{"taxonomy":"post_tag","embeddable":true,"href":"https:\/\/sindaopcpb.org.br\/index.php\/wp-json\/wp\/v2\/tags?post=61934"}],"curies":[{"name":"wp","href":"https:\/\/api.w.org\/{rel}","templated":true}]}}