{"id":61910,"date":"2025-10-15T15:00:28","date_gmt":"2025-10-15T18:00:28","guid":{"rendered":"https:\/\/www.pbagora.com.br\/?p=921613"},"modified":"2025-10-15T15:00:28","modified_gmt":"2025-10-15T18:00:28","slug":"carro-incendiado-e-encontrado-proximo-ao-hu-e-pode-ter-sido-usado-em-ataque-a-posto-na-beira-rio","status":"publish","type":"post","link":"https:\/\/sindaopcpb.org.br\/index.php\/2025\/10\/15\/carro-incendiado-e-encontrado-proximo-ao-hu-e-pode-ter-sido-usado-em-ataque-a-posto-na-beira-rio\/","title":{"rendered":"Carro incendiado \u00e9 encontrado pr\u00f3ximo ao HU e pode ter sido usado em ataque a posto na Beira Rio"},"content":{"rendered":"<p><img width=\"971\" height=\"450\" src=\"https:\/\/www.pbagora.com.br\/storage\/2025\/10\/image-133.png\" class=\"attachment-large size-large wp-post-image\" alt=\"\" style=\"margin-bottom: 20px;\" decoding=\"async\" loading=\"lazy\" srcset=\"https:\/\/www.pbagora.com.br\/storage\/2025\/10\/image-133.png 971w, https:\/\/www.pbagora.com.br\/storage\/2025\/10\/image-133-300x139.png 300w, https:\/\/www.pbagora.com.br\/storage\/2025\/10\/image-133-150x70.png 150w, https:\/\/www.pbagora.com.br\/storage\/2025\/10\/image-133-768x356.png 768w, https:\/\/www.pbagora.com.br\/storage\/2025\/10\/image-133-380x176.png 380w, https:\/\/www.pbagora.com.br\/storage\/2025\/10\/image-133-800x371.png 800w, https:\/\/www.pbagora.com.br\/storage\/2025\/10\/image-133-80x37.png 80w, https:\/\/www.pbagora.com.br\/storage\/2025\/10\/image-133-760x352.png 760w, https:\/\/www.pbagora.com.br\/storage\/2025\/10\/image-133-600x278.png 600w\" sizes=\"auto, (max-width: 971px) 100vw, 971px\" \/><\/p>\n<p>Na manh\u00e3 desta quarta-feira (15), um ve\u00edculo completamente carbonizado foi localizado nas imedia\u00e7\u00f5es do Hospital Universit\u00e1rio Lauro Wanderley, em Jo\u00e3o Pessoa. A principal suspeita \u00e9 de que o autom\u00f3vel tenha sido utilizado na fuga dos criminosos que explodiram um posto de combust\u00edveis na Avenida Beira Rio, no bairro da Torre, durante a madrugada.<\/p>\n\n\n\n<p>O carro foi consumido pelas chamas, o que dificulta a identifica\u00e7\u00e3o precisa do modelo. O Corpo de Bombeiros foi acionado para conter o inc\u00eandio, enquanto a Pol\u00edcia Militar isolou a \u00e1rea at\u00e9 a chegada da per\u00edcia t\u00e9cnica.<\/p>\n\n\n\n<p>Segundo o delegado J\u00fanior Muniz Porpino, respons\u00e1vel pelo caso, a Pol\u00edcia Civil vai analisar imagens de c\u00e2meras de seguran\u00e7a e realizar per\u00edcia no ve\u00edculo para confirmar se h\u00e1 liga\u00e7\u00e3o direta com o ataque ao posto. A hip\u00f3tese \u00e9 de que o carro tenha sido incendiado para eliminar vest\u00edgios do crime.<\/p>\n\n\n\n<p>De acordo com as investiga\u00e7\u00f5es iniciais, quatro homens encapuzados participaram da a\u00e7\u00e3o criminosa. Eles renderam o vigilante do estabelecimento e utilizaram armamento pesado para violar o cofre. Apesar da destrui\u00e7\u00e3o causada, a quantia levada seria pequena, j\u00e1 que a maioria das transa\u00e7\u00f5es no local \u00e9 feita por meios eletr\u00f4nicos, como cart\u00e3o e Pix.<\/p>\n\n\n\n<p>A per\u00edcia do Instituto de Pol\u00edcia Cient\u00edfica (IPC) tamb\u00e9m est\u00e1 avaliando os danos estruturais provocados pela explos\u00e3o no posto. A Pol\u00edcia Civil segue com as dilig\u00eancias para identificar os autores e esclarecer a conex\u00e3o entre o ve\u00edculo incendiado e o ataque ocorrido horas antes.<\/p>\n\n\n\n<p><strong><em>PB Agora<\/em><\/strong><\/p>\n","protected":false},"excerpt":{"rendered":"<p><img loading=\"lazy\" decoding=\"async\" width=\"971\" height=\"450\" src=\"https:\/\/www.pbagora.com.br\/storage\/2025\/10\/image-133.png\" class=\"attachment-large size-large wp-post-image\" alt=\"\" srcset=\"https:\/\/www.pbagora.com.br\/storage\/2025\/10\/image-133.png 971w, https:\/\/www.pbagora.com.br\/storage\/2025\/10\/image-133-300x139.png 300w, https:\/\/www.pbagora.com.br\/storage\/2025\/10\/image-133-150x70.png 150w, https:\/\/www.pbagora.com.br\/storage\/2025\/10\/image-133-768x356.png 768w, https:\/\/www.pbagora.com.br\/storage\/2025\/10\/image-133-380x176.png 380w, https:\/\/www.pbagora.com.br\/storage\/2025\/10\/image-133-800x371.png 800w, https:\/\/www.pbagora.com.br\/storage\/2025\/10\/image-133-80x37.png 80w, https:\/\/www.pbagora.com.br\/storage\/2025\/10\/image-133-760x352.png 760w, https:\/\/www.pbagora.com.br\/storage\/2025\/10\/image-133-600x278.png 600w\" sizes=\"auto, (max-width: 971px) 100vw, 971px\"><\/p>\n<p>Na manh\u00e3 desta quarta-feira (15), um ve\u00edculo completamente carbonizado foi localizado nas imedia\u00e7\u00f5es do Hospital Universit\u00e1rio Lauro Wanderley,\u2026<\/p>\n","protected":false},"author":123457,"featured_media":0,"comment_status":"closed","ping_status":"closed","sticky":false,"template":"","format":"standard","meta":{"advgb_blocks_editor_width":"","advgb_blocks_columns_visual_guide":"","footnotes":""},"categories":[34],"tags":[10841,35,10839],"class_list":["post-61910","post","type-post","status-publish","format-standard","hentry","category-g1","tag-destaque-centro-02","tag-g1","tag-policial"],"author_meta":{"display_name":"Reda\u00e7\u00e3o","author_link":"https:\/\/sindaopcpb.org.br\/author\/redacao\/"},"featured_img":null,"coauthors":[],"tax_additional":{"categories":{"linked":["<a href=\"https:\/\/sindaopcpb.org.br\/g1\/\" class=\"advgb-post-tax-term\">G1<\/a>"],"unlinked":["<span class=\"advgb-post-tax-term\">G1<\/span>"]},"tags":{"linked":["<a href=\"https:\/\/sindaopcpb.org.br\/g1\/\" class=\"advgb-post-tax-term\">Destaque Centro 02<\/a>","<a href=\"https:\/\/sindaopcpb.org.br\/g1\/\" class=\"advgb-post-tax-term\">g1<\/a>","<a href=\"https:\/\/sindaopcpb.org.br\/g1\/\" class=\"advgb-post-tax-term\">Policial<\/a>"],"unlinked":["<span class=\"advgb-post-tax-term\">Destaque Centro 02<\/span>","<span class=\"advgb-post-tax-term\">g1<\/span>","<span class=\"advgb-post-tax-term\">Policial<\/span>"]}},"comment_count":"0","relative_dates":{"created":"Publicado 7 meses atr\u00e1s","modified":"Atualizado 7 meses atr\u00e1s"},"absolute_dates":{"created":"Publicado em 15 de outubro de 2025","modified":"Atualizado em 15 de outubro de 2025"},"absolute_dates_time":{"created":"Publicado em 15 de outubro de 2025 15:00","modified":"Atualizado em 15 de outubro de 2025 15:00"},"featured_img_caption":"","series_order":"","_links":{"self":[{"href":"https:\/\/sindaopcpb.org.br\/index.php\/wp-json\/wp\/v2\/posts\/61910","targetHints":{"allow":["GET"]}}],"collection":[{"href":"https:\/\/sindaopcpb.org.br\/index.php\/wp-json\/wp\/v2\/posts"}],"about":[{"href":"https:\/\/sindaopcpb.org.br\/index.php\/wp-json\/wp\/v2\/types\/post"}],"author":[{"embeddable":true,"href":"https:\/\/sindaopcpb.org.br\/index.php\/wp-json\/wp\/v2\/users\/123457"}],"replies":[{"embeddable":true,"href":"https:\/\/sindaopcpb.org.br\/index.php\/wp-json\/wp\/v2\/comments?post=61910"}],"version-history":[{"count":2,"href":"https:\/\/sindaopcpb.org.br\/index.php\/wp-json\/wp\/v2\/posts\/61910\/revisions"}],"predecessor-version":[{"id":61917,"href":"https:\/\/sindaopcpb.org.br\/index.php\/wp-json\/wp\/v2\/posts\/61910\/revisions\/61917"}],"wp:attachment":[{"href":"https:\/\/sindaopcpb.org.br\/index.php\/wp-json\/wp\/v2\/media?parent=61910"}],"wp:term":[{"taxonomy":"category","embeddable":true,"href":"https:\/\/sindaopcpb.org.br\/index.php\/wp-json\/wp\/v2\/categories?post=61910"},{"taxonomy":"post_tag","embeddable":true,"href":"https:\/\/sindaopcpb.org.br\/index.php\/wp-json\/wp\/v2\/tags?post=61910"}],"curies":[{"name":"wp","href":"https:\/\/api.w.org\/{rel}","templated":true}]}}