{"id":61900,"date":"2025-10-15T11:10:59","date_gmt":"2025-10-15T14:10:59","guid":{"rendered":"https:\/\/www.pbagora.com.br\/?p=921553"},"modified":"2025-10-15T11:10:59","modified_gmt":"2025-10-15T14:10:59","slug":"furto-de-fios-em-areia-termina-com-prisao-de-ladrao-e-receptador","status":"publish","type":"post","link":"https:\/\/sindaopcpb.org.br\/index.php\/2025\/10\/15\/furto-de-fios-em-areia-termina-com-prisao-de-ladrao-e-receptador\/","title":{"rendered":"Furto de fios em Areia termina com pris\u00e3o de ladr\u00e3o e receptador"},"content":{"rendered":"<p><img width=\"383\" height=\"710\" src=\"https:\/\/www.pbagora.com.br\/storage\/2025\/10\/WhatsApp-Image-2025-10-15-at-10.20.23.jpeg\" class=\"attachment-large size-large wp-post-image\" alt=\"\" style=\"margin-bottom: 20px;\" decoding=\"async\" loading=\"lazy\" srcset=\"https:\/\/www.pbagora.com.br\/storage\/2025\/10\/WhatsApp-Image-2025-10-15-at-10.20.23.jpeg 383w, https:\/\/www.pbagora.com.br\/storage\/2025\/10\/WhatsApp-Image-2025-10-15-at-10.20.23-162x300.jpeg 162w, https:\/\/www.pbagora.com.br\/storage\/2025\/10\/WhatsApp-Image-2025-10-15-at-10.20.23-81x150.jpeg 81w, https:\/\/www.pbagora.com.br\/storage\/2025\/10\/WhatsApp-Image-2025-10-15-at-10.20.23-380x704.jpeg 380w, https:\/\/www.pbagora.com.br\/storage\/2025\/10\/WhatsApp-Image-2025-10-15-at-10.20.23-80x148.jpeg 80w, https:\/\/www.pbagora.com.br\/storage\/2025\/10\/WhatsApp-Image-2025-10-15-at-10.20.23-43x80.jpeg 43w, https:\/\/www.pbagora.com.br\/storage\/2025\/10\/WhatsApp-Image-2025-10-15-at-10.20.23-324x600.jpeg 324w\" sizes=\"auto, (max-width: 383px) 100vw, 383px\" \/><\/p>\n<p>A Pol\u00edcia Civil da Para\u00edba prendeu nessa ter\u00e7a-feira, 14 de outubro, dois homens investigados pelo furto de fios el\u00e9tricos na cidade de Areia. Eles foram presos em flagrante por equipes da delegacia local, logo ap\u00f3s o crime ser comunicado \u00e0 PCPB.<\/p>\n\n\n\n<p>A v\u00edtima do caso foi at\u00e9 a delegacia registrar o boletim de ocorr\u00eancia. Ap\u00f3s o relato, os policiais iniciaram as dilig\u00eancias e identificaram o autor do furto. O investigado R.L. tem 35 anos de idade e confessou ter furtado os fios de uma casa em reformas, na madrugada dessa ter\u00e7a-feira. Al\u00e9m disso, ele apontou a quem vendeu o material furtado.<\/p>\n\n\n\n<p>Os policiais, ent\u00e3o, foram \u00e0 procura do receptador e o localizaram ainda com os fios adquiridos de forma ilegal. Trata-se de um comerciante de 40 anos de idade, que negocia material de reciclagem.<\/p>\n\n\n\n<p>Os dois envolvidos foram presos em flagrante e apresentados ao Poder Judici\u00e1rio, para serem ouvidos em audi\u00eancia de cust\u00f3dia.<\/p>\n\n\n\n<p><strong><em>PB Agora<\/em><\/strong><\/p>\n","protected":false},"excerpt":{"rendered":"<p><img loading=\"lazy\" decoding=\"async\" width=\"383\" height=\"710\" src=\"https:\/\/www.pbagora.com.br\/storage\/2025\/10\/WhatsApp-Image-2025-10-15-at-10.20.23.jpeg\" class=\"attachment-large size-large wp-post-image\" alt=\"\" srcset=\"https:\/\/www.pbagora.com.br\/storage\/2025\/10\/WhatsApp-Image-2025-10-15-at-10.20.23.jpeg 383w, https:\/\/www.pbagora.com.br\/storage\/2025\/10\/WhatsApp-Image-2025-10-15-at-10.20.23-162x300.jpeg 162w, https:\/\/www.pbagora.com.br\/storage\/2025\/10\/WhatsApp-Image-2025-10-15-at-10.20.23-81x150.jpeg 81w, https:\/\/www.pbagora.com.br\/storage\/2025\/10\/WhatsApp-Image-2025-10-15-at-10.20.23-380x704.jpeg 380w, https:\/\/www.pbagora.com.br\/storage\/2025\/10\/WhatsApp-Image-2025-10-15-at-10.20.23-80x148.jpeg 80w, https:\/\/www.pbagora.com.br\/storage\/2025\/10\/WhatsApp-Image-2025-10-15-at-10.20.23-43x80.jpeg 43w, https:\/\/www.pbagora.com.br\/storage\/2025\/10\/WhatsApp-Image-2025-10-15-at-10.20.23-324x600.jpeg 324w\" sizes=\"auto, (max-width: 383px) 100vw, 383px\"><\/p>\n<p>A Pol\u00edcia Civil da Para\u00edba prendeu nessa ter\u00e7a-feira, 14 de outubro, dois homens investigados pelo furto de fios\u2026<\/p>\n","protected":false},"author":123457,"featured_media":0,"comment_status":"closed","ping_status":"closed","sticky":false,"template":"","format":"standard","meta":{"advgb_blocks_editor_width":"","advgb_blocks_columns_visual_guide":"","footnotes":""},"categories":[34],"tags":[35,10839,10842],"class_list":["post-61900","post","type-post","status-publish","format-standard","hentry","category-g1","tag-g1","tag-policial","tag-principal3"],"author_meta":{"display_name":"Reda\u00e7\u00e3o","author_link":"https:\/\/sindaopcpb.org.br\/author\/redacao\/"},"featured_img":null,"coauthors":[],"tax_additional":{"categories":{"linked":["<a href=\"https:\/\/sindaopcpb.org.br\/g1\/\" class=\"advgb-post-tax-term\">G1<\/a>"],"unlinked":["<span class=\"advgb-post-tax-term\">G1<\/span>"]},"tags":{"linked":["<a href=\"https:\/\/sindaopcpb.org.br\/g1\/\" class=\"advgb-post-tax-term\">g1<\/a>","<a href=\"https:\/\/sindaopcpb.org.br\/g1\/\" class=\"advgb-post-tax-term\">Policial<\/a>","<a href=\"https:\/\/sindaopcpb.org.br\/g1\/\" class=\"advgb-post-tax-term\">Principal3<\/a>"],"unlinked":["<span class=\"advgb-post-tax-term\">g1<\/span>","<span class=\"advgb-post-tax-term\">Policial<\/span>","<span class=\"advgb-post-tax-term\">Principal3<\/span>"]}},"comment_count":"0","relative_dates":{"created":"Publicado 7 meses atr\u00e1s","modified":"Atualizado 7 meses atr\u00e1s"},"absolute_dates":{"created":"Publicado em 15 de outubro de 2025","modified":"Atualizado em 15 de outubro de 2025"},"absolute_dates_time":{"created":"Publicado em 15 de outubro de 2025 11:10","modified":"Atualizado em 15 de outubro de 2025 11:10"},"featured_img_caption":"","series_order":"","_links":{"self":[{"href":"https:\/\/sindaopcpb.org.br\/index.php\/wp-json\/wp\/v2\/posts\/61900","targetHints":{"allow":["GET"]}}],"collection":[{"href":"https:\/\/sindaopcpb.org.br\/index.php\/wp-json\/wp\/v2\/posts"}],"about":[{"href":"https:\/\/sindaopcpb.org.br\/index.php\/wp-json\/wp\/v2\/types\/post"}],"author":[{"embeddable":true,"href":"https:\/\/sindaopcpb.org.br\/index.php\/wp-json\/wp\/v2\/users\/123457"}],"replies":[{"embeddable":true,"href":"https:\/\/sindaopcpb.org.br\/index.php\/wp-json\/wp\/v2\/comments?post=61900"}],"version-history":[{"count":2,"href":"https:\/\/sindaopcpb.org.br\/index.php\/wp-json\/wp\/v2\/posts\/61900\/revisions"}],"predecessor-version":[{"id":61907,"href":"https:\/\/sindaopcpb.org.br\/index.php\/wp-json\/wp\/v2\/posts\/61900\/revisions\/61907"}],"wp:attachment":[{"href":"https:\/\/sindaopcpb.org.br\/index.php\/wp-json\/wp\/v2\/media?parent=61900"}],"wp:term":[{"taxonomy":"category","embeddable":true,"href":"https:\/\/sindaopcpb.org.br\/index.php\/wp-json\/wp\/v2\/categories?post=61900"},{"taxonomy":"post_tag","embeddable":true,"href":"https:\/\/sindaopcpb.org.br\/index.php\/wp-json\/wp\/v2\/tags?post=61900"}],"curies":[{"name":"wp","href":"https:\/\/api.w.org\/{rel}","templated":true}]}}