{"id":61890,"date":"2025-10-15T05:59:38","date_gmt":"2025-10-15T08:59:38","guid":{"rendered":"https:\/\/www.pbagora.com.br\/?p=921519"},"modified":"2025-10-15T05:59:38","modified_gmt":"2025-10-15T08:59:38","slug":"jovem-morre-atropelado-na-br-230-proximo-a-cruz-do-espirito-santo","status":"publish","type":"post","link":"https:\/\/sindaopcpb.org.br\/index.php\/2025\/10\/15\/jovem-morre-atropelado-na-br-230-proximo-a-cruz-do-espirito-santo\/","title":{"rendered":"Jovem morre atropelado na BR-230 pr\u00f3ximo a Cruz do Esp\u00edrito Santo"},"content":{"rendered":"<p><img width=\"919\" height=\"420\" src=\"https:\/\/www.pbagora.com.br\/storage\/2025\/10\/foto-assessoria-da-prf.jpg\" class=\"attachment-large size-large wp-post-image\" alt=\"\" style=\"margin-bottom: 20px;\" decoding=\"async\" srcset=\"https:\/\/www.pbagora.com.br\/storage\/2025\/10\/foto-assessoria-da-prf.jpg 919w, https:\/\/www.pbagora.com.br\/storage\/2025\/10\/foto-assessoria-da-prf-300x137.jpg 300w, https:\/\/www.pbagora.com.br\/storage\/2025\/10\/foto-assessoria-da-prf-150x69.jpg 150w, https:\/\/www.pbagora.com.br\/storage\/2025\/10\/foto-assessoria-da-prf-768x351.jpg 768w, https:\/\/www.pbagora.com.br\/storage\/2025\/10\/foto-assessoria-da-prf-380x174.jpg 380w, https:\/\/www.pbagora.com.br\/storage\/2025\/10\/foto-assessoria-da-prf-800x366.jpg 800w, https:\/\/www.pbagora.com.br\/storage\/2025\/10\/foto-assessoria-da-prf-80x37.jpg 80w, https:\/\/www.pbagora.com.br\/storage\/2025\/10\/foto-assessoria-da-prf-760x347.jpg 760w, https:\/\/www.pbagora.com.br\/storage\/2025\/10\/foto-assessoria-da-prf-600x274.jpg 600w\" sizes=\"(max-width: 919px) 100vw, 919px\" \/><\/p>\n<p><\/p>\n\n\n\n<p>Um acidente levou a vida do jovem de 17 anos, chamado Lucas Paulo da Silva, morreu no final da tarde de ontem (14) ap\u00f3s ser atropelado no quil\u00f4metro 57 da BR-230, no sentido Jo\u00e3o Pessoa \u2013 Campina Grande, na altura de Cruz do Esp\u00edrito Santo, na Para\u00edba.<\/p>\n\n\n\n<p>Segundo dados da pol\u00edcia, Lucas havia acabado de descer do \u00f4nibus, retornando do trabalho, quando tentou atravessar a rodovia e foi atingido por uma caminhonete. O jovem ficou ferido no canteiro da pista, e equipes de resgate foram acionadas imediatamente. Ele chegou a receber tentativas de reanima\u00e7\u00e3o, mas n\u00e3o resistiu \u00e0 gravidade dos ferimentos.<\/p>\n\n\n\n<p>O helic\u00f3ptero da Secretaria de Seguran\u00e7a P\u00fablica do Estado da Para\u00edba foi mobilizado para prestar socorro, mas Lucas morreu antes de ser transportado. De acordo com testemunhas, o motorista da caminhonete abandonou o ve\u00edculo e deixou o local, possivelmente temendo repres\u00e1lias. A Pol\u00edcia Rodovi\u00e1ria Federal (PRF) esteve no local realizando todos os procedimentos de investiga\u00e7\u00e3o e controle do tr\u00e2nsito.<\/p>\n\n\n\n<p>Lucas era morador do bairro Massangana III, em Cruz do Esp\u00edrito Santo, e estava voltando para casa ap\u00f3s mais um dia de trabalho quando ocorreu a trag\u00e9dia.<\/p>\n\n\n\n<p>Reda\u00e7\u00e3o<\/p>\n","protected":false},"excerpt":{"rendered":"<p><img loading=\"lazy\" decoding=\"async\" width=\"919\" height=\"420\" src=\"https:\/\/www.pbagora.com.br\/storage\/2025\/10\/foto-assessoria-da-prf.jpg\" class=\"attachment-large size-large wp-post-image\" alt=\"\" srcset=\"https:\/\/www.pbagora.com.br\/storage\/2025\/10\/foto-assessoria-da-prf.jpg 919w, https:\/\/www.pbagora.com.br\/storage\/2025\/10\/foto-assessoria-da-prf-300x137.jpg 300w, https:\/\/www.pbagora.com.br\/storage\/2025\/10\/foto-assessoria-da-prf-150x69.jpg 150w, https:\/\/www.pbagora.com.br\/storage\/2025\/10\/foto-assessoria-da-prf-768x351.jpg 768w, https:\/\/www.pbagora.com.br\/storage\/2025\/10\/foto-assessoria-da-prf-380x174.jpg 380w, https:\/\/www.pbagora.com.br\/storage\/2025\/10\/foto-assessoria-da-prf-800x366.jpg 800w, https:\/\/www.pbagora.com.br\/storage\/2025\/10\/foto-assessoria-da-prf-80x37.jpg 80w, https:\/\/www.pbagora.com.br\/storage\/2025\/10\/foto-assessoria-da-prf-760x347.jpg 760w, https:\/\/www.pbagora.com.br\/storage\/2025\/10\/foto-assessoria-da-prf-600x274.jpg 600w\" sizes=\"auto, (max-width: 919px) 100vw, 919px\"><\/p>\n<p>Um acidente levou a vida do jovem de 17 anos, chamado Lucas Paulo da Silva, morreu no final\u2026<\/p>\n","protected":false},"author":123457,"featured_media":0,"comment_status":"closed","ping_status":"closed","sticky":false,"template":"","format":"standard","meta":{"advgb_blocks_editor_width":"","advgb_blocks_columns_visual_guide":"","footnotes":""},"categories":[34],"tags":[35,10839,10842],"class_list":["post-61890","post","type-post","status-publish","format-standard","hentry","category-g1","tag-g1","tag-policial","tag-principal3"],"author_meta":{"display_name":"Reda\u00e7\u00e3o","author_link":"https:\/\/sindaopcpb.org.br\/author\/redacao\/"},"featured_img":null,"coauthors":[],"tax_additional":{"categories":{"linked":["<a href=\"https:\/\/sindaopcpb.org.br\/g1\/\" class=\"advgb-post-tax-term\">G1<\/a>"],"unlinked":["<span class=\"advgb-post-tax-term\">G1<\/span>"]},"tags":{"linked":["<a href=\"https:\/\/sindaopcpb.org.br\/g1\/\" class=\"advgb-post-tax-term\">g1<\/a>","<a href=\"https:\/\/sindaopcpb.org.br\/g1\/\" class=\"advgb-post-tax-term\">Policial<\/a>","<a href=\"https:\/\/sindaopcpb.org.br\/g1\/\" class=\"advgb-post-tax-term\">Principal3<\/a>"],"unlinked":["<span class=\"advgb-post-tax-term\">g1<\/span>","<span class=\"advgb-post-tax-term\">Policial<\/span>","<span class=\"advgb-post-tax-term\">Principal3<\/span>"]}},"comment_count":"0","relative_dates":{"created":"Publicado 7 meses atr\u00e1s","modified":"Atualizado 7 meses atr\u00e1s"},"absolute_dates":{"created":"Publicado em 15 de outubro de 2025","modified":"Atualizado em 15 de outubro de 2025"},"absolute_dates_time":{"created":"Publicado em 15 de outubro de 2025 05:59","modified":"Atualizado em 15 de outubro de 2025 05:59"},"featured_img_caption":"","series_order":"","_links":{"self":[{"href":"https:\/\/sindaopcpb.org.br\/index.php\/wp-json\/wp\/v2\/posts\/61890","targetHints":{"allow":["GET"]}}],"collection":[{"href":"https:\/\/sindaopcpb.org.br\/index.php\/wp-json\/wp\/v2\/posts"}],"about":[{"href":"https:\/\/sindaopcpb.org.br\/index.php\/wp-json\/wp\/v2\/types\/post"}],"author":[{"embeddable":true,"href":"https:\/\/sindaopcpb.org.br\/index.php\/wp-json\/wp\/v2\/users\/123457"}],"replies":[{"embeddable":true,"href":"https:\/\/sindaopcpb.org.br\/index.php\/wp-json\/wp\/v2\/comments?post=61890"}],"version-history":[{"count":3,"href":"https:\/\/sindaopcpb.org.br\/index.php\/wp-json\/wp\/v2\/posts\/61890\/revisions"}],"predecessor-version":[{"id":61903,"href":"https:\/\/sindaopcpb.org.br\/index.php\/wp-json\/wp\/v2\/posts\/61890\/revisions\/61903"}],"wp:attachment":[{"href":"https:\/\/sindaopcpb.org.br\/index.php\/wp-json\/wp\/v2\/media?parent=61890"}],"wp:term":[{"taxonomy":"category","embeddable":true,"href":"https:\/\/sindaopcpb.org.br\/index.php\/wp-json\/wp\/v2\/categories?post=61890"},{"taxonomy":"post_tag","embeddable":true,"href":"https:\/\/sindaopcpb.org.br\/index.php\/wp-json\/wp\/v2\/tags?post=61890"}],"curies":[{"name":"wp","href":"https:\/\/api.w.org\/{rel}","templated":true}]}}