{"id":61879,"date":"2025-10-14T13:00:04","date_gmt":"2025-10-14T16:00:04","guid":{"rendered":"https:\/\/www.pbagora.com.br\/?p=921430"},"modified":"2025-10-14T13:00:04","modified_gmt":"2025-10-14T16:00:04","slug":"motorista-de-onibus-e-esfaqueado-apos-tentar-impedir-que-homem-pulasse-a-catraca-em-jp","status":"publish","type":"post","link":"https:\/\/sindaopcpb.org.br\/index.php\/2025\/10\/14\/motorista-de-onibus-e-esfaqueado-apos-tentar-impedir-que-homem-pulasse-a-catraca-em-jp\/","title":{"rendered":"Motorista de \u00f4nibus \u00e9 esfaqueado ap\u00f3s tentar impedir que homem pulasse a catraca, em JP"},"content":{"rendered":"<p><img width=\"683\" height=\"1024\" src=\"https:\/\/www.pbagora.com.br\/storage\/2025\/10\/20251014_1143_Mao-com-Faca_simple_compose_01k7hjp1tjfvy8g2y503rxs9mx-683x1024.png\" class=\"attachment-large size-large wp-post-image\" alt=\"\" style=\"margin-bottom: 20px;\" decoding=\"async\" srcset=\"https:\/\/www.pbagora.com.br\/storage\/2025\/10\/20251014_1143_Mao-com-Faca_simple_compose_01k7hjp1tjfvy8g2y503rxs9mx-683x1024.png 683w, https:\/\/www.pbagora.com.br\/storage\/2025\/10\/20251014_1143_Mao-com-Faca_simple_compose_01k7hjp1tjfvy8g2y503rxs9mx-200x300.png 200w, https:\/\/www.pbagora.com.br\/storage\/2025\/10\/20251014_1143_Mao-com-Faca_simple_compose_01k7hjp1tjfvy8g2y503rxs9mx-100x150.png 100w, https:\/\/www.pbagora.com.br\/storage\/2025\/10\/20251014_1143_Mao-com-Faca_simple_compose_01k7hjp1tjfvy8g2y503rxs9mx-768x1152.png 768w, https:\/\/www.pbagora.com.br\/storage\/2025\/10\/20251014_1143_Mao-com-Faca_simple_compose_01k7hjp1tjfvy8g2y503rxs9mx-380x570.png 380w, https:\/\/www.pbagora.com.br\/storage\/2025\/10\/20251014_1143_Mao-com-Faca_simple_compose_01k7hjp1tjfvy8g2y503rxs9mx-800x1200.png 800w, https:\/\/www.pbagora.com.br\/storage\/2025\/10\/20251014_1143_Mao-com-Faca_simple_compose_01k7hjp1tjfvy8g2y503rxs9mx-80x120.png 80w, https:\/\/www.pbagora.com.br\/storage\/2025\/10\/20251014_1143_Mao-com-Faca_simple_compose_01k7hjp1tjfvy8g2y503rxs9mx-53x80.png 53w, https:\/\/www.pbagora.com.br\/storage\/2025\/10\/20251014_1143_Mao-com-Faca_simple_compose_01k7hjp1tjfvy8g2y503rxs9mx-760x1140.png 760w, https:\/\/www.pbagora.com.br\/storage\/2025\/10\/20251014_1143_Mao-com-Faca_simple_compose_01k7hjp1tjfvy8g2y503rxs9mx-400x600.png 400w, https:\/\/www.pbagora.com.br\/storage\/2025\/10\/20251014_1143_Mao-com-Faca_simple_compose_01k7hjp1tjfvy8g2y503rxs9mx.png 1024w\" sizes=\"(max-width: 683px) 100vw, 683px\" \/><\/p>\n<p>Na manh\u00e3 desta ter\u00e7a-feira (14), um motorista da linha 303 foi v\u00edtima de uma agress\u00e3o com arma branca enquanto trabalhava. O crime ocorreu nas proximidades da Universidade Federal da Para\u00edba, no bairro Castelo Branco, em Jo\u00e3o Pessoa ap\u00f3s o condutor orientar um passageiro a n\u00e3o pular a catraca do coletivo.<\/p>\n\n\n\n<p>Segundo relatos de testemunhas, o homem tentou embarcar sem pagar a tarifa e ao ser advertido pelo motorista, reagiu de forma violenta, desferindo um golpe de faca contra ele. O epis\u00f3dio gerou p\u00e2nico entre os passageiros, que acionaram o Servi\u00e7o de Atendimento M\u00f3vel de Urg\u00eancia (Samu).<\/p>\n\n\n\n<p>A v\u00edtima foi socorrida e encaminhada ao Hospital de Emerg\u00eancia e Trauma da capital, onde recebeu atendimento m\u00e9dico. De acordo com informa\u00e7\u00f5es da unidade hospitalar, o estado de sa\u00fade do motorista \u00e9 est\u00e1vel.<\/p>\n\n\n\n<p>Ap\u00f3s o ataque, o agressor fugiu do local e, at\u00e9 o momento, n\u00e3o foi localizado. A Pol\u00edcia Militar realizou buscas na regi\u00e3o e segue investigando o caso.<\/p>\n\n\n\n<p><strong><em>PB Agora<\/em><\/strong><\/p>\n","protected":false},"excerpt":{"rendered":"<p><img loading=\"lazy\" decoding=\"async\" width=\"683\" height=\"1024\" src=\"https:\/\/www.pbagora.com.br\/storage\/2025\/10\/20251014_1143_Mao-com-Faca_simple_compose_01k7hjp1tjfvy8g2y503rxs9mx-683x1024.png\" class=\"attachment-large size-large wp-post-image\" alt=\"\" srcset=\"https:\/\/www.pbagora.com.br\/storage\/2025\/10\/20251014_1143_Mao-com-Faca_simple_compose_01k7hjp1tjfvy8g2y503rxs9mx-683x1024.png 683w, https:\/\/www.pbagora.com.br\/storage\/2025\/10\/20251014_1143_Mao-com-Faca_simple_compose_01k7hjp1tjfvy8g2y503rxs9mx-200x300.png 200w, https:\/\/www.pbagora.com.br\/storage\/2025\/10\/20251014_1143_Mao-com-Faca_simple_compose_01k7hjp1tjfvy8g2y503rxs9mx-100x150.png 100w, https:\/\/www.pbagora.com.br\/storage\/2025\/10\/20251014_1143_Mao-com-Faca_simple_compose_01k7hjp1tjfvy8g2y503rxs9mx-768x1152.png 768w, https:\/\/www.pbagora.com.br\/storage\/2025\/10\/20251014_1143_Mao-com-Faca_simple_compose_01k7hjp1tjfvy8g2y503rxs9mx-380x570.png 380w, https:\/\/www.pbagora.com.br\/storage\/2025\/10\/20251014_1143_Mao-com-Faca_simple_compose_01k7hjp1tjfvy8g2y503rxs9mx-800x1200.png 800w, https:\/\/www.pbagora.com.br\/storage\/2025\/10\/20251014_1143_Mao-com-Faca_simple_compose_01k7hjp1tjfvy8g2y503rxs9mx-80x120.png 80w, https:\/\/www.pbagora.com.br\/storage\/2025\/10\/20251014_1143_Mao-com-Faca_simple_compose_01k7hjp1tjfvy8g2y503rxs9mx-53x80.png 53w, https:\/\/www.pbagora.com.br\/storage\/2025\/10\/20251014_1143_Mao-com-Faca_simple_compose_01k7hjp1tjfvy8g2y503rxs9mx-760x1140.png 760w, https:\/\/www.pbagora.com.br\/storage\/2025\/10\/20251014_1143_Mao-com-Faca_simple_compose_01k7hjp1tjfvy8g2y503rxs9mx-400x600.png 400w, https:\/\/www.pbagora.com.br\/storage\/2025\/10\/20251014_1143_Mao-com-Faca_simple_compose_01k7hjp1tjfvy8g2y503rxs9mx.png 1024w\" sizes=\"auto, (max-width: 683px) 100vw, 683px\"><\/p>\n<p>Na manh\u00e3 desta ter\u00e7a-feira (14), um motorista da linha 303 foi v\u00edtima de uma agress\u00e3o com arma branca\u2026<\/p>\n","protected":false},"author":123457,"featured_media":0,"comment_status":"closed","ping_status":"closed","sticky":false,"template":"","format":"standard","meta":{"advgb_blocks_editor_width":"","advgb_blocks_columns_visual_guide":"","footnotes":""},"categories":[34],"tags":[35,10839,10853],"class_list":["post-61879","post","type-post","status-publish","format-standard","hentry","category-g1","tag-g1","tag-policial","tag-principal2-entenda01"],"author_meta":{"display_name":"Reda\u00e7\u00e3o","author_link":"https:\/\/sindaopcpb.org.br\/author\/redacao\/"},"featured_img":null,"coauthors":[],"tax_additional":{"categories":{"linked":["<a href=\"https:\/\/sindaopcpb.org.br\/g1\/\" class=\"advgb-post-tax-term\">G1<\/a>"],"unlinked":["<span class=\"advgb-post-tax-term\">G1<\/span>"]},"tags":{"linked":["<a href=\"https:\/\/sindaopcpb.org.br\/g1\/\" class=\"advgb-post-tax-term\">g1<\/a>","<a href=\"https:\/\/sindaopcpb.org.br\/g1\/\" class=\"advgb-post-tax-term\">Policial<\/a>","<a href=\"https:\/\/sindaopcpb.org.br\/g1\/\" class=\"advgb-post-tax-term\">principal2-entenda01<\/a>"],"unlinked":["<span class=\"advgb-post-tax-term\">g1<\/span>","<span class=\"advgb-post-tax-term\">Policial<\/span>","<span class=\"advgb-post-tax-term\">principal2-entenda01<\/span>"]}},"comment_count":"0","relative_dates":{"created":"Publicado 7 meses atr\u00e1s","modified":"Atualizado 7 meses atr\u00e1s"},"absolute_dates":{"created":"Publicado em 14 de outubro de 2025","modified":"Atualizado em 14 de outubro de 2025"},"absolute_dates_time":{"created":"Publicado em 14 de outubro de 2025 13:00","modified":"Atualizado em 14 de outubro de 2025 13:00"},"featured_img_caption":"","series_order":"","_links":{"self":[{"href":"https:\/\/sindaopcpb.org.br\/index.php\/wp-json\/wp\/v2\/posts\/61879","targetHints":{"allow":["GET"]}}],"collection":[{"href":"https:\/\/sindaopcpb.org.br\/index.php\/wp-json\/wp\/v2\/posts"}],"about":[{"href":"https:\/\/sindaopcpb.org.br\/index.php\/wp-json\/wp\/v2\/types\/post"}],"author":[{"embeddable":true,"href":"https:\/\/sindaopcpb.org.br\/index.php\/wp-json\/wp\/v2\/users\/123457"}],"replies":[{"embeddable":true,"href":"https:\/\/sindaopcpb.org.br\/index.php\/wp-json\/wp\/v2\/comments?post=61879"}],"version-history":[{"count":2,"href":"https:\/\/sindaopcpb.org.br\/index.php\/wp-json\/wp\/v2\/posts\/61879\/revisions"}],"predecessor-version":[{"id":61887,"href":"https:\/\/sindaopcpb.org.br\/index.php\/wp-json\/wp\/v2\/posts\/61879\/revisions\/61887"}],"wp:attachment":[{"href":"https:\/\/sindaopcpb.org.br\/index.php\/wp-json\/wp\/v2\/media?parent=61879"}],"wp:term":[{"taxonomy":"category","embeddable":true,"href":"https:\/\/sindaopcpb.org.br\/index.php\/wp-json\/wp\/v2\/categories?post=61879"},{"taxonomy":"post_tag","embeddable":true,"href":"https:\/\/sindaopcpb.org.br\/index.php\/wp-json\/wp\/v2\/tags?post=61879"}],"curies":[{"name":"wp","href":"https:\/\/api.w.org\/{rel}","templated":true}]}}