{"id":61869,"date":"2025-10-14T09:49:51","date_gmt":"2025-10-14T12:49:51","guid":{"rendered":"https:\/\/www.pbagora.com.br\/?p=921401"},"modified":"2025-10-14T09:49:51","modified_gmt":"2025-10-14T12:49:51","slug":"familia-busca-por-jovem-desaparecida-no-bairro-dos-bancarios-desde-a-ultima-sexta","status":"publish","type":"post","link":"https:\/\/sindaopcpb.org.br\/index.php\/2025\/10\/14\/familia-busca-por-jovem-desaparecida-no-bairro-dos-bancarios-desde-a-ultima-sexta\/","title":{"rendered":"Fam\u00edlia busca por jovem desaparecida no bairro dos Banc\u00e1rios desde a \u00faltima sexta"},"content":{"rendered":"<p><img width=\"500\" height=\"280\" src=\"https:\/\/www.pbagora.com.br\/storage\/2025\/10\/image-123.png\" class=\"attachment-large size-large wp-post-image\" alt=\"\" style=\"margin-bottom: 20px;\" decoding=\"async\" loading=\"lazy\" srcset=\"https:\/\/www.pbagora.com.br\/storage\/2025\/10\/image-123.png 500w, https:\/\/www.pbagora.com.br\/storage\/2025\/10\/image-123-300x168.png 300w, https:\/\/www.pbagora.com.br\/storage\/2025\/10\/image-123-150x84.png 150w, https:\/\/www.pbagora.com.br\/storage\/2025\/10\/image-123-380x213.png 380w, https:\/\/www.pbagora.com.br\/storage\/2025\/10\/image-123-80x46.png 80w\" sizes=\"auto, (max-width: 500px) 100vw, 500px\" \/><\/p>\n<p>Uma jovem, identificada como Dayane Beserra, de 21 anos, est\u00e1 desaparecida desde a \u00faltima sexta-feira (10), em Jo\u00e3o Pessoa.<\/p>\n\n\n\n<p>De acordo com informa\u00e7\u00f5es dos familiares ela foi vista pela \u00faltima vez sozinha na Pra\u00e7a da Paz, localizada no bairro dos Banc\u00e1rios, e desde ent\u00e3o n\u00e3o h\u00e1 not\u00edcias sobre seu paradeiro.<\/p>\n\n\n\n<p>No momento em que desapareceu, Dayane vestia roupas pretas. A jovem n\u00e3o teria deixado pistas sobre seu destino.<\/p>\n\n\n\n<p>A fam\u00edlia est\u00e1 mobilizada em busca de informa\u00e7\u00f5es que possam ajudar a localizar Dayane. Eles pedem que qualquer dado relevante seja comunicado imediatamente \u00e0 pol\u00edcia para que as investiga\u00e7\u00f5es possam avan\u00e7ar.<\/p>\n\n\n\n<p>A Pol\u00edcia Civil acompanha o caso e orienta que den\u00fancias an\u00f4nimas tamb\u00e9m podem ser feitas por meio dos canais oficiais.<\/p>\n\n\n\n<p><strong><em>PB Agora<\/em><\/strong><\/p>\n","protected":false},"excerpt":{"rendered":"<p><img decoding=\"async\" width=\"500\" height=\"280\" src=\"https:\/\/www.pbagora.com.br\/storage\/2025\/10\/image-123.png\" class=\"attachment-large size-large wp-post-image\" alt=\"\" loading=\"lazy\" srcset=\"https:\/\/www.pbagora.com.br\/storage\/2025\/10\/image-123.png 500w, https:\/\/www.pbagora.com.br\/storage\/2025\/10\/image-123-300x168.png 300w, https:\/\/www.pbagora.com.br\/storage\/2025\/10\/image-123-150x84.png 150w, https:\/\/www.pbagora.com.br\/storage\/2025\/10\/image-123-380x213.png 380w, https:\/\/www.pbagora.com.br\/storage\/2025\/10\/image-123-80x46.png 80w\" sizes=\"auto, (max-width: 500px) 100vw, 500px\"><\/p>\n<p>Uma jovem, identificada como Dayane Beserra, de 21 anos, est\u00e1 desaparecida desde a \u00faltima sexta-feira (10), em Jo\u00e3o\u2026<\/p>\n","protected":false},"author":123457,"featured_media":0,"comment_status":"closed","ping_status":"closed","sticky":false,"template":"","format":"standard","meta":{"advgb_blocks_editor_width":"","advgb_blocks_columns_visual_guide":"","footnotes":""},"categories":[34],"tags":[10840,35,10839],"class_list":["post-61869","post","type-post","status-publish","format-standard","hentry","category-g1","tag-destaque-centro-03","tag-g1","tag-policial"],"author_meta":{"display_name":"Reda\u00e7\u00e3o","author_link":"https:\/\/sindaopcpb.org.br\/author\/redacao\/"},"featured_img":null,"coauthors":[],"tax_additional":{"categories":{"linked":["<a href=\"https:\/\/sindaopcpb.org.br\/g1\/\" class=\"advgb-post-tax-term\">G1<\/a>"],"unlinked":["<span class=\"advgb-post-tax-term\">G1<\/span>"]},"tags":{"linked":["<a href=\"https:\/\/sindaopcpb.org.br\/g1\/\" class=\"advgb-post-tax-term\">Destaque Centro 03<\/a>","<a href=\"https:\/\/sindaopcpb.org.br\/g1\/\" class=\"advgb-post-tax-term\">g1<\/a>","<a href=\"https:\/\/sindaopcpb.org.br\/g1\/\" class=\"advgb-post-tax-term\">Policial<\/a>"],"unlinked":["<span class=\"advgb-post-tax-term\">Destaque Centro 03<\/span>","<span class=\"advgb-post-tax-term\">g1<\/span>","<span class=\"advgb-post-tax-term\">Policial<\/span>"]}},"comment_count":"0","relative_dates":{"created":"Publicado 7 meses atr\u00e1s","modified":"Atualizado 7 meses atr\u00e1s"},"absolute_dates":{"created":"Publicado em 14 de outubro de 2025","modified":"Atualizado em 14 de outubro de 2025"},"absolute_dates_time":{"created":"Publicado em 14 de outubro de 2025 09:49","modified":"Atualizado em 14 de outubro de 2025 09:49"},"featured_img_caption":"","series_order":"","_links":{"self":[{"href":"https:\/\/sindaopcpb.org.br\/index.php\/wp-json\/wp\/v2\/posts\/61869","targetHints":{"allow":["GET"]}}],"collection":[{"href":"https:\/\/sindaopcpb.org.br\/index.php\/wp-json\/wp\/v2\/posts"}],"about":[{"href":"https:\/\/sindaopcpb.org.br\/index.php\/wp-json\/wp\/v2\/types\/post"}],"author":[{"embeddable":true,"href":"https:\/\/sindaopcpb.org.br\/index.php\/wp-json\/wp\/v2\/users\/123457"}],"replies":[{"embeddable":true,"href":"https:\/\/sindaopcpb.org.br\/index.php\/wp-json\/wp\/v2\/comments?post=61869"}],"version-history":[{"count":1,"href":"https:\/\/sindaopcpb.org.br\/index.php\/wp-json\/wp\/v2\/posts\/61869\/revisions"}],"predecessor-version":[{"id":61870,"href":"https:\/\/sindaopcpb.org.br\/index.php\/wp-json\/wp\/v2\/posts\/61869\/revisions\/61870"}],"wp:attachment":[{"href":"https:\/\/sindaopcpb.org.br\/index.php\/wp-json\/wp\/v2\/media?parent=61869"}],"wp:term":[{"taxonomy":"category","embeddable":true,"href":"https:\/\/sindaopcpb.org.br\/index.php\/wp-json\/wp\/v2\/categories?post=61869"},{"taxonomy":"post_tag","embeddable":true,"href":"https:\/\/sindaopcpb.org.br\/index.php\/wp-json\/wp\/v2\/tags?post=61869"}],"curies":[{"name":"wp","href":"https:\/\/api.w.org\/{rel}","templated":true}]}}