{"id":61851,"date":"2025-10-13T19:53:44","date_gmt":"2025-10-13T22:53:44","guid":{"rendered":"https:\/\/www.pbagora.com.br\/?p=921342"},"modified":"2025-10-13T20:53:00","modified_gmt":"2025-10-13T23:53:00","slug":"desbloqueio-de-vias-policia-militar-negocia-com-manifestantes-e-encerra-protesto-em-mandacaru","status":"publish","type":"post","link":"https:\/\/sindaopcpb.org.br\/index.php\/2025\/10\/13\/desbloqueio-de-vias-policia-militar-negocia-com-manifestantes-e-encerra-protesto-em-mandacaru\/","title":{"rendered":"Desbloqueio de vias: Pol\u00edcia Militar negocia com manifestantes e encerra protesto em Mandacaru"},"content":{"rendered":"<p><img width=\"1024\" height=\"856\" src=\"https:\/\/www.pbagora.com.br\/storage\/2025\/10\/Captura-de-tela-2025-10-13-183448-1024x856.png\" class=\"attachment-large size-large wp-post-image\" alt=\"\" style=\"margin-bottom: 20px;\" decoding=\"async\" loading=\"lazy\" srcset=\"https:\/\/www.pbagora.com.br\/storage\/2025\/10\/Captura-de-tela-2025-10-13-183448-1024x856.png 1024w, https:\/\/www.pbagora.com.br\/storage\/2025\/10\/Captura-de-tela-2025-10-13-183448-300x251.png 300w, https:\/\/www.pbagora.com.br\/storage\/2025\/10\/Captura-de-tela-2025-10-13-183448-150x125.png 150w, https:\/\/www.pbagora.com.br\/storage\/2025\/10\/Captura-de-tela-2025-10-13-183448-768x642.png 768w, https:\/\/www.pbagora.com.br\/storage\/2025\/10\/Captura-de-tela-2025-10-13-183448-380x318.png 380w, https:\/\/www.pbagora.com.br\/storage\/2025\/10\/Captura-de-tela-2025-10-13-183448-800x668.png 800w, https:\/\/www.pbagora.com.br\/storage\/2025\/10\/Captura-de-tela-2025-10-13-183448-1160x969.png 1160w, https:\/\/www.pbagora.com.br\/storage\/2025\/10\/Captura-de-tela-2025-10-13-183448-80x67.png 80w, https:\/\/www.pbagora.com.br\/storage\/2025\/10\/Captura-de-tela-2025-10-13-183448-760x635.png 760w, https:\/\/www.pbagora.com.br\/storage\/2025\/10\/Captura-de-tela-2025-10-13-183448-600x501.png 600w, https:\/\/www.pbagora.com.br\/storage\/2025\/10\/Captura-de-tela-2025-10-13-183448.png 1198w\" sizes=\"auto, (max-width: 1024px) 100vw, 1024px\" \/><\/p>\n<p>A Pol\u00edcia Militar conseguiu encerrar, de forma pac\u00edfica, um protesto realizado por moradores no bairro de Mandacaru, em Jo\u00e3o Pessoa, na noite desta segunda-feira (13). Ap\u00f3s di\u00e1logo e escuta das reivindica\u00e7\u00f5es dos participantes do ato, os agentes de seguran\u00e7a conseguiram dispersar os manifestantes e liberar o fluxo de ve\u00edculos nas vias de acessos para o Alto do C\u00e9u e Jardim Mangueira, na altura da Beira da Linha.\u00a0<\/p>\n\n\n\n<p>Durante entrevista ao programa Hora H, da r\u00e1dio Pop FM, o tenente coronel Bruno, comandante do Primeiro Batalh\u00e3o da capital, afirmou que as negocia\u00e7\u00f5es ocorreram sem nenhum tipo de confronto.<\/p>\n\n\n\n<p>\u201cA situa\u00e7\u00e3o aqui j\u00e1 est\u00e1 controlada e acalmada. Os manifestantes estavam exercendo seu direito de protestar. A Pol\u00edcia Militar veio ao local, fez a devida negocia\u00e7\u00e3o, escutou suas reclama\u00e7\u00f5es e reivindica\u00e7\u00f5es. A imprensa tamb\u00e9m esteve presente e os moradores apresentaram suas demandas. A manifesta\u00e7\u00e3o foi encerrada, as chamas foram apagadas pelos Bombeiros e os moradores j\u00e1 se dispersaram\u201d, informou o oficial.<\/p>\n\n\n\n<p>O ato ocorreu um dia depois de um confronto entre policiais e criminosos na mesma regi\u00e3o. Segundo a PM, equipes do 1\u00ba Batalh\u00e3o foram recebidas a tiros ao atender den\u00fancias de disparos de arma de fogo. \u201cQuando a guarni\u00e7\u00e3o chegou ao local, foi recebida por disparos. As equipes, de forma leg\u00edtima, reagiram \u00e0 injusta agress\u00e3o e um dos acusados foi atingido\u201d, explicou o comandante.<\/p>\n\n\n\n<p>Segundo o coronel Bruno, o jovem baleado tem 17 anos e j\u00e1 possui diversas passagens pela pol\u00edcia. \u201cOs pr\u00f3prios moradores confirmam que ele estava armado. Trata-se de um rapaz com hist\u00f3rico de ato infracional an\u00e1logo ao tr\u00e1fico de drogas, acusado de uma tentativa de homic\u00eddio no final de setembro e de um poss\u00edvel homic\u00eddio ocorrido este ano no bairro do Bessa\u201d, detalhou.<\/p>\n\n\n\n<p><strong><em>PB Agora<\/em><\/strong><\/p>\n","protected":false},"excerpt":{"rendered":"<p><img decoding=\"async\" width=\"1024\" height=\"856\" src=\"https:\/\/www.pbagora.com.br\/storage\/2025\/10\/Captura-de-tela-2025-10-13-183448-1024x856.png\" class=\"attachment-large size-large wp-post-image\" alt=\"\" loading=\"lazy\" srcset=\"https:\/\/www.pbagora.com.br\/storage\/2025\/10\/Captura-de-tela-2025-10-13-183448-1024x856.png 1024w, https:\/\/www.pbagora.com.br\/storage\/2025\/10\/Captura-de-tela-2025-10-13-183448-300x251.png 300w, https:\/\/www.pbagora.com.br\/storage\/2025\/10\/Captura-de-tela-2025-10-13-183448-150x125.png 150w, https:\/\/www.pbagora.com.br\/storage\/2025\/10\/Captura-de-tela-2025-10-13-183448-768x642.png 768w, https:\/\/www.pbagora.com.br\/storage\/2025\/10\/Captura-de-tela-2025-10-13-183448-380x318.png 380w, https:\/\/www.pbagora.com.br\/storage\/2025\/10\/Captura-de-tela-2025-10-13-183448-800x668.png 800w, https:\/\/www.pbagora.com.br\/storage\/2025\/10\/Captura-de-tela-2025-10-13-183448-1160x969.png 1160w, https:\/\/www.pbagora.com.br\/storage\/2025\/10\/Captura-de-tela-2025-10-13-183448-80x67.png 80w, https:\/\/www.pbagora.com.br\/storage\/2025\/10\/Captura-de-tela-2025-10-13-183448-760x635.png 760w, https:\/\/www.pbagora.com.br\/storage\/2025\/10\/Captura-de-tela-2025-10-13-183448-600x501.png 600w, https:\/\/www.pbagora.com.br\/storage\/2025\/10\/Captura-de-tela-2025-10-13-183448.png 1198w\" sizes=\"auto, (max-width: 1024px) 100vw, 1024px\"><\/p>\n<p>A Pol\u00edcia Militar conseguiu encerrar, de forma pac\u00edfica, um protesto realizado por moradores no bairro de Mandacaru, em\u2026<\/p>\n","protected":false},"author":123457,"featured_media":0,"comment_status":"closed","ping_status":"closed","sticky":false,"template":"","format":"standard","meta":{"advgb_blocks_editor_width":"","advgb_blocks_columns_visual_guide":"","footnotes":""},"categories":[34],"tags":[10841,35,10839],"class_list":["post-61851","post","type-post","status-publish","format-standard","hentry","category-g1","tag-destaque-centro-02","tag-g1","tag-policial"],"author_meta":{"display_name":"Reda\u00e7\u00e3o","author_link":"https:\/\/sindaopcpb.org.br\/author\/redacao\/"},"featured_img":null,"coauthors":[],"tax_additional":{"categories":{"linked":["<a href=\"https:\/\/sindaopcpb.org.br\/g1\/\" class=\"advgb-post-tax-term\">G1<\/a>"],"unlinked":["<span class=\"advgb-post-tax-term\">G1<\/span>"]},"tags":{"linked":["<a href=\"https:\/\/sindaopcpb.org.br\/g1\/\" class=\"advgb-post-tax-term\">Destaque Centro 02<\/a>","<a href=\"https:\/\/sindaopcpb.org.br\/g1\/\" class=\"advgb-post-tax-term\">g1<\/a>","<a href=\"https:\/\/sindaopcpb.org.br\/g1\/\" class=\"advgb-post-tax-term\">Policial<\/a>"],"unlinked":["<span class=\"advgb-post-tax-term\">Destaque Centro 02<\/span>","<span class=\"advgb-post-tax-term\">g1<\/span>","<span class=\"advgb-post-tax-term\">Policial<\/span>"]}},"comment_count":"0","relative_dates":{"created":"Publicado 7 meses atr\u00e1s","modified":"Atualizado 7 meses atr\u00e1s"},"absolute_dates":{"created":"Publicado em 13 de outubro de 2025","modified":"Atualizado em 13 de outubro de 2025"},"absolute_dates_time":{"created":"Publicado em 13 de outubro de 2025 19:53","modified":"Atualizado em 13 de outubro de 2025 20:53"},"featured_img_caption":"","series_order":"","_links":{"self":[{"href":"https:\/\/sindaopcpb.org.br\/index.php\/wp-json\/wp\/v2\/posts\/61851","targetHints":{"allow":["GET"]}}],"collection":[{"href":"https:\/\/sindaopcpb.org.br\/index.php\/wp-json\/wp\/v2\/posts"}],"about":[{"href":"https:\/\/sindaopcpb.org.br\/index.php\/wp-json\/wp\/v2\/types\/post"}],"author":[{"embeddable":true,"href":"https:\/\/sindaopcpb.org.br\/index.php\/wp-json\/wp\/v2\/users\/123457"}],"replies":[{"embeddable":true,"href":"https:\/\/sindaopcpb.org.br\/index.php\/wp-json\/wp\/v2\/comments?post=61851"}],"version-history":[{"count":3,"href":"https:\/\/sindaopcpb.org.br\/index.php\/wp-json\/wp\/v2\/posts\/61851\/revisions"}],"predecessor-version":[{"id":61864,"href":"https:\/\/sindaopcpb.org.br\/index.php\/wp-json\/wp\/v2\/posts\/61851\/revisions\/61864"}],"wp:attachment":[{"href":"https:\/\/sindaopcpb.org.br\/index.php\/wp-json\/wp\/v2\/media?parent=61851"}],"wp:term":[{"taxonomy":"category","embeddable":true,"href":"https:\/\/sindaopcpb.org.br\/index.php\/wp-json\/wp\/v2\/categories?post=61851"},{"taxonomy":"post_tag","embeddable":true,"href":"https:\/\/sindaopcpb.org.br\/index.php\/wp-json\/wp\/v2\/tags?post=61851"}],"curies":[{"name":"wp","href":"https:\/\/api.w.org\/{rel}","templated":true}]}}