{"id":61845,"date":"2025-10-13T19:19:25","date_gmt":"2025-10-13T22:19:25","guid":{"rendered":"https:\/\/www.pbagora.com.br\/?p=921332"},"modified":"2025-10-13T19:19:25","modified_gmt":"2025-10-13T22:19:25","slug":"dupla-e-presa-em-em-detida-flagrante-apos-assaltar-estabelecimento-comercial-na-capital","status":"publish","type":"post","link":"https:\/\/sindaopcpb.org.br\/index.php\/2025\/10\/13\/dupla-e-presa-em-em-detida-flagrante-apos-assaltar-estabelecimento-comercial-na-capital\/","title":{"rendered":"Dupla \u00e9 presa em em detida flagrante ap\u00f3s assaltar estabelecimento comercial na capital"},"content":{"rendered":"<p><img width=\"800\" height=\"445\" src=\"https:\/\/www.pbagora.com.br\/storage\/2025\/10\/WhatsApp-Image-2025-10-13-at-15.29.31.jpeg\" class=\"attachment-large size-large wp-post-image\" alt=\"\" style=\"margin-bottom: 20px;\" decoding=\"async\" srcset=\"https:\/\/www.pbagora.com.br\/storage\/2025\/10\/WhatsApp-Image-2025-10-13-at-15.29.31.jpeg 800w, https:\/\/www.pbagora.com.br\/storage\/2025\/10\/WhatsApp-Image-2025-10-13-at-15.29.31-300x167.jpeg 300w, https:\/\/www.pbagora.com.br\/storage\/2025\/10\/WhatsApp-Image-2025-10-13-at-15.29.31-150x83.jpeg 150w, https:\/\/www.pbagora.com.br\/storage\/2025\/10\/WhatsApp-Image-2025-10-13-at-15.29.31-768x427.jpeg 768w, https:\/\/www.pbagora.com.br\/storage\/2025\/10\/WhatsApp-Image-2025-10-13-at-15.29.31-380x211.jpeg 380w, https:\/\/www.pbagora.com.br\/storage\/2025\/10\/WhatsApp-Image-2025-10-13-at-15.29.31-80x46.jpeg 80w, https:\/\/www.pbagora.com.br\/storage\/2025\/10\/WhatsApp-Image-2025-10-13-at-15.29.31-760x423.jpeg 760w, https:\/\/www.pbagora.com.br\/storage\/2025\/10\/WhatsApp-Image-2025-10-13-at-15.29.31-600x334.jpeg 600w\" sizes=\"(max-width: 800px) 100vw, 800px\" \/><\/p>\n<p><a href=\"https:\/\/www.pm.pb.gov.br\/portal\/2025\/10\/13\/pm-detem-dupla-e-recupera-todo-o-dinheiro-roubado-de-estabelecimento-comercial-na-capital\/\"><\/a>Na tarde desta segunda-feira (13), policiais da For\u00e7a T\u00e1tica do 1\u00ba BPM detiveram um adolescente e um homem em flagrante por roubo a um estabelecimento comercial, em Jo\u00e3o Pessoa. Os suspeitos foram detidos com uma arma de fogo e uma motocicleta roubada durante a fuga.<\/p>\n\n\n\n<p>As equipes estavam em rondas quando receberam informa\u00e7\u00f5es sobre um roubo a um estabelecimento comercial em um bairro na zona norte. Rapidamente, as equipes policiais realizaram um cerco e a dupla, que estava em uma motocicleta, foi interceptada no bairro de Mandacar\u00fa. Na abordagem foram encontrados um rev\u00f3lver, calibre 38, com muni\u00e7\u00f5es, e recuperados todo o dinheiro, celulares e uma motocicleta que foi utilizada na fuga.<\/p>\n\n\n\n<p>Os suspeitos, de 17 e de 19 anos, j\u00e1 respondiam por tr\u00e1fico de drogas e foram encaminhados para \u00e0 Cidade de Pol\u00edcia, para serem realizados os demais procedimentos.<\/p>\n\n\n\n<p><strong><em>Ascom PMPB<\/em><\/strong><\/p>\n","protected":false},"excerpt":{"rendered":"<p><img loading=\"lazy\" decoding=\"async\" width=\"800\" height=\"445\" src=\"https:\/\/www.pbagora.com.br\/storage\/2025\/10\/WhatsApp-Image-2025-10-13-at-15.29.31.jpeg\" class=\"attachment-large size-large wp-post-image\" alt=\"\" srcset=\"https:\/\/www.pbagora.com.br\/storage\/2025\/10\/WhatsApp-Image-2025-10-13-at-15.29.31.jpeg 800w, https:\/\/www.pbagora.com.br\/storage\/2025\/10\/WhatsApp-Image-2025-10-13-at-15.29.31-300x167.jpeg 300w, https:\/\/www.pbagora.com.br\/storage\/2025\/10\/WhatsApp-Image-2025-10-13-at-15.29.31-150x83.jpeg 150w, https:\/\/www.pbagora.com.br\/storage\/2025\/10\/WhatsApp-Image-2025-10-13-at-15.29.31-768x427.jpeg 768w, https:\/\/www.pbagora.com.br\/storage\/2025\/10\/WhatsApp-Image-2025-10-13-at-15.29.31-380x211.jpeg 380w, https:\/\/www.pbagora.com.br\/storage\/2025\/10\/WhatsApp-Image-2025-10-13-at-15.29.31-80x46.jpeg 80w, https:\/\/www.pbagora.com.br\/storage\/2025\/10\/WhatsApp-Image-2025-10-13-at-15.29.31-760x423.jpeg 760w, https:\/\/www.pbagora.com.br\/storage\/2025\/10\/WhatsApp-Image-2025-10-13-at-15.29.31-600x334.jpeg 600w\" sizes=\"auto, (max-width: 800px) 100vw, 800px\"><\/p>\n<p>Na tarde desta segunda-feira (13), policiais da For\u00e7a T\u00e1tica do 1\u00ba BPM detiveram um adolescente e um homem\u2026<\/p>\n","protected":false},"author":123457,"featured_media":0,"comment_status":"closed","ping_status":"closed","sticky":false,"template":"","format":"standard","meta":{"advgb_blocks_editor_width":"","advgb_blocks_columns_visual_guide":"","footnotes":""},"categories":[34],"tags":[10840,35,10839],"class_list":["post-61845","post","type-post","status-publish","format-standard","hentry","category-g1","tag-destaque-centro-03","tag-g1","tag-policial"],"author_meta":{"display_name":"Reda\u00e7\u00e3o","author_link":"https:\/\/sindaopcpb.org.br\/author\/redacao\/"},"featured_img":null,"coauthors":[],"tax_additional":{"categories":{"linked":["<a href=\"https:\/\/sindaopcpb.org.br\/g1\/\" class=\"advgb-post-tax-term\">G1<\/a>"],"unlinked":["<span class=\"advgb-post-tax-term\">G1<\/span>"]},"tags":{"linked":["<a href=\"https:\/\/sindaopcpb.org.br\/g1\/\" class=\"advgb-post-tax-term\">Destaque Centro 03<\/a>","<a href=\"https:\/\/sindaopcpb.org.br\/g1\/\" class=\"advgb-post-tax-term\">g1<\/a>","<a href=\"https:\/\/sindaopcpb.org.br\/g1\/\" class=\"advgb-post-tax-term\">Policial<\/a>"],"unlinked":["<span class=\"advgb-post-tax-term\">Destaque Centro 03<\/span>","<span class=\"advgb-post-tax-term\">g1<\/span>","<span class=\"advgb-post-tax-term\">Policial<\/span>"]}},"comment_count":"0","relative_dates":{"created":"Publicado 7 meses atr\u00e1s","modified":"Atualizado 7 meses atr\u00e1s"},"absolute_dates":{"created":"Publicado em 13 de outubro de 2025","modified":"Atualizado em 13 de outubro de 2025"},"absolute_dates_time":{"created":"Publicado em 13 de outubro de 2025 19:19","modified":"Atualizado em 13 de outubro de 2025 19:19"},"featured_img_caption":"","series_order":"","_links":{"self":[{"href":"https:\/\/sindaopcpb.org.br\/index.php\/wp-json\/wp\/v2\/posts\/61845","targetHints":{"allow":["GET"]}}],"collection":[{"href":"https:\/\/sindaopcpb.org.br\/index.php\/wp-json\/wp\/v2\/posts"}],"about":[{"href":"https:\/\/sindaopcpb.org.br\/index.php\/wp-json\/wp\/v2\/types\/post"}],"author":[{"embeddable":true,"href":"https:\/\/sindaopcpb.org.br\/index.php\/wp-json\/wp\/v2\/users\/123457"}],"replies":[{"embeddable":true,"href":"https:\/\/sindaopcpb.org.br\/index.php\/wp-json\/wp\/v2\/comments?post=61845"}],"version-history":[{"count":3,"href":"https:\/\/sindaopcpb.org.br\/index.php\/wp-json\/wp\/v2\/posts\/61845\/revisions"}],"predecessor-version":[{"id":61857,"href":"https:\/\/sindaopcpb.org.br\/index.php\/wp-json\/wp\/v2\/posts\/61845\/revisions\/61857"}],"wp:attachment":[{"href":"https:\/\/sindaopcpb.org.br\/index.php\/wp-json\/wp\/v2\/media?parent=61845"}],"wp:term":[{"taxonomy":"category","embeddable":true,"href":"https:\/\/sindaopcpb.org.br\/index.php\/wp-json\/wp\/v2\/categories?post=61845"},{"taxonomy":"post_tag","embeddable":true,"href":"https:\/\/sindaopcpb.org.br\/index.php\/wp-json\/wp\/v2\/tags?post=61845"}],"curies":[{"name":"wp","href":"https:\/\/api.w.org\/{rel}","templated":true}]}}