{"id":61841,"date":"2025-10-13T16:30:36","date_gmt":"2025-10-13T19:30:36","guid":{"rendered":"https:\/\/www.pbagora.com.br\/?p=921294"},"modified":"2025-10-13T16:30:36","modified_gmt":"2025-10-13T19:30:36","slug":"dupla-acusada-de-envolvimento-em-furto-de-equipamentos-de-escola-estadual-e-presa-em-sape","status":"publish","type":"post","link":"https:\/\/sindaopcpb.org.br\/index.php\/2025\/10\/13\/dupla-acusada-de-envolvimento-em-furto-de-equipamentos-de-escola-estadual-e-presa-em-sape\/","title":{"rendered":"Dupla acusada de envolvimento em furto de equipamentos de escola estadual \u00e9 presa em Sap\u00e9"},"content":{"rendered":"<p><img width=\"800\" height=\"445\" src=\"https:\/\/www.pbagora.com.br\/storage\/2025\/10\/Captura-de-tela-2025-10-13-142506.png\" class=\"attachment-large size-large wp-post-image\" alt=\"\" style=\"margin-bottom: 20px;\" decoding=\"async\" srcset=\"https:\/\/www.pbagora.com.br\/storage\/2025\/10\/Captura-de-tela-2025-10-13-142506.png 800w, https:\/\/www.pbagora.com.br\/storage\/2025\/10\/Captura-de-tela-2025-10-13-142506-300x167.png 300w, https:\/\/www.pbagora.com.br\/storage\/2025\/10\/Captura-de-tela-2025-10-13-142506-150x83.png 150w, https:\/\/www.pbagora.com.br\/storage\/2025\/10\/Captura-de-tela-2025-10-13-142506-768x427.png 768w, https:\/\/www.pbagora.com.br\/storage\/2025\/10\/Captura-de-tela-2025-10-13-142506-380x211.png 380w, https:\/\/www.pbagora.com.br\/storage\/2025\/10\/Captura-de-tela-2025-10-13-142506-80x46.png 80w, https:\/\/www.pbagora.com.br\/storage\/2025\/10\/Captura-de-tela-2025-10-13-142506-760x423.png 760w, https:\/\/www.pbagora.com.br\/storage\/2025\/10\/Captura-de-tela-2025-10-13-142506-600x334.png 600w\" sizes=\"(max-width: 800px) 100vw, 800px\" \/><\/p>\n<p>Na manh\u00e3 desta segunda (13), policiais militares do 24\u00ba BPM prenderam dois suspeitos com duas TVs furtadas de uma Escola Estadual, na cidade de Sap\u00e9, no Brejo paraibano. De acordo com a pol\u00edcia, as tvs foram levadas durante o \u00faltimo fim de semana, na zona rural da cidade.<\/p>\n\n\n\n<p>A equipe policial estava em rondas quando visualizaram um ve\u00edculo que, ao perceber a aproxima\u00e7\u00e3o da viatura, tentou fugir. Os policiais acompanharam e interceptaram o carro. No seu interior, foram encontrados duas TVs de 55\u2019\u2019, que teriam sido furtadas nesse fim de semana na Escola Estadual Fazenda Burac\u00e3o, localizada na zona rural da cidade.<\/p>\n\n\n\n<p>Os dois ocupantes do ve\u00edculo foram conduzidos \u00e0 Delegacia de Pol\u00edcia Civil de Sap\u00e9 para os demais procedimentos.<\/p>\n\n\n\n<p><strong><em>Ascom PMPB<\/em><\/strong><\/p>\n","protected":false},"excerpt":{"rendered":"<p><img loading=\"lazy\" decoding=\"async\" width=\"800\" height=\"445\" src=\"https:\/\/www.pbagora.com.br\/storage\/2025\/10\/Captura-de-tela-2025-10-13-142506.png\" class=\"attachment-large size-large wp-post-image\" alt=\"\" srcset=\"https:\/\/www.pbagora.com.br\/storage\/2025\/10\/Captura-de-tela-2025-10-13-142506.png 800w, https:\/\/www.pbagora.com.br\/storage\/2025\/10\/Captura-de-tela-2025-10-13-142506-300x167.png 300w, https:\/\/www.pbagora.com.br\/storage\/2025\/10\/Captura-de-tela-2025-10-13-142506-150x83.png 150w, https:\/\/www.pbagora.com.br\/storage\/2025\/10\/Captura-de-tela-2025-10-13-142506-768x427.png 768w, https:\/\/www.pbagora.com.br\/storage\/2025\/10\/Captura-de-tela-2025-10-13-142506-380x211.png 380w, https:\/\/www.pbagora.com.br\/storage\/2025\/10\/Captura-de-tela-2025-10-13-142506-80x46.png 80w, https:\/\/www.pbagora.com.br\/storage\/2025\/10\/Captura-de-tela-2025-10-13-142506-760x423.png 760w, https:\/\/www.pbagora.com.br\/storage\/2025\/10\/Captura-de-tela-2025-10-13-142506-600x334.png 600w\" sizes=\"auto, (max-width: 800px) 100vw, 800px\"><\/p>\n<p>Na manh\u00e3 desta segunda (13), policiais militares do 24\u00ba BPM prenderam dois suspeitos com duas TVs furtadas de\u2026<\/p>\n","protected":false},"author":123457,"featured_media":0,"comment_status":"closed","ping_status":"closed","sticky":false,"template":"","format":"standard","meta":{"advgb_blocks_editor_width":"","advgb_blocks_columns_visual_guide":"","footnotes":""},"categories":[34],"tags":[10841,35,10839],"class_list":["post-61841","post","type-post","status-publish","format-standard","hentry","category-g1","tag-destaque-centro-02","tag-g1","tag-policial"],"author_meta":{"display_name":"Reda\u00e7\u00e3o","author_link":"https:\/\/sindaopcpb.org.br\/author\/redacao\/"},"featured_img":null,"coauthors":[],"tax_additional":{"categories":{"linked":["<a href=\"https:\/\/sindaopcpb.org.br\/g1\/\" class=\"advgb-post-tax-term\">G1<\/a>"],"unlinked":["<span class=\"advgb-post-tax-term\">G1<\/span>"]},"tags":{"linked":["<a href=\"https:\/\/sindaopcpb.org.br\/g1\/\" class=\"advgb-post-tax-term\">Destaque Centro 02<\/a>","<a href=\"https:\/\/sindaopcpb.org.br\/g1\/\" class=\"advgb-post-tax-term\">g1<\/a>","<a href=\"https:\/\/sindaopcpb.org.br\/g1\/\" class=\"advgb-post-tax-term\">Policial<\/a>"],"unlinked":["<span class=\"advgb-post-tax-term\">Destaque Centro 02<\/span>","<span class=\"advgb-post-tax-term\">g1<\/span>","<span class=\"advgb-post-tax-term\">Policial<\/span>"]}},"comment_count":"0","relative_dates":{"created":"Publicado 7 meses atr\u00e1s","modified":"Atualizado 7 meses atr\u00e1s"},"absolute_dates":{"created":"Publicado em 13 de outubro de 2025","modified":"Atualizado em 13 de outubro de 2025"},"absolute_dates_time":{"created":"Publicado em 13 de outubro de 2025 16:30","modified":"Atualizado em 13 de outubro de 2025 16:30"},"featured_img_caption":"","series_order":"","_links":{"self":[{"href":"https:\/\/sindaopcpb.org.br\/index.php\/wp-json\/wp\/v2\/posts\/61841","targetHints":{"allow":["GET"]}}],"collection":[{"href":"https:\/\/sindaopcpb.org.br\/index.php\/wp-json\/wp\/v2\/posts"}],"about":[{"href":"https:\/\/sindaopcpb.org.br\/index.php\/wp-json\/wp\/v2\/types\/post"}],"author":[{"embeddable":true,"href":"https:\/\/sindaopcpb.org.br\/index.php\/wp-json\/wp\/v2\/users\/123457"}],"replies":[{"embeddable":true,"href":"https:\/\/sindaopcpb.org.br\/index.php\/wp-json\/wp\/v2\/comments?post=61841"}],"version-history":[{"count":2,"href":"https:\/\/sindaopcpb.org.br\/index.php\/wp-json\/wp\/v2\/posts\/61841\/revisions"}],"predecessor-version":[{"id":61849,"href":"https:\/\/sindaopcpb.org.br\/index.php\/wp-json\/wp\/v2\/posts\/61841\/revisions\/61849"}],"wp:attachment":[{"href":"https:\/\/sindaopcpb.org.br\/index.php\/wp-json\/wp\/v2\/media?parent=61841"}],"wp:term":[{"taxonomy":"category","embeddable":true,"href":"https:\/\/sindaopcpb.org.br\/index.php\/wp-json\/wp\/v2\/categories?post=61841"},{"taxonomy":"post_tag","embeddable":true,"href":"https:\/\/sindaopcpb.org.br\/index.php\/wp-json\/wp\/v2\/tags?post=61841"}],"curies":[{"name":"wp","href":"https:\/\/api.w.org\/{rel}","templated":true}]}}