{"id":61838,"date":"2025-10-13T14:30:36","date_gmt":"2025-10-13T17:30:36","guid":{"rendered":"https:\/\/www.pbagora.com.br\/?p=921228"},"modified":"2025-10-13T14:30:36","modified_gmt":"2025-10-13T17:30:36","slug":"adolescente-que-agrediu-professor-com-martelo-em-jp-alegou-bullying-vitima-esta-internada","status":"publish","type":"post","link":"https:\/\/sindaopcpb.org.br\/index.php\/2025\/10\/13\/adolescente-que-agrediu-professor-com-martelo-em-jp-alegou-bullying-vitima-esta-internada\/","title":{"rendered":"Adolescente que agrediu professor com martelo em JP alegou bullying; v\u00edtima est\u00e1 internada"},"content":{"rendered":"<p><img width=\"576\" height=\"379\" src=\"https:\/\/www.pbagora.com.br\/storage\/2025\/10\/Captura-de-tela-2025-10-13-122052.png\" class=\"attachment-large size-large wp-post-image\" alt=\"\" style=\"margin-bottom: 20px;\" decoding=\"async\" loading=\"lazy\" srcset=\"https:\/\/www.pbagora.com.br\/storage\/2025\/10\/Captura-de-tela-2025-10-13-122052.png 576w, https:\/\/www.pbagora.com.br\/storage\/2025\/10\/Captura-de-tela-2025-10-13-122052-300x197.png 300w, https:\/\/www.pbagora.com.br\/storage\/2025\/10\/Captura-de-tela-2025-10-13-122052-150x99.png 150w, https:\/\/www.pbagora.com.br\/storage\/2025\/10\/Captura-de-tela-2025-10-13-122052-380x250.png 380w, https:\/\/www.pbagora.com.br\/storage\/2025\/10\/Captura-de-tela-2025-10-13-122052-80x53.png 80w\" sizes=\"auto, (max-width: 576px) 100vw, 576px\" \/><\/p>\n<p>Um aluno de 17 anos foi apreendido ap\u00f3s agredir um professor com golpes de martelo em uma escola localizada no bairro Treze de Maio, em Jo\u00e3o Pessoa, na \u00faltima sexta-feira (10). De acordo com a Pol\u00edcia Civil, o adolescente alegou ter sido v\u00edtima de bullying praticado pelo docente.<\/p>\n\n\n\n<p>Ap\u00f3s o ataque, o estudante fugiu do local e acabou se ferindo no bra\u00e7o. Ele foi encaminhado para o Ortotrauma de Mangabeira, onde segue internado sob cust\u00f3dia policial.<\/p>\n\n\n\n<p>Durante as investiga\u00e7\u00f5es, a pol\u00edcia constatou que havia um mandado de busca e apreens\u00e3o em aberto contra o jovem. A Pol\u00edcia Civil, no entanto, n\u00e3o detalhou a motiva\u00e7\u00e3o nem o crime relacionado ao mandado anterior.<\/p>\n\n\n\n<p>A v\u00edtima da agress\u00e3o, um professor de 41 anos, foi socorrida e permanece internada em estado de sa\u00fade est\u00e1vel no Hospital de Emerg\u00eancia e Trauma de Jo\u00e3o Pessoa.<\/p>\n\n\n\n<p>O caso segue sob investiga\u00e7\u00e3o.<\/p>\n\n\n\n<p><strong><em>Reda\u00e7\u00e3o<\/em><\/strong><\/p>\n","protected":false},"excerpt":{"rendered":"<p><img loading=\"lazy\" decoding=\"async\" width=\"576\" height=\"379\" src=\"https:\/\/www.pbagora.com.br\/storage\/2025\/10\/Captura-de-tela-2025-10-13-122052.png\" class=\"attachment-large size-large wp-post-image\" alt=\"\" srcset=\"https:\/\/www.pbagora.com.br\/storage\/2025\/10\/Captura-de-tela-2025-10-13-122052.png 576w, https:\/\/www.pbagora.com.br\/storage\/2025\/10\/Captura-de-tela-2025-10-13-122052-300x197.png 300w, https:\/\/www.pbagora.com.br\/storage\/2025\/10\/Captura-de-tela-2025-10-13-122052-150x99.png 150w, https:\/\/www.pbagora.com.br\/storage\/2025\/10\/Captura-de-tela-2025-10-13-122052-380x250.png 380w, https:\/\/www.pbagora.com.br\/storage\/2025\/10\/Captura-de-tela-2025-10-13-122052-80x53.png 80w\" sizes=\"auto, (max-width: 576px) 100vw, 576px\"><\/p>\n<p>Um aluno de 17 anos foi apreendido ap\u00f3s agredir um professor com golpes de martelo em uma escola\u2026<\/p>\n","protected":false},"author":123457,"featured_media":0,"comment_status":"closed","ping_status":"closed","sticky":false,"template":"","format":"standard","meta":{"advgb_blocks_editor_width":"","advgb_blocks_columns_visual_guide":"","footnotes":""},"categories":[34],"tags":[10841,35,10839],"class_list":["post-61838","post","type-post","status-publish","format-standard","hentry","category-g1","tag-destaque-centro-02","tag-g1","tag-policial"],"author_meta":{"display_name":"Reda\u00e7\u00e3o","author_link":"https:\/\/sindaopcpb.org.br\/author\/redacao\/"},"featured_img":null,"coauthors":[],"tax_additional":{"categories":{"linked":["<a href=\"https:\/\/sindaopcpb.org.br\/g1\/\" class=\"advgb-post-tax-term\">G1<\/a>"],"unlinked":["<span class=\"advgb-post-tax-term\">G1<\/span>"]},"tags":{"linked":["<a href=\"https:\/\/sindaopcpb.org.br\/g1\/\" class=\"advgb-post-tax-term\">Destaque Centro 02<\/a>","<a href=\"https:\/\/sindaopcpb.org.br\/g1\/\" class=\"advgb-post-tax-term\">g1<\/a>","<a href=\"https:\/\/sindaopcpb.org.br\/g1\/\" class=\"advgb-post-tax-term\">Policial<\/a>"],"unlinked":["<span class=\"advgb-post-tax-term\">Destaque Centro 02<\/span>","<span class=\"advgb-post-tax-term\">g1<\/span>","<span class=\"advgb-post-tax-term\">Policial<\/span>"]}},"comment_count":"0","relative_dates":{"created":"Publicado 7 meses atr\u00e1s","modified":"Atualizado 7 meses atr\u00e1s"},"absolute_dates":{"created":"Publicado em 13 de outubro de 2025","modified":"Atualizado em 13 de outubro de 2025"},"absolute_dates_time":{"created":"Publicado em 13 de outubro de 2025 14:30","modified":"Atualizado em 13 de outubro de 2025 14:30"},"featured_img_caption":"","series_order":"","_links":{"self":[{"href":"https:\/\/sindaopcpb.org.br\/index.php\/wp-json\/wp\/v2\/posts\/61838","targetHints":{"allow":["GET"]}}],"collection":[{"href":"https:\/\/sindaopcpb.org.br\/index.php\/wp-json\/wp\/v2\/posts"}],"about":[{"href":"https:\/\/sindaopcpb.org.br\/index.php\/wp-json\/wp\/v2\/types\/post"}],"author":[{"embeddable":true,"href":"https:\/\/sindaopcpb.org.br\/index.php\/wp-json\/wp\/v2\/users\/123457"}],"replies":[{"embeddable":true,"href":"https:\/\/sindaopcpb.org.br\/index.php\/wp-json\/wp\/v2\/comments?post=61838"}],"version-history":[{"count":2,"href":"https:\/\/sindaopcpb.org.br\/index.php\/wp-json\/wp\/v2\/posts\/61838\/revisions"}],"predecessor-version":[{"id":61844,"href":"https:\/\/sindaopcpb.org.br\/index.php\/wp-json\/wp\/v2\/posts\/61838\/revisions\/61844"}],"wp:attachment":[{"href":"https:\/\/sindaopcpb.org.br\/index.php\/wp-json\/wp\/v2\/media?parent=61838"}],"wp:term":[{"taxonomy":"category","embeddable":true,"href":"https:\/\/sindaopcpb.org.br\/index.php\/wp-json\/wp\/v2\/categories?post=61838"},{"taxonomy":"post_tag","embeddable":true,"href":"https:\/\/sindaopcpb.org.br\/index.php\/wp-json\/wp\/v2\/tags?post=61838"}],"curies":[{"name":"wp","href":"https:\/\/api.w.org\/{rel}","templated":true}]}}