{"id":61815,"date":"2025-10-13T11:06:53","date_gmt":"2025-10-13T14:06:53","guid":{"rendered":"https:\/\/www.pbagora.com.br\/?p=921200"},"modified":"2025-10-13T12:25:53","modified_gmt":"2025-10-13T15:25:53","slug":"prf-pb-flagra-idoso-com-sintomas-de-embriaguez-dirigindo-na-contramao-2","status":"publish","type":"post","link":"https:\/\/sindaopcpb.org.br\/index.php\/2025\/10\/13\/prf-pb-flagra-idoso-com-sintomas-de-embriaguez-dirigindo-na-contramao-2\/","title":{"rendered":"PRF-PB flagra idoso com sintomas de embriaguez dirigindo na contram\u00e3o"},"content":{"rendered":"<p><img width=\"768\" height=\"576\" src=\"https:\/\/www.pbagora.com.br\/storage\/2025\/10\/WhatsApp-Image-2025-10-13-at-09.38.22.jpeg\" class=\"attachment-large size-large wp-post-image\" alt=\"\" style=\"margin-bottom: 20px;\" decoding=\"async\" loading=\"lazy\" srcset=\"https:\/\/www.pbagora.com.br\/storage\/2025\/10\/WhatsApp-Image-2025-10-13-at-09.38.22.jpeg 768w, https:\/\/www.pbagora.com.br\/storage\/2025\/10\/WhatsApp-Image-2025-10-13-at-09.38.22-300x225.jpeg 300w, https:\/\/www.pbagora.com.br\/storage\/2025\/10\/WhatsApp-Image-2025-10-13-at-09.38.22-150x113.jpeg 150w, https:\/\/www.pbagora.com.br\/storage\/2025\/10\/WhatsApp-Image-2025-10-13-at-09.38.22-200x150.jpeg 200w, https:\/\/www.pbagora.com.br\/storage\/2025\/10\/WhatsApp-Image-2025-10-13-at-09.38.22-260x195.jpeg 260w, https:\/\/www.pbagora.com.br\/storage\/2025\/10\/WhatsApp-Image-2025-10-13-at-09.38.22-380x285.jpeg 380w, https:\/\/www.pbagora.com.br\/storage\/2025\/10\/WhatsApp-Image-2025-10-13-at-09.38.22-80x60.jpeg 80w, https:\/\/www.pbagora.com.br\/storage\/2025\/10\/WhatsApp-Image-2025-10-13-at-09.38.22-600x450.jpeg 600w, https:\/\/www.pbagora.com.br\/storage\/2025\/10\/WhatsApp-Image-2025-10-13-at-09.38.22-520x390.jpeg 520w, https:\/\/www.pbagora.com.br\/storage\/2025\/10\/WhatsApp-Image-2025-10-13-at-09.38.22-760x570.jpeg 760w\" sizes=\"auto, (max-width: 768px) 100vw, 768px\" \/><\/p>\n<p>A Pol\u00edcia Rodovi\u00e1ria Federal (PRF) na Para\u00edba intensificou as fiscaliza\u00e7\u00f5es na \u00faltima sexta-feira (10) e s\u00e1bado (11), registrando uma s\u00e9rie de ocorr\u00eancias. As a\u00e7\u00f5es resultaram na deten\u00e7\u00e3o de tr\u00eas condutores por embriaguez ao volante, incluindo um idoso de 71 anos que transitava adentrando a contram\u00e3o; na pris\u00e3o de dois foragidos da Justi\u00e7a por crimes de les\u00e3o corporal e pens\u00e3o aliment\u00edcia; e na recupera\u00e7\u00e3o de dois ve\u00edculos roubados, sendo um semirreboque e um ve\u00edculo adulterado.&nbsp;<\/p>\n\n\n\n<p>A primeira a\u00e7\u00e3o se desenvolveu no munic\u00edpio de Sobrado, zona da mata paraibana, no km 69 da BR-230, por volta das 7h50 da \u00faltima sexta-feira (10), quando equipes da PRF receberam uma den\u00fancia de que um ve\u00edculo Fiat Argo Drive de cor vermelha, seguia em dire\u00e7\u00e3o a Campina Grande realizando manobras err\u00e1ticas, for\u00e7ando outros motoristas a desviarem para evitar colis\u00f5es. Prontamente foram realizadas dilig\u00eancias para intercept\u00e1-lo. Ap\u00f3s a abordagem, o condutor, um homem de 57 anos, apresentava claros sinais de altera\u00e7\u00e3o psicomotora. O teste do etil\u00f4metro confirmou a embriaguez, registrando o teor de 0,77 mg\/L de \u00e1lcool no ar expelido. Al\u00e9m disso, ele n\u00e3o era habilitado. Diante do flagrante, o motorista foi detido e encaminhado \u00e0 Delegacia de Pol\u00edcia Judici\u00e1ria de Sap\u00e9 para os procedimentos cab\u00edveis pelos crimes cometidos.&nbsp;<\/p>\n\n\n\n<p>No in\u00edcio da tarde do mesmo dia, por volta das 12h, desta vez em Pedras de Fogo, litoral sul paraibano, no km 116 da BR-101, policiais rodovi\u00e1rios federais realizavam ronda quando visualizaram em uma estrada vicinal pr\u00f3xima \u00e0 rodovia uma carreta modelo Sr\/Facchini Srf Cf de cor branca, com sinais de abandono e j\u00e1 apresentando ind\u00edcios de saqueamento na estrutura. Ap\u00f3s contato com o propriet\u00e1rio, ele confirmou que o ve\u00edculo havia sido roubado no dia 6 de outubro, em conjunto com o caminh\u00e3o-trator. Segundo o relato prestado \u00e0 Pol\u00edcia Civil, ele estava transportando uma carga de descart\u00e1veis de Caieiras\u2013SP com destino a Campina Grande\u2013PB, quando foi abordado por assaltantes encapuzados, levado como ref\u00e9m e liberado somente ap\u00f3s 16 horas. Diante do fato, o semirreboque recuperado foi encaminhado \u00e0 Pol\u00edcia Judici\u00e1ria para as provid\u00eancias legais cab\u00edveis para ser devolvido ao seu leg\u00edtimo dono.<\/p>\n\n\n\n<p>J\u00e1 no final da tarde, por volta das 17h10, em Jo\u00e3o Pessoa, capital paraibana, no km 86 da BR-101, agentes da PRF capturaram um homem que tinha um mandado de pris\u00e3o em aberto por pens\u00e3o aliment\u00edcia. A equipe realizava ronda quando abordou uma motocicleta Honda NXR160 Bros de cor branca por estar com a placa parcialmente encoberta por uma corda. Ap\u00f3s consultar os sistemas de seguran\u00e7a, os policiais verificaram que o condutor, um homem de 37 anos, estava com um mandado de pris\u00e3o civil expedido pela 4\u00aa Vara de Fam\u00edlia de Jo\u00e3o Pessoa. A ordem de pris\u00e3o se devia ao n\u00e3o pagamento de tr\u00eas meses de pens\u00e3o. O homem foi detido e encaminhado \u00e0 Pol\u00edcia Judici\u00e1ria, onde ficar\u00e1 \u00e0 disposi\u00e7\u00e3o para cumprimento da pena imposta de 60 dias.&nbsp;<\/p>\n\n\n\n<p>Cerca de 35 minutos ap\u00f3s a ocorr\u00eancia anterior, desta vez em Cajazeiras, sert\u00e3o paraibano, no km 511 da BR-230, equipe da PRF cumpriu mais um mandado de pris\u00e3o. Desta vez a equipe abordou uma motocicleta Honda XLR 125 de cor vermelha e, ap\u00f3s consulta aos sistemas, verificou que havia uma ordem de pris\u00e3o expedida pela Vara de Execu\u00e7\u00f5es Criminais de Mar\u00edlia- SP. O condutor, um homem de 48 anos, era procurado pelo crime de les\u00e3o corporal com causa de aumento de pena. O mandado determinava o cumprimento de tr\u00eas meses da pena em regime aberto. O homem foi detido e encaminhado \u00e0 Delegacia de Pol\u00edcia Judici\u00e1ria para serem realizadas as provid\u00eancias cab\u00edveis.<\/p>\n\n\n\n<p>Durante a noite do mesmo dia, por volta das 20h47, em S\u00e3o Mamede, serid\u00f3 paraibano, no km 318 da BR-230, policiais realizavam rondas quando receberam den\u00fancias de v\u00e1rios motoristas sobre um ve\u00edculo que transitava fazendo manobras em zigue-zague e invadindo a contram\u00e3o, colocando em risco a seguran\u00e7a dos demais usu\u00e1rios da via. O ve\u00edculo, um Suzuki Baleno W de cor prata, foi abordado e o motorista, ao sair do carro, demonstrou falta de equil\u00edbrio e fala desconexa, admitindo ter consumido \u00e1lcool. O teste do etil\u00f4metro confirmou a infra\u00e7\u00e3o, apresentando o resultado de 0,89 mg\/L de \u00e1lcool por ar expelido pelos pulm\u00f5es. O condutor, um idoso de 71 anos, foi detido e conduzido \u00e0 autoridade policial em Patos-PB para as devidas provid\u00eancias legais. O ve\u00edculo foi removido ao p\u00e1tio conveniado por estar com o licenciamento atrasado.<\/p>\n\n\n\n<p>Aproximadamente 23 minutos ap\u00f3s a ocorr\u00eancia anterior, em Jo\u00e3o Pessoa, no km 25 da BR-230, equipe da PRF abordou um ve\u00edculo VW\/T Cross TSI. O condutor, um homem de 24 anos, relatou n\u00e3o ter o documento do ve\u00edculo. Ao fiscalizar o autom\u00f3vel, os policiais encontraram diversos ind\u00edcios de fraude dos elementos identificadores. A an\u00e1lise detalhada revelou que o ve\u00edculo original havia sido roubado em Recife-PE. Diante do flagrante dos crimes de recepta\u00e7\u00e3o de ve\u00edculo e adultera\u00e7\u00e3o, o homem e o autom\u00f3vel foram encaminhados \u00e0 Pol\u00edcia Judici\u00e1ria para os&nbsp;procedimentos cab\u00edveis.<\/p>\n\n\n\n<p>Por fim, na manh\u00e3 do \u00faltimo s\u00e1bado (11), por volta das 8h20, em Campina Grande, agreste paraibano, no km 143 da BR-230, a PRF deteve mais um homem por embriaguez ao volante. A equipe visualizou e abordou o ve\u00edculo, uma Fiat Strada Adventure de cor prata, que estava com uma carga irregular de vergalh\u00f5es. Durante a fiscaliza\u00e7\u00e3o, o condutor, um homem de 43 anos, foi submetido ao teste do etil\u00f4metro. O aparelho confirmou a ingest\u00e3o de \u00e1lcool, registrando o teor de 0,49 mg\/L de \u00e1lcool no ar expelido pelos pulm\u00f5es. Diante do flagrante do crime de embriaguez, o motorista foi detido e o ve\u00edculo tamb\u00e9m foi retido pelas irregularidades constatadas, sendo tomadas as provid\u00eancias legais cab\u00edveis.<\/p>\n","protected":false},"excerpt":{"rendered":"<p><img decoding=\"async\" width=\"768\" height=\"576\" src=\"https:\/\/www.pbagora.com.br\/storage\/2025\/10\/WhatsApp-Image-2025-10-13-at-09.38.22.jpeg\" class=\"attachment-large size-large wp-post-image\" alt=\"\" loading=\"lazy\" srcset=\"https:\/\/www.pbagora.com.br\/storage\/2025\/10\/WhatsApp-Image-2025-10-13-at-09.38.22.jpeg 768w, https:\/\/www.pbagora.com.br\/storage\/2025\/10\/WhatsApp-Image-2025-10-13-at-09.38.22-300x225.jpeg 300w, https:\/\/www.pbagora.com.br\/storage\/2025\/10\/WhatsApp-Image-2025-10-13-at-09.38.22-150x113.jpeg 150w, https:\/\/www.pbagora.com.br\/storage\/2025\/10\/WhatsApp-Image-2025-10-13-at-09.38.22-200x150.jpeg 200w, https:\/\/www.pbagora.com.br\/storage\/2025\/10\/WhatsApp-Image-2025-10-13-at-09.38.22-260x195.jpeg 260w, https:\/\/www.pbagora.com.br\/storage\/2025\/10\/WhatsApp-Image-2025-10-13-at-09.38.22-380x285.jpeg 380w, https:\/\/www.pbagora.com.br\/storage\/2025\/10\/WhatsApp-Image-2025-10-13-at-09.38.22-80x60.jpeg 80w, https:\/\/www.pbagora.com.br\/storage\/2025\/10\/WhatsApp-Image-2025-10-13-at-09.38.22-600x450.jpeg 600w, https:\/\/www.pbagora.com.br\/storage\/2025\/10\/WhatsApp-Image-2025-10-13-at-09.38.22-520x390.jpeg 520w, https:\/\/www.pbagora.com.br\/storage\/2025\/10\/WhatsApp-Image-2025-10-13-at-09.38.22-760x570.jpeg 760w\" sizes=\"auto, (max-width: 768px) 100vw, 768px\"><\/p>\n<p>A Pol\u00edcia Rodovi\u00e1ria Federal (PRF) na Para\u00edba intensificou as fiscaliza\u00e7\u00f5es na \u00faltima sexta-feira (10) e s\u00e1bado (11), registrando\u2026<\/p>\n","protected":false},"author":123457,"featured_media":0,"comment_status":"closed","ping_status":"closed","sticky":false,"template":"","format":"standard","meta":{"advgb_blocks_editor_width":"","advgb_blocks_columns_visual_guide":"","footnotes":""},"categories":[34],"tags":[35,10839,10848],"class_list":["post-61815","post","type-post","status-publish","format-standard","hentry","category-g1","tag-g1","tag-policial","tag-rodape-01"],"author_meta":{"display_name":"Reda\u00e7\u00e3o","author_link":"https:\/\/sindaopcpb.org.br\/author\/redacao\/"},"featured_img":null,"coauthors":[],"tax_additional":{"categories":{"linked":["<a href=\"https:\/\/sindaopcpb.org.br\/g1\/\" class=\"advgb-post-tax-term\">G1<\/a>"],"unlinked":["<span class=\"advgb-post-tax-term\">G1<\/span>"]},"tags":{"linked":["<a href=\"https:\/\/sindaopcpb.org.br\/g1\/\" class=\"advgb-post-tax-term\">g1<\/a>","<a href=\"https:\/\/sindaopcpb.org.br\/g1\/\" class=\"advgb-post-tax-term\">Policial<\/a>","<a href=\"https:\/\/sindaopcpb.org.br\/g1\/\" class=\"advgb-post-tax-term\">Rodape 01<\/a>"],"unlinked":["<span class=\"advgb-post-tax-term\">g1<\/span>","<span class=\"advgb-post-tax-term\">Policial<\/span>","<span class=\"advgb-post-tax-term\">Rodape 01<\/span>"]}},"comment_count":"0","relative_dates":{"created":"Publicado 7 meses atr\u00e1s","modified":"Atualizado 7 meses atr\u00e1s"},"absolute_dates":{"created":"Publicado em 13 de outubro de 2025","modified":"Atualizado em 13 de outubro de 2025"},"absolute_dates_time":{"created":"Publicado em 13 de outubro de 2025 11:06","modified":"Atualizado em 13 de outubro de 2025 12:25"},"featured_img_caption":"","series_order":"","_links":{"self":[{"href":"https:\/\/sindaopcpb.org.br\/index.php\/wp-json\/wp\/v2\/posts\/61815","targetHints":{"allow":["GET"]}}],"collection":[{"href":"https:\/\/sindaopcpb.org.br\/index.php\/wp-json\/wp\/v2\/posts"}],"about":[{"href":"https:\/\/sindaopcpb.org.br\/index.php\/wp-json\/wp\/v2\/types\/post"}],"author":[{"embeddable":true,"href":"https:\/\/sindaopcpb.org.br\/index.php\/wp-json\/wp\/v2\/users\/123457"}],"replies":[{"embeddable":true,"href":"https:\/\/sindaopcpb.org.br\/index.php\/wp-json\/wp\/v2\/comments?post=61815"}],"version-history":[{"count":2,"href":"https:\/\/sindaopcpb.org.br\/index.php\/wp-json\/wp\/v2\/posts\/61815\/revisions"}],"predecessor-version":[{"id":61834,"href":"https:\/\/sindaopcpb.org.br\/index.php\/wp-json\/wp\/v2\/posts\/61815\/revisions\/61834"}],"wp:attachment":[{"href":"https:\/\/sindaopcpb.org.br\/index.php\/wp-json\/wp\/v2\/media?parent=61815"}],"wp:term":[{"taxonomy":"category","embeddable":true,"href":"https:\/\/sindaopcpb.org.br\/index.php\/wp-json\/wp\/v2\/categories?post=61815"},{"taxonomy":"post_tag","embeddable":true,"href":"https:\/\/sindaopcpb.org.br\/index.php\/wp-json\/wp\/v2\/tags?post=61815"}],"curies":[{"name":"wp","href":"https:\/\/api.w.org\/{rel}","templated":true}]}}