{"id":61798,"date":"2025-10-13T07:19:56","date_gmt":"2025-10-13T10:19:56","guid":{"rendered":"https:\/\/www.pbagora.com.br\/?p=921148"},"modified":"2025-10-13T07:19:56","modified_gmt":"2025-10-13T10:19:56","slug":"policia-encontra-adolescente-que-atacou-professor-com-martelo-em-joao-pessoa","status":"publish","type":"post","link":"https:\/\/sindaopcpb.org.br\/index.php\/2025\/10\/13\/policia-encontra-adolescente-que-atacou-professor-com-martelo-em-joao-pessoa\/","title":{"rendered":"Pol\u00edcia encontra adolescente que atacou professor com martelo em Jo\u00e3o Pessoa"},"content":{"rendered":"<p><img width=\"984\" height=\"401\" src=\"https:\/\/www.pbagora.com.br\/storage\/2025\/10\/FACHADA.avif\" class=\"attachment-large size-large wp-post-image\" alt=\"\" style=\"margin-bottom: 20px;\" decoding=\"async\" srcset=\"https:\/\/www.pbagora.com.br\/storage\/2025\/10\/FACHADA.avif 984w, https:\/\/www.pbagora.com.br\/storage\/2025\/10\/FACHADA-300x122.avif 300w, https:\/\/www.pbagora.com.br\/storage\/2025\/10\/FACHADA-150x61.avif 150w, https:\/\/www.pbagora.com.br\/storage\/2025\/10\/FACHADA-768x313.avif 768w, https:\/\/www.pbagora.com.br\/storage\/2025\/10\/FACHADA-380x155.avif 380w, https:\/\/www.pbagora.com.br\/storage\/2025\/10\/FACHADA-800x326.avif 800w, https:\/\/www.pbagora.com.br\/storage\/2025\/10\/FACHADA-80x33.avif 80w, https:\/\/www.pbagora.com.br\/storage\/2025\/10\/FACHADA-760x310.avif 760w, https:\/\/www.pbagora.com.br\/storage\/2025\/10\/FACHADA-600x245.avif 600w\" sizes=\"(max-width: 984px) 100vw, 984px\" \/><\/p>\n<p><\/p>\n\n\n\n<p>A Pol\u00edcia Civil encontrou o adolescente de 17 anos\u2002suspeito de agredir com golpes de martelo o professor Elcivan Ramalho, de 41 anos. O suspeito est\u00e1 internado no Trauminha, no bairro de Mangabeira, desde a noite de sexta-feira (10), ap\u00f3s se machucar ao pular o muro da escola durante a fuga.<\/p>\n\n\n\n<p>A Justi\u00e7a expediu um mandado de busca e apreens\u00e3o contra o jovem, pelo ato infracional an\u00e1logo ao crime de tentativa de homic\u00eddio. O adolescente permanece sob cust\u00f3dia no hospital e deve passar por cirurgia nesta segunda-feira (13).<\/p>\n\n\n\n<p>Durante a per\u00edcia realizada na Escola Estadual de Ensino Fundamental e M\u00e9dio Audiocomunica\u00e7\u00e3o, no bairro Padre Z\u00e9, onde ocorreu o ataque, foram apreendidos o martelo usado na agress\u00e3o, o celular do suspeito e sua mochila.<\/p>\n\n\n\n<p><em><strong>Reda\u00e7\u00e3o<\/strong><\/em><\/p>\n","protected":false},"excerpt":{"rendered":"<p><img loading=\"lazy\" decoding=\"async\" width=\"984\" height=\"401\" src=\"https:\/\/www.pbagora.com.br\/storage\/2025\/10\/FACHADA.avif\" class=\"attachment-large size-large wp-post-image\" alt=\"\" srcset=\"https:\/\/www.pbagora.com.br\/storage\/2025\/10\/FACHADA.avif 984w, https:\/\/www.pbagora.com.br\/storage\/2025\/10\/FACHADA-300x122.avif 300w, https:\/\/www.pbagora.com.br\/storage\/2025\/10\/FACHADA-150x61.avif 150w, https:\/\/www.pbagora.com.br\/storage\/2025\/10\/FACHADA-768x313.avif 768w, https:\/\/www.pbagora.com.br\/storage\/2025\/10\/FACHADA-380x155.avif 380w, https:\/\/www.pbagora.com.br\/storage\/2025\/10\/FACHADA-800x326.avif 800w, https:\/\/www.pbagora.com.br\/storage\/2025\/10\/FACHADA-80x33.avif 80w, https:\/\/www.pbagora.com.br\/storage\/2025\/10\/FACHADA-760x310.avif 760w, https:\/\/www.pbagora.com.br\/storage\/2025\/10\/FACHADA-600x245.avif 600w\" sizes=\"auto, (max-width: 984px) 100vw, 984px\"><\/p>\n<p>A Pol\u00edcia Civil encontrou o adolescente de 17 anos\u2002suspeito de agredir com golpes de martelo o professor Elcivan\u2026<\/p>\n","protected":false},"author":123457,"featured_media":0,"comment_status":"closed","ping_status":"closed","sticky":false,"template":"","format":"standard","meta":{"advgb_blocks_editor_width":"","advgb_blocks_columns_visual_guide":"","footnotes":""},"categories":[34],"tags":[10845,35,10839],"class_list":["post-61798","post","type-post","status-publish","format-standard","hentry","category-g1","tag-destaque-centro-01","tag-g1","tag-policial"],"author_meta":{"display_name":"Reda\u00e7\u00e3o","author_link":"https:\/\/sindaopcpb.org.br\/author\/redacao\/"},"featured_img":null,"coauthors":[],"tax_additional":{"categories":{"linked":["<a href=\"https:\/\/sindaopcpb.org.br\/g1\/\" class=\"advgb-post-tax-term\">G1<\/a>"],"unlinked":["<span class=\"advgb-post-tax-term\">G1<\/span>"]},"tags":{"linked":["<a href=\"https:\/\/sindaopcpb.org.br\/g1\/\" class=\"advgb-post-tax-term\">Destaque Centro 01<\/a>","<a href=\"https:\/\/sindaopcpb.org.br\/g1\/\" class=\"advgb-post-tax-term\">g1<\/a>","<a href=\"https:\/\/sindaopcpb.org.br\/g1\/\" class=\"advgb-post-tax-term\">Policial<\/a>"],"unlinked":["<span class=\"advgb-post-tax-term\">Destaque Centro 01<\/span>","<span class=\"advgb-post-tax-term\">g1<\/span>","<span class=\"advgb-post-tax-term\">Policial<\/span>"]}},"comment_count":"0","relative_dates":{"created":"Publicado 7 meses atr\u00e1s","modified":"Atualizado 7 meses atr\u00e1s"},"absolute_dates":{"created":"Publicado em 13 de outubro de 2025","modified":"Atualizado em 13 de outubro de 2025"},"absolute_dates_time":{"created":"Publicado em 13 de outubro de 2025 07:19","modified":"Atualizado em 13 de outubro de 2025 07:19"},"featured_img_caption":"","series_order":"","_links":{"self":[{"href":"https:\/\/sindaopcpb.org.br\/index.php\/wp-json\/wp\/v2\/posts\/61798","targetHints":{"allow":["GET"]}}],"collection":[{"href":"https:\/\/sindaopcpb.org.br\/index.php\/wp-json\/wp\/v2\/posts"}],"about":[{"href":"https:\/\/sindaopcpb.org.br\/index.php\/wp-json\/wp\/v2\/types\/post"}],"author":[{"embeddable":true,"href":"https:\/\/sindaopcpb.org.br\/index.php\/wp-json\/wp\/v2\/users\/123457"}],"replies":[{"embeddable":true,"href":"https:\/\/sindaopcpb.org.br\/index.php\/wp-json\/wp\/v2\/comments?post=61798"}],"version-history":[{"count":2,"href":"https:\/\/sindaopcpb.org.br\/index.php\/wp-json\/wp\/v2\/posts\/61798\/revisions"}],"predecessor-version":[{"id":61806,"href":"https:\/\/sindaopcpb.org.br\/index.php\/wp-json\/wp\/v2\/posts\/61798\/revisions\/61806"}],"wp:attachment":[{"href":"https:\/\/sindaopcpb.org.br\/index.php\/wp-json\/wp\/v2\/media?parent=61798"}],"wp:term":[{"taxonomy":"category","embeddable":true,"href":"https:\/\/sindaopcpb.org.br\/index.php\/wp-json\/wp\/v2\/categories?post=61798"},{"taxonomy":"post_tag","embeddable":true,"href":"https:\/\/sindaopcpb.org.br\/index.php\/wp-json\/wp\/v2\/tags?post=61798"}],"curies":[{"name":"wp","href":"https:\/\/api.w.org\/{rel}","templated":true}]}}