{"id":61794,"date":"2025-10-13T06:40:16","date_gmt":"2025-10-13T09:40:16","guid":{"rendered":"https:\/\/www.pbagora.com.br\/?p=921134"},"modified":"2025-10-13T10:40:16","modified_gmt":"2025-10-13T13:40:16","slug":"bombeiros-sao-acionados-para-combater-incendio-em-bambuzal-na-rodovia-que-da-acesso-a-lucena-na-pb","status":"publish","type":"post","link":"https:\/\/sindaopcpb.org.br\/index.php\/2025\/10\/13\/bombeiros-sao-acionados-para-combater-incendio-em-bambuzal-na-rodovia-que-da-acesso-a-lucena-na-pb\/","title":{"rendered":"Bombeiros s\u00e3o acionados para combater inc\u00eandio em bambuzal na rodovia que d\u00e1 acesso a Lucena, na PB"},"content":{"rendered":"<p><img width=\"974\" height=\"939\" src=\"https:\/\/www.pbagora.com.br\/storage\/2025\/10\/imagem-print-do-video-2.jpg\" class=\"attachment-large size-large wp-post-image\" alt=\"\" style=\"margin-bottom: 20px;\" decoding=\"async\" loading=\"lazy\" srcset=\"https:\/\/www.pbagora.com.br\/storage\/2025\/10\/imagem-print-do-video-2.jpg 974w, https:\/\/www.pbagora.com.br\/storage\/2025\/10\/imagem-print-do-video-2-300x289.jpg 300w, https:\/\/www.pbagora.com.br\/storage\/2025\/10\/imagem-print-do-video-2-150x145.jpg 150w, https:\/\/www.pbagora.com.br\/storage\/2025\/10\/imagem-print-do-video-2-768x740.jpg 768w, https:\/\/www.pbagora.com.br\/storage\/2025\/10\/imagem-print-do-video-2-380x366.jpg 380w, https:\/\/www.pbagora.com.br\/storage\/2025\/10\/imagem-print-do-video-2-800x771.jpg 800w, https:\/\/www.pbagora.com.br\/storage\/2025\/10\/imagem-print-do-video-2-80x77.jpg 80w, https:\/\/www.pbagora.com.br\/storage\/2025\/10\/imagem-print-do-video-2-760x733.jpg 760w, https:\/\/www.pbagora.com.br\/storage\/2025\/10\/imagem-print-do-video-2-600x578.jpg 600w\" sizes=\"auto, (max-width: 974px) 100vw, 974px\" \/><\/p>\n<p><\/p>\n\n\n\n<p>Equipes do Corpo de Bombeiros foram acionadas ontem (12), para combater um inc\u00eandio de grande propor\u00e7\u00e3o, que iniciou num bambuzal que fica na estrada que d\u00e1 acesso ao munic\u00edpio de Lucena, no Litoral Norte da Para\u00edba. Assista ao v\u00eddeo mais abaixo.<\/p>\n\n\n\n<p>Devido ao grande volume das chamas alguns pontos tur\u00edsticos da cidade tiveram seu acesso bloqueado.<\/p>\n\n\n\n<p>Assistam os v\u00eddeos:<\/p>\n\n\n\n<p><\/p>\n\n\n\n<figure class=\"wp-block-video\"><video controls src=\"https:\/\/www.pbagora.com.br\/storage\/2025\/10\/video-incendio-1-internauta-1.mp4\"><\/video><\/figure>\n\n\n\n<p><\/p>\n\n\n\n<figure class=\"wp-block-video\"><video controls src=\"https:\/\/www.pbagora.com.br\/storage\/2025\/10\/video-incendio-2-internauta.mp4\"><\/video><\/figure>\n\n\n\n<p>Reda\u00e7\u00e3o<\/p>\n","protected":false},"excerpt":{"rendered":"<p><img decoding=\"async\" width=\"974\" height=\"939\" src=\"https:\/\/www.pbagora.com.br\/storage\/2025\/10\/imagem-print-do-video-2.jpg\" class=\"attachment-large size-large wp-post-image\" alt=\"\" loading=\"lazy\" srcset=\"https:\/\/www.pbagora.com.br\/storage\/2025\/10\/imagem-print-do-video-2.jpg 974w, https:\/\/www.pbagora.com.br\/storage\/2025\/10\/imagem-print-do-video-2-300x289.jpg 300w, https:\/\/www.pbagora.com.br\/storage\/2025\/10\/imagem-print-do-video-2-150x145.jpg 150w, https:\/\/www.pbagora.com.br\/storage\/2025\/10\/imagem-print-do-video-2-768x740.jpg 768w, https:\/\/www.pbagora.com.br\/storage\/2025\/10\/imagem-print-do-video-2-380x366.jpg 380w, https:\/\/www.pbagora.com.br\/storage\/2025\/10\/imagem-print-do-video-2-800x771.jpg 800w, https:\/\/www.pbagora.com.br\/storage\/2025\/10\/imagem-print-do-video-2-80x77.jpg 80w, https:\/\/www.pbagora.com.br\/storage\/2025\/10\/imagem-print-do-video-2-760x733.jpg 760w, https:\/\/www.pbagora.com.br\/storage\/2025\/10\/imagem-print-do-video-2-600x578.jpg 600w\" sizes=\"auto, (max-width: 974px) 100vw, 974px\"><\/p>\n<p>Equipes do Corpo de Bombeiros foram acionadas ontem (12), para combater um inc\u00eandio de grande propor\u00e7\u00e3o, que iniciou\u2026<\/p>\n","protected":false},"author":123457,"featured_media":0,"comment_status":"closed","ping_status":"closed","sticky":false,"template":"","format":"standard","meta":{"advgb_blocks_editor_width":"","advgb_blocks_columns_visual_guide":"","footnotes":""},"categories":[34],"tags":[35,10839,10848],"class_list":["post-61794","post","type-post","status-publish","format-standard","hentry","category-g1","tag-g1","tag-policial","tag-rodape-01"],"author_meta":{"display_name":"Reda\u00e7\u00e3o","author_link":"https:\/\/sindaopcpb.org.br\/author\/redacao\/"},"featured_img":null,"coauthors":[],"tax_additional":{"categories":{"linked":["<a href=\"https:\/\/sindaopcpb.org.br\/g1\/\" class=\"advgb-post-tax-term\">G1<\/a>"],"unlinked":["<span class=\"advgb-post-tax-term\">G1<\/span>"]},"tags":{"linked":["<a href=\"https:\/\/sindaopcpb.org.br\/g1\/\" class=\"advgb-post-tax-term\">g1<\/a>","<a href=\"https:\/\/sindaopcpb.org.br\/g1\/\" class=\"advgb-post-tax-term\">Policial<\/a>","<a href=\"https:\/\/sindaopcpb.org.br\/g1\/\" class=\"advgb-post-tax-term\">Rodape 01<\/a>"],"unlinked":["<span class=\"advgb-post-tax-term\">g1<\/span>","<span class=\"advgb-post-tax-term\">Policial<\/span>","<span class=\"advgb-post-tax-term\">Rodape 01<\/span>"]}},"comment_count":"0","relative_dates":{"created":"Publicado 7 meses atr\u00e1s","modified":"Atualizado 7 meses atr\u00e1s"},"absolute_dates":{"created":"Publicado em 13 de outubro de 2025","modified":"Atualizado em 13 de outubro de 2025"},"absolute_dates_time":{"created":"Publicado em 13 de outubro de 2025 06:40","modified":"Atualizado em 13 de outubro de 2025 10:40"},"featured_img_caption":"","series_order":"","_links":{"self":[{"href":"https:\/\/sindaopcpb.org.br\/index.php\/wp-json\/wp\/v2\/posts\/61794","targetHints":{"allow":["GET"]}}],"collection":[{"href":"https:\/\/sindaopcpb.org.br\/index.php\/wp-json\/wp\/v2\/posts"}],"about":[{"href":"https:\/\/sindaopcpb.org.br\/index.php\/wp-json\/wp\/v2\/types\/post"}],"author":[{"embeddable":true,"href":"https:\/\/sindaopcpb.org.br\/index.php\/wp-json\/wp\/v2\/users\/123457"}],"replies":[{"embeddable":true,"href":"https:\/\/sindaopcpb.org.br\/index.php\/wp-json\/wp\/v2\/comments?post=61794"}],"version-history":[{"count":3,"href":"https:\/\/sindaopcpb.org.br\/index.php\/wp-json\/wp\/v2\/posts\/61794\/revisions"}],"predecessor-version":[{"id":61820,"href":"https:\/\/sindaopcpb.org.br\/index.php\/wp-json\/wp\/v2\/posts\/61794\/revisions\/61820"}],"wp:attachment":[{"href":"https:\/\/sindaopcpb.org.br\/index.php\/wp-json\/wp\/v2\/media?parent=61794"}],"wp:term":[{"taxonomy":"category","embeddable":true,"href":"https:\/\/sindaopcpb.org.br\/index.php\/wp-json\/wp\/v2\/categories?post=61794"},{"taxonomy":"post_tag","embeddable":true,"href":"https:\/\/sindaopcpb.org.br\/index.php\/wp-json\/wp\/v2\/tags?post=61794"}],"curies":[{"name":"wp","href":"https:\/\/api.w.org\/{rel}","templated":true}]}}