{"id":61723,"date":"2025-10-09T17:08:12","date_gmt":"2025-10-09T20:08:12","guid":{"rendered":"https:\/\/www.pbagora.com.br\/?p=920789"},"modified":"2025-10-09T17:08:12","modified_gmt":"2025-10-09T20:08:12","slug":"grupo-acusado-de-assaltar-escritorio-de-advocacia-e-desarticulado-em-guarabira","status":"publish","type":"post","link":"https:\/\/sindaopcpb.org.br\/index.php\/2025\/10\/09\/grupo-acusado-de-assaltar-escritorio-de-advocacia-e-desarticulado-em-guarabira\/","title":{"rendered":"Grupo acusado de assaltar escrit\u00f3rio de advocacia \u00e9 desarticulado em Guarabira"},"content":{"rendered":"<p><img width=\"800\" height=\"445\" src=\"https:\/\/www.pbagora.com.br\/storage\/2025\/10\/WhatsApp-Image-2025-10-09-at-07.36.25.jpeg\" class=\"attachment-large size-large wp-post-image\" alt=\"\" style=\"margin-bottom: 20px;\" decoding=\"async\" loading=\"lazy\" srcset=\"https:\/\/www.pbagora.com.br\/storage\/2025\/10\/WhatsApp-Image-2025-10-09-at-07.36.25.jpeg 800w, https:\/\/www.pbagora.com.br\/storage\/2025\/10\/WhatsApp-Image-2025-10-09-at-07.36.25-300x167.jpeg 300w, https:\/\/www.pbagora.com.br\/storage\/2025\/10\/WhatsApp-Image-2025-10-09-at-07.36.25-150x83.jpeg 150w, https:\/\/www.pbagora.com.br\/storage\/2025\/10\/WhatsApp-Image-2025-10-09-at-07.36.25-768x427.jpeg 768w, https:\/\/www.pbagora.com.br\/storage\/2025\/10\/WhatsApp-Image-2025-10-09-at-07.36.25-380x211.jpeg 380w, https:\/\/www.pbagora.com.br\/storage\/2025\/10\/WhatsApp-Image-2025-10-09-at-07.36.25-80x46.jpeg 80w, https:\/\/www.pbagora.com.br\/storage\/2025\/10\/WhatsApp-Image-2025-10-09-at-07.36.25-760x423.jpeg 760w, https:\/\/www.pbagora.com.br\/storage\/2025\/10\/WhatsApp-Image-2025-10-09-at-07.36.25-600x334.jpeg 600w\" sizes=\"auto, (max-width: 800px) 100vw, 800px\" \/><\/p>\n<p>Quatro criminosos foram presos pela Pol\u00edcia Militar acusados de terem cometido um roubo a um escrit\u00f3rio de advocacia, localizado no centro da cidade de Guarabira. <\/p>\n\n\n\n<p>O crime ocorreu por volta das 12h e, em menos de duas horas, a a\u00e7\u00e3o integrada da PM atrav\u00e9s do 4\u00b0 Batalh\u00e3o e do Batalh\u00e3o de Policiamento de Choque, resultou na pris\u00e3o dos suspeitos e na recupera\u00e7\u00e3o do dinheiro tomado no assalto. Muni\u00e7\u00f5es e por\u00e7\u00f5es de drogas tamb\u00e9m foram apreendidas com os acusados.<\/p>\n\n\n\n<p>De acordo com a Unidade, a opera\u00e7\u00e3o contou tamb\u00e9m com o apoio da Pol\u00edcia Civil, refor\u00e7ando o compromisso das for\u00e7as de seguran\u00e7a na pronta resposta aos crimes e na preserva\u00e7\u00e3o da ordem p\u00fablica.<\/p>\n\n\n\n<p>O caso foi apresentado na delegacia para devida autua\u00e7\u00e3o.<\/p>\n\n\n\n<p><strong><em>Ascom PMPB<\/em><\/strong><\/p>\n","protected":false},"excerpt":{"rendered":"<p><img decoding=\"async\" width=\"800\" height=\"445\" src=\"https:\/\/www.pbagora.com.br\/storage\/2025\/10\/WhatsApp-Image-2025-10-09-at-07.36.25.jpeg\" class=\"attachment-large size-large wp-post-image\" alt=\"\" loading=\"lazy\" srcset=\"https:\/\/www.pbagora.com.br\/storage\/2025\/10\/WhatsApp-Image-2025-10-09-at-07.36.25.jpeg 800w, https:\/\/www.pbagora.com.br\/storage\/2025\/10\/WhatsApp-Image-2025-10-09-at-07.36.25-300x167.jpeg 300w, https:\/\/www.pbagora.com.br\/storage\/2025\/10\/WhatsApp-Image-2025-10-09-at-07.36.25-150x83.jpeg 150w, https:\/\/www.pbagora.com.br\/storage\/2025\/10\/WhatsApp-Image-2025-10-09-at-07.36.25-768x427.jpeg 768w, https:\/\/www.pbagora.com.br\/storage\/2025\/10\/WhatsApp-Image-2025-10-09-at-07.36.25-380x211.jpeg 380w, https:\/\/www.pbagora.com.br\/storage\/2025\/10\/WhatsApp-Image-2025-10-09-at-07.36.25-80x46.jpeg 80w, https:\/\/www.pbagora.com.br\/storage\/2025\/10\/WhatsApp-Image-2025-10-09-at-07.36.25-760x423.jpeg 760w, https:\/\/www.pbagora.com.br\/storage\/2025\/10\/WhatsApp-Image-2025-10-09-at-07.36.25-600x334.jpeg 600w\" sizes=\"auto, (max-width: 800px) 100vw, 800px\"><\/p>\n<p>Quatro criminosos foram presos pela Pol\u00edcia Militar acusados de terem cometido um roubo a um escrit\u00f3rio de advocacia,\u2026<\/p>\n","protected":false},"author":123457,"featured_media":0,"comment_status":"closed","ping_status":"closed","sticky":false,"template":"","format":"standard","meta":{"advgb_blocks_editor_width":"","advgb_blocks_columns_visual_guide":"","footnotes":""},"categories":[34],"tags":[10841,35,10839],"class_list":["post-61723","post","type-post","status-publish","format-standard","hentry","category-g1","tag-destaque-centro-02","tag-g1","tag-policial"],"author_meta":{"display_name":"Reda\u00e7\u00e3o","author_link":"https:\/\/sindaopcpb.org.br\/author\/redacao\/"},"featured_img":null,"coauthors":[],"tax_additional":{"categories":{"linked":["<a href=\"https:\/\/sindaopcpb.org.br\/g1\/\" class=\"advgb-post-tax-term\">G1<\/a>"],"unlinked":["<span class=\"advgb-post-tax-term\">G1<\/span>"]},"tags":{"linked":["<a href=\"https:\/\/sindaopcpb.org.br\/g1\/\" class=\"advgb-post-tax-term\">Destaque Centro 02<\/a>","<a href=\"https:\/\/sindaopcpb.org.br\/g1\/\" class=\"advgb-post-tax-term\">g1<\/a>","<a href=\"https:\/\/sindaopcpb.org.br\/g1\/\" class=\"advgb-post-tax-term\">Policial<\/a>"],"unlinked":["<span class=\"advgb-post-tax-term\">Destaque Centro 02<\/span>","<span class=\"advgb-post-tax-term\">g1<\/span>","<span class=\"advgb-post-tax-term\">Policial<\/span>"]}},"comment_count":"0","relative_dates":{"created":"Publicado 7 meses atr\u00e1s","modified":"Atualizado 7 meses atr\u00e1s"},"absolute_dates":{"created":"Publicado em 9 de outubro de 2025","modified":"Atualizado em 9 de outubro de 2025"},"absolute_dates_time":{"created":"Publicado em 9 de outubro de 2025 17:08","modified":"Atualizado em 9 de outubro de 2025 17:08"},"featured_img_caption":"","series_order":"","_links":{"self":[{"href":"https:\/\/sindaopcpb.org.br\/index.php\/wp-json\/wp\/v2\/posts\/61723","targetHints":{"allow":["GET"]}}],"collection":[{"href":"https:\/\/sindaopcpb.org.br\/index.php\/wp-json\/wp\/v2\/posts"}],"about":[{"href":"https:\/\/sindaopcpb.org.br\/index.php\/wp-json\/wp\/v2\/types\/post"}],"author":[{"embeddable":true,"href":"https:\/\/sindaopcpb.org.br\/index.php\/wp-json\/wp\/v2\/users\/123457"}],"replies":[{"embeddable":true,"href":"https:\/\/sindaopcpb.org.br\/index.php\/wp-json\/wp\/v2\/comments?post=61723"}],"version-history":[{"count":1,"href":"https:\/\/sindaopcpb.org.br\/index.php\/wp-json\/wp\/v2\/posts\/61723\/revisions"}],"predecessor-version":[{"id":61724,"href":"https:\/\/sindaopcpb.org.br\/index.php\/wp-json\/wp\/v2\/posts\/61723\/revisions\/61724"}],"wp:attachment":[{"href":"https:\/\/sindaopcpb.org.br\/index.php\/wp-json\/wp\/v2\/media?parent=61723"}],"wp:term":[{"taxonomy":"category","embeddable":true,"href":"https:\/\/sindaopcpb.org.br\/index.php\/wp-json\/wp\/v2\/categories?post=61723"},{"taxonomy":"post_tag","embeddable":true,"href":"https:\/\/sindaopcpb.org.br\/index.php\/wp-json\/wp\/v2\/tags?post=61723"}],"curies":[{"name":"wp","href":"https:\/\/api.w.org\/{rel}","templated":true}]}}