{"id":61663,"date":"2025-10-08T09:25:36","date_gmt":"2025-10-08T12:25:36","guid":{"rendered":"https:\/\/www.pbagora.com.br\/?p=920502"},"modified":"2025-10-08T11:25:36","modified_gmt":"2025-10-08T14:25:36","slug":"pf-deflagra-operacao-nacional-em-combate-ao-abuso-sexual-de-criancas-e-adolescentes-2","status":"publish","type":"post","link":"https:\/\/sindaopcpb.org.br\/index.php\/2025\/10\/08\/pf-deflagra-operacao-nacional-em-combate-ao-abuso-sexual-de-criancas-e-adolescentes-2\/","title":{"rendered":"PF deflagra Opera\u00e7\u00e3o Nacional em combate ao abuso sexual de crian\u00e7as e adolescentes"},"content":{"rendered":"<p><img width=\"768\" height=\"576\" src=\"https:\/\/www.pbagora.com.br\/storage\/2025\/10\/image-77.png\" class=\"attachment-large size-large wp-post-image\" alt=\"\" style=\"margin-bottom: 20px;\" decoding=\"async\" loading=\"lazy\" srcset=\"https:\/\/www.pbagora.com.br\/storage\/2025\/10\/image-77.png 768w, https:\/\/www.pbagora.com.br\/storage\/2025\/10\/image-77-300x225.png 300w, https:\/\/www.pbagora.com.br\/storage\/2025\/10\/image-77-150x113.png 150w, https:\/\/www.pbagora.com.br\/storage\/2025\/10\/image-77-200x150.png 200w, https:\/\/www.pbagora.com.br\/storage\/2025\/10\/image-77-260x195.png 260w, https:\/\/www.pbagora.com.br\/storage\/2025\/10\/image-77-380x285.png 380w, https:\/\/www.pbagora.com.br\/storage\/2025\/10\/image-77-80x60.png 80w, https:\/\/www.pbagora.com.br\/storage\/2025\/10\/image-77-600x450.png 600w, https:\/\/www.pbagora.com.br\/storage\/2025\/10\/image-77-520x390.png 520w, https:\/\/www.pbagora.com.br\/storage\/2025\/10\/image-77-760x570.png 760w\" sizes=\"auto, (max-width: 768px) 100vw, 768px\" \/><\/p>\n<p>A Pol\u00edcia Federal deflagrou, nesta quarta-feira (08\/10), a Opera\u00e7\u00e3o Nacional Prote\u00e7\u00e3o Integral III, em a\u00e7\u00e3o conjunta com as Pol\u00edcias Civis de 16 estados brasileiros, com o objetivo de identificar e prender criminosos envolvidos em crimes de abuso sexual de crian\u00e7as e adolescentes praticados, principalmente, pela internet.<\/p>\n\n\n\n<p>A opera\u00e7\u00e3o visa o cumprimento simult\u00e2neo de 182 mandados de busca e apreens\u00e3o e 11 mandados de pris\u00e3o preventiva em todo o pa\u00eds, resultando em 40 pris\u00f5es em flagrante, duas apreens\u00f5es de menores e 2 v\u00edtimas resgatadas (n\u00famero em atualiza\u00e7\u00e3o). Participaram da a\u00e7\u00e3o 617 policiais federais de todos os estados e 273 policiais civis de&nbsp;16 estados (AL, AM, BA, CE, DF, ES, GO, MS, PA, PB, PE, PI, RJ, RS, SC, SP).<\/p>\n\n\n\n<p>Coordenada pela PF, a opera\u00e7\u00e3o integra os esfor\u00e7os nacionais de combate aos crimes cibern\u00e9ticos que violam a dignidade sexual de crian\u00e7as e adolescentes.<\/p>\n\n\n\n<p>A a\u00e7\u00e3o refor\u00e7a a integra\u00e7\u00e3o entre for\u00e7as policiais federais e estaduais e demonstra o compromisso conjunto de defesa da inf\u00e2ncia e da adolesc\u00eancia. A Opera\u00e7\u00e3o Prote\u00e7\u00e3o Integral III d\u00e1 continuidade \u00e0s edi\u00e7\u00f5es anteriores, deflagradas em mar\u00e7o e maio de 2025, evidenciando o trabalho permanente da Pol\u00edcia Federal nessa frente de combate.<\/p>\n\n\n\n<p>Somente em 2025, entre janeiro e setembro, a Pol\u00edcia Federal j\u00e1 cumpriu mais de 1.630 mandados de pris\u00e3o de foragidos condenados por crimes sexuais, demonstrando o empenho da institui\u00e7\u00e3o em proteger crian\u00e7as e adolescentes e responsabilizar autores de crimes dessa natureza.<\/p>\n\n\n\n<p>A Pol\u00edcia Federal alerta pais e respons\u00e1veis sobre a import\u00e2ncia de acompanhar e orientar o uso da internet por crian\u00e7as e adolescentes, conversando abertamente sobre riscos e ensinando como agir diante de contatos inadequados em ambientes virtuais. A preven\u00e7\u00e3o e a informa\u00e7\u00e3o s\u00e3o as ferramentas mais eficazes para garantir a seguran\u00e7a e o bem-estar de crian\u00e7as e adolescentes.<\/p>\n\n\n\n<p>\ud83d\udcca Resumo da Opera\u00e7\u00e3o Nacional Prote\u00e7\u00e3o Integral III<\/p>\n\n\n\n<p>\u2022 Mandados de busca e apreens\u00e3o: 182<br>\u2022 Pris\u00f5es em flagrante: 40 (em andamento)<br>\u2022 V\u00edtimas resgatadas: 2 (em andamento)<br>\u2022 Policiais envolvidos: 617 federais e 273 civis<\/p>\n\n\n\n<p><strong><em>PB Agora<\/em><\/strong><\/p>\n","protected":false},"excerpt":{"rendered":"<p><img loading=\"lazy\" decoding=\"async\" width=\"768\" height=\"576\" src=\"https:\/\/www.pbagora.com.br\/storage\/2025\/10\/image-77.png\" class=\"attachment-large size-large wp-post-image\" alt=\"\" srcset=\"https:\/\/www.pbagora.com.br\/storage\/2025\/10\/image-77.png 768w, https:\/\/www.pbagora.com.br\/storage\/2025\/10\/image-77-300x225.png 300w, https:\/\/www.pbagora.com.br\/storage\/2025\/10\/image-77-150x113.png 150w, https:\/\/www.pbagora.com.br\/storage\/2025\/10\/image-77-200x150.png 200w, https:\/\/www.pbagora.com.br\/storage\/2025\/10\/image-77-260x195.png 260w, https:\/\/www.pbagora.com.br\/storage\/2025\/10\/image-77-380x285.png 380w, https:\/\/www.pbagora.com.br\/storage\/2025\/10\/image-77-80x60.png 80w, https:\/\/www.pbagora.com.br\/storage\/2025\/10\/image-77-600x450.png 600w, https:\/\/www.pbagora.com.br\/storage\/2025\/10\/image-77-520x390.png 520w, https:\/\/www.pbagora.com.br\/storage\/2025\/10\/image-77-760x570.png 760w\" sizes=\"auto, (max-width: 768px) 100vw, 768px\"><\/p>\n<p>A Pol\u00edcia Federal deflagrou, nesta quarta-feira (08\/10), a Opera\u00e7\u00e3o Nacional Prote\u00e7\u00e3o Integral III, em a\u00e7\u00e3o conjunta com as\u2026<\/p>\n","protected":false},"author":123457,"featured_media":0,"comment_status":"closed","ping_status":"closed","sticky":false,"template":"","format":"standard","meta":{"advgb_blocks_editor_width":"","advgb_blocks_columns_visual_guide":"","footnotes":""},"categories":[34],"tags":[10852,35,10839],"class_list":["post-61663","post","type-post","status-publish","format-standard","hentry","category-g1","tag-destaque-final-01","tag-g1","tag-policial"],"author_meta":{"display_name":"Reda\u00e7\u00e3o","author_link":"https:\/\/sindaopcpb.org.br\/author\/redacao\/"},"featured_img":null,"coauthors":[],"tax_additional":{"categories":{"linked":["<a href=\"https:\/\/sindaopcpb.org.br\/g1\/\" class=\"advgb-post-tax-term\">G1<\/a>"],"unlinked":["<span class=\"advgb-post-tax-term\">G1<\/span>"]},"tags":{"linked":["<a href=\"https:\/\/sindaopcpb.org.br\/g1\/\" class=\"advgb-post-tax-term\">Destaque Final 01<\/a>","<a href=\"https:\/\/sindaopcpb.org.br\/g1\/\" class=\"advgb-post-tax-term\">g1<\/a>","<a href=\"https:\/\/sindaopcpb.org.br\/g1\/\" class=\"advgb-post-tax-term\">Policial<\/a>"],"unlinked":["<span class=\"advgb-post-tax-term\">Destaque Final 01<\/span>","<span class=\"advgb-post-tax-term\">g1<\/span>","<span class=\"advgb-post-tax-term\">Policial<\/span>"]}},"comment_count":"0","relative_dates":{"created":"Publicado 7 meses atr\u00e1s","modified":"Atualizado 7 meses atr\u00e1s"},"absolute_dates":{"created":"Publicado em 8 de outubro de 2025","modified":"Atualizado em 8 de outubro de 2025"},"absolute_dates_time":{"created":"Publicado em 8 de outubro de 2025 09:25","modified":"Atualizado em 8 de outubro de 2025 11:25"},"featured_img_caption":"","series_order":"","_links":{"self":[{"href":"https:\/\/sindaopcpb.org.br\/index.php\/wp-json\/wp\/v2\/posts\/61663","targetHints":{"allow":["GET"]}}],"collection":[{"href":"https:\/\/sindaopcpb.org.br\/index.php\/wp-json\/wp\/v2\/posts"}],"about":[{"href":"https:\/\/sindaopcpb.org.br\/index.php\/wp-json\/wp\/v2\/types\/post"}],"author":[{"embeddable":true,"href":"https:\/\/sindaopcpb.org.br\/index.php\/wp-json\/wp\/v2\/users\/123457"}],"replies":[{"embeddable":true,"href":"https:\/\/sindaopcpb.org.br\/index.php\/wp-json\/wp\/v2\/comments?post=61663"}],"version-history":[{"count":3,"href":"https:\/\/sindaopcpb.org.br\/index.php\/wp-json\/wp\/v2\/posts\/61663\/revisions"}],"predecessor-version":[{"id":61675,"href":"https:\/\/sindaopcpb.org.br\/index.php\/wp-json\/wp\/v2\/posts\/61663\/revisions\/61675"}],"wp:attachment":[{"href":"https:\/\/sindaopcpb.org.br\/index.php\/wp-json\/wp\/v2\/media?parent=61663"}],"wp:term":[{"taxonomy":"category","embeddable":true,"href":"https:\/\/sindaopcpb.org.br\/index.php\/wp-json\/wp\/v2\/categories?post=61663"},{"taxonomy":"post_tag","embeddable":true,"href":"https:\/\/sindaopcpb.org.br\/index.php\/wp-json\/wp\/v2\/tags?post=61663"}],"curies":[{"name":"wp","href":"https:\/\/api.w.org\/{rel}","templated":true}]}}