{"id":61658,"date":"2025-10-08T07:41:39","date_gmt":"2025-10-08T10:41:39","guid":{"rendered":"https:\/\/www.pbagora.com.br\/?p=920481"},"modified":"2025-10-08T07:41:39","modified_gmt":"2025-10-08T10:41:39","slug":"jovem-e-assassinado-a-tiros-durante-a-madrugada-em-bayeux-na-grande-joao-pessoa","status":"publish","type":"post","link":"https:\/\/sindaopcpb.org.br\/index.php\/2025\/10\/08\/jovem-e-assassinado-a-tiros-durante-a-madrugada-em-bayeux-na-grande-joao-pessoa\/","title":{"rendered":"Jovem \u00e9 assassinado a tiros durante a madrugada em Bayeux, na Grande Jo\u00e3o Pessoa"},"content":{"rendered":"<p><img width=\"1024\" height=\"594\" src=\"https:\/\/www.pbagora.com.br\/storage\/2025\/10\/POLIC.jpg\" class=\"attachment-large size-large wp-post-image\" alt=\"\" style=\"margin-bottom: 20px;\" decoding=\"async\" srcset=\"https:\/\/www.pbagora.com.br\/storage\/2025\/10\/POLIC.jpg 1024w, https:\/\/www.pbagora.com.br\/storage\/2025\/10\/POLIC-300x174.jpg 300w, https:\/\/www.pbagora.com.br\/storage\/2025\/10\/POLIC-150x87.jpg 150w, https:\/\/www.pbagora.com.br\/storage\/2025\/10\/POLIC-768x446.jpg 768w, https:\/\/www.pbagora.com.br\/storage\/2025\/10\/POLIC-380x220.jpg 380w, https:\/\/www.pbagora.com.br\/storage\/2025\/10\/POLIC-800x464.jpg 800w, https:\/\/www.pbagora.com.br\/storage\/2025\/10\/POLIC-80x46.jpg 80w, https:\/\/www.pbagora.com.br\/storage\/2025\/10\/POLIC-760x441.jpg 760w, https:\/\/www.pbagora.com.br\/storage\/2025\/10\/POLIC-600x348.jpg 600w\" sizes=\"(max-width: 1024px) 100vw, 1024px\" \/><\/p>\n<p><\/p>\n\n\n\n<p>Mais um crime para a pol\u00edcia investigar. Um Jovem foi&nbsp;assassinado a tiros&nbsp;na madrugada desta&nbsp;quarta-feira (8), no bairro&nbsp;Manguinhos, em&nbsp;Bayeux, na Grande Jo\u00e3o Pessoa. O crime ocorreu por volta das&nbsp;4h da manh\u00e3.<\/p>\n\n\n\n<p>De acordo com informa\u00e7\u00f5es da&nbsp;Pol\u00edcia Militar, moradores acionaram o&nbsp;Centro Integrado de Comando e Controle (CICC)&nbsp;ap\u00f3s ouvirem disparos de arma de fogo. As equipes foram at\u00e9 o local, mas&nbsp;devido \u00e0 escurid\u00e3o, n\u00e3o encontraram ind\u00edcios do crime.<\/p>\n\n\n\n<p>Ao amanhecer, populares voltaram a ligar para a pol\u00edcia, informando sobre a presen\u00e7a de um corpo em uma&nbsp;pequena entrada que d\u00e1 acesso ao bairro. Os militares retornaram e localizaram a v\u00edtima, com&nbsp;marcas de tiros.<\/p>\n\n\n\n<p>A \u00e1rea foi&nbsp;isolada&nbsp;pela Pol\u00edcia Militar, e a&nbsp;Pol\u00edcia Cient\u00edfica&nbsp;foi acionada para realizar a&nbsp;per\u00edcia&nbsp;e remover o corpo ao&nbsp;Instituto de Pol\u00edcia Cient\u00edfica (IPC).<\/p>\n\n\n\n<p>At\u00e9 a publica\u00e7\u00e3o desta mat\u00e9ria,&nbsp;n\u00e3o havia informa\u00e7\u00f5es sobre a identidade da v\u00edtima, nem sobre&nbsp;a autoria ou motiva\u00e7\u00e3o do crime. O caso ser\u00e1 investigado pela&nbsp;Pol\u00edcia Civil.<\/p>\n\n\n\n<p><em><strong>Reda\u00e7\u00e3o<\/strong><\/em><\/p>\n","protected":false},"excerpt":{"rendered":"<p><img loading=\"lazy\" decoding=\"async\" width=\"1024\" height=\"594\" src=\"https:\/\/www.pbagora.com.br\/storage\/2025\/10\/POLIC.jpg\" class=\"attachment-large size-large wp-post-image\" alt=\"\" srcset=\"https:\/\/www.pbagora.com.br\/storage\/2025\/10\/POLIC.jpg 1024w, https:\/\/www.pbagora.com.br\/storage\/2025\/10\/POLIC-300x174.jpg 300w, https:\/\/www.pbagora.com.br\/storage\/2025\/10\/POLIC-150x87.jpg 150w, https:\/\/www.pbagora.com.br\/storage\/2025\/10\/POLIC-768x446.jpg 768w, https:\/\/www.pbagora.com.br\/storage\/2025\/10\/POLIC-380x220.jpg 380w, https:\/\/www.pbagora.com.br\/storage\/2025\/10\/POLIC-800x464.jpg 800w, https:\/\/www.pbagora.com.br\/storage\/2025\/10\/POLIC-80x46.jpg 80w, https:\/\/www.pbagora.com.br\/storage\/2025\/10\/POLIC-760x441.jpg 760w, https:\/\/www.pbagora.com.br\/storage\/2025\/10\/POLIC-600x348.jpg 600w\" sizes=\"auto, (max-width: 1024px) 100vw, 1024px\"><\/p>\n<p>Mais um crime para a pol\u00edcia investigar. Um Jovem foi\u00a0assassinado a tiros\u00a0na madrugada desta\u00a0quarta-feira (8), no bairro\u00a0Manguinhos, em\u00a0Bayeux,\u2026<\/p>\n","protected":false},"author":123457,"featured_media":0,"comment_status":"closed","ping_status":"closed","sticky":false,"template":"","format":"standard","meta":{"advgb_blocks_editor_width":"","advgb_blocks_columns_visual_guide":"","footnotes":""},"categories":[34],"tags":[10840,35,10839],"class_list":["post-61658","post","type-post","status-publish","format-standard","hentry","category-g1","tag-destaque-centro-03","tag-g1","tag-policial"],"author_meta":{"display_name":"Reda\u00e7\u00e3o","author_link":"https:\/\/sindaopcpb.org.br\/author\/redacao\/"},"featured_img":null,"coauthors":[],"tax_additional":{"categories":{"linked":["<a href=\"https:\/\/sindaopcpb.org.br\/g1\/\" class=\"advgb-post-tax-term\">G1<\/a>"],"unlinked":["<span class=\"advgb-post-tax-term\">G1<\/span>"]},"tags":{"linked":["<a href=\"https:\/\/sindaopcpb.org.br\/g1\/\" class=\"advgb-post-tax-term\">Destaque Centro 03<\/a>","<a href=\"https:\/\/sindaopcpb.org.br\/g1\/\" class=\"advgb-post-tax-term\">g1<\/a>","<a href=\"https:\/\/sindaopcpb.org.br\/g1\/\" class=\"advgb-post-tax-term\">Policial<\/a>"],"unlinked":["<span class=\"advgb-post-tax-term\">Destaque Centro 03<\/span>","<span class=\"advgb-post-tax-term\">g1<\/span>","<span class=\"advgb-post-tax-term\">Policial<\/span>"]}},"comment_count":"0","relative_dates":{"created":"Publicado 7 meses atr\u00e1s","modified":"Atualizado 7 meses atr\u00e1s"},"absolute_dates":{"created":"Publicado em 8 de outubro de 2025","modified":"Atualizado em 8 de outubro de 2025"},"absolute_dates_time":{"created":"Publicado em 8 de outubro de 2025 07:41","modified":"Atualizado em 8 de outubro de 2025 07:41"},"featured_img_caption":"","series_order":"","_links":{"self":[{"href":"https:\/\/sindaopcpb.org.br\/index.php\/wp-json\/wp\/v2\/posts\/61658","targetHints":{"allow":["GET"]}}],"collection":[{"href":"https:\/\/sindaopcpb.org.br\/index.php\/wp-json\/wp\/v2\/posts"}],"about":[{"href":"https:\/\/sindaopcpb.org.br\/index.php\/wp-json\/wp\/v2\/types\/post"}],"author":[{"embeddable":true,"href":"https:\/\/sindaopcpb.org.br\/index.php\/wp-json\/wp\/v2\/users\/123457"}],"replies":[{"embeddable":true,"href":"https:\/\/sindaopcpb.org.br\/index.php\/wp-json\/wp\/v2\/comments?post=61658"}],"version-history":[{"count":2,"href":"https:\/\/sindaopcpb.org.br\/index.php\/wp-json\/wp\/v2\/posts\/61658\/revisions"}],"predecessor-version":[{"id":61665,"href":"https:\/\/sindaopcpb.org.br\/index.php\/wp-json\/wp\/v2\/posts\/61658\/revisions\/61665"}],"wp:attachment":[{"href":"https:\/\/sindaopcpb.org.br\/index.php\/wp-json\/wp\/v2\/media?parent=61658"}],"wp:term":[{"taxonomy":"category","embeddable":true,"href":"https:\/\/sindaopcpb.org.br\/index.php\/wp-json\/wp\/v2\/categories?post=61658"},{"taxonomy":"post_tag","embeddable":true,"href":"https:\/\/sindaopcpb.org.br\/index.php\/wp-json\/wp\/v2\/tags?post=61658"}],"curies":[{"name":"wp","href":"https:\/\/api.w.org\/{rel}","templated":true}]}}