{"id":61649,"date":"2025-10-07T12:46:18","date_gmt":"2025-10-07T15:46:18","guid":{"rendered":"https:\/\/www.pbagora.com.br\/?p=920358"},"modified":"2025-10-07T12:46:18","modified_gmt":"2025-10-07T15:46:18","slug":"homem-e-preso-em-pedras-de-fogo-apos-agredir-e-fraturar-o-braco-da-mae","status":"publish","type":"post","link":"https:\/\/sindaopcpb.org.br\/index.php\/2025\/10\/07\/homem-e-preso-em-pedras-de-fogo-apos-agredir-e-fraturar-o-braco-da-mae\/","title":{"rendered":"Homem \u00e9 preso em Pedras de Fogo ap\u00f3s agredir e fraturar o bra\u00e7o da m\u00e3e"},"content":{"rendered":"<p><img width=\"683\" height=\"1024\" src=\"https:\/\/www.pbagora.com.br\/storage\/2025\/10\/20251007_1207_Maos-Algemadas_simple_compose_01k6zkcdhyfw0tmwwybzjjks0d-683x1024.png\" class=\"attachment-large size-large wp-post-image\" alt=\"\" style=\"margin-bottom: 20px;\" decoding=\"async\" loading=\"lazy\" srcset=\"https:\/\/www.pbagora.com.br\/storage\/2025\/10\/20251007_1207_Maos-Algemadas_simple_compose_01k6zkcdhyfw0tmwwybzjjks0d-683x1024.png 683w, https:\/\/www.pbagora.com.br\/storage\/2025\/10\/20251007_1207_Maos-Algemadas_simple_compose_01k6zkcdhyfw0tmwwybzjjks0d-200x300.png 200w, https:\/\/www.pbagora.com.br\/storage\/2025\/10\/20251007_1207_Maos-Algemadas_simple_compose_01k6zkcdhyfw0tmwwybzjjks0d-100x150.png 100w, https:\/\/www.pbagora.com.br\/storage\/2025\/10\/20251007_1207_Maos-Algemadas_simple_compose_01k6zkcdhyfw0tmwwybzjjks0d-768x1152.png 768w, https:\/\/www.pbagora.com.br\/storage\/2025\/10\/20251007_1207_Maos-Algemadas_simple_compose_01k6zkcdhyfw0tmwwybzjjks0d-380x570.png 380w, https:\/\/www.pbagora.com.br\/storage\/2025\/10\/20251007_1207_Maos-Algemadas_simple_compose_01k6zkcdhyfw0tmwwybzjjks0d-800x1200.png 800w, https:\/\/www.pbagora.com.br\/storage\/2025\/10\/20251007_1207_Maos-Algemadas_simple_compose_01k6zkcdhyfw0tmwwybzjjks0d-80x120.png 80w, https:\/\/www.pbagora.com.br\/storage\/2025\/10\/20251007_1207_Maos-Algemadas_simple_compose_01k6zkcdhyfw0tmwwybzjjks0d-53x80.png 53w, https:\/\/www.pbagora.com.br\/storage\/2025\/10\/20251007_1207_Maos-Algemadas_simple_compose_01k6zkcdhyfw0tmwwybzjjks0d-760x1140.png 760w, https:\/\/www.pbagora.com.br\/storage\/2025\/10\/20251007_1207_Maos-Algemadas_simple_compose_01k6zkcdhyfw0tmwwybzjjks0d-400x600.png 400w, https:\/\/www.pbagora.com.br\/storage\/2025\/10\/20251007_1207_Maos-Algemadas_simple_compose_01k6zkcdhyfw0tmwwybzjjks0d.png 1024w\" sizes=\"auto, (max-width: 683px) 100vw, 683px\" \/><\/p>\n<p>Nessa segunda-feira (07), um homem foi detido pela pol\u00edcia na cidade de Pedras de Fogo, ap\u00f3s agredir fisicamente a pr\u00f3pria m\u00e3e, causando a fratura de um dos bra\u00e7os da v\u00edtima.<\/p>\n\n\n\n<p>De acordo com relatos de familiares, o suspeito \u00e9 dependente qu\u00edmico e costuma apresentar comportamento agressivo durante crises. Ele j\u00e1 possui hist\u00f3rico policial por envolvimento em furtos e epis\u00f3dios anteriores de viol\u00eancia dentro de casa.<\/p>\n\n\n\n<p>A situa\u00e7\u00e3o de medo era t\u00e3o constante que a m\u00e3e chegou a instalar uma grade no quarto onde dormia, numa tentativa de se proteger das investidas do filho.<\/p>\n\n\n\n<p>Ap\u00f3s a agress\u00e3o, o homem foi capturado e levado \u00e0 Delegacia de Pol\u00edcia Civil de Pedras de Fogo, onde permanece sob cust\u00f3dia e \u00e0 disposi\u00e7\u00e3o da Justi\u00e7a. <\/p>\n\n\n\n<p><strong><em>PB Agora<\/em><\/strong><\/p>\n","protected":false},"excerpt":{"rendered":"<p><img loading=\"lazy\" decoding=\"async\" width=\"683\" height=\"1024\" src=\"https:\/\/www.pbagora.com.br\/storage\/2025\/10\/20251007_1207_Maos-Algemadas_simple_compose_01k6zkcdhyfw0tmwwybzjjks0d-683x1024.png\" class=\"attachment-large size-large wp-post-image\" alt=\"\" srcset=\"https:\/\/www.pbagora.com.br\/storage\/2025\/10\/20251007_1207_Maos-Algemadas_simple_compose_01k6zkcdhyfw0tmwwybzjjks0d-683x1024.png 683w, https:\/\/www.pbagora.com.br\/storage\/2025\/10\/20251007_1207_Maos-Algemadas_simple_compose_01k6zkcdhyfw0tmwwybzjjks0d-200x300.png 200w, https:\/\/www.pbagora.com.br\/storage\/2025\/10\/20251007_1207_Maos-Algemadas_simple_compose_01k6zkcdhyfw0tmwwybzjjks0d-100x150.png 100w, https:\/\/www.pbagora.com.br\/storage\/2025\/10\/20251007_1207_Maos-Algemadas_simple_compose_01k6zkcdhyfw0tmwwybzjjks0d-768x1152.png 768w, https:\/\/www.pbagora.com.br\/storage\/2025\/10\/20251007_1207_Maos-Algemadas_simple_compose_01k6zkcdhyfw0tmwwybzjjks0d-380x570.png 380w, https:\/\/www.pbagora.com.br\/storage\/2025\/10\/20251007_1207_Maos-Algemadas_simple_compose_01k6zkcdhyfw0tmwwybzjjks0d-800x1200.png 800w, https:\/\/www.pbagora.com.br\/storage\/2025\/10\/20251007_1207_Maos-Algemadas_simple_compose_01k6zkcdhyfw0tmwwybzjjks0d-80x120.png 80w, https:\/\/www.pbagora.com.br\/storage\/2025\/10\/20251007_1207_Maos-Algemadas_simple_compose_01k6zkcdhyfw0tmwwybzjjks0d-53x80.png 53w, https:\/\/www.pbagora.com.br\/storage\/2025\/10\/20251007_1207_Maos-Algemadas_simple_compose_01k6zkcdhyfw0tmwwybzjjks0d-760x1140.png 760w, https:\/\/www.pbagora.com.br\/storage\/2025\/10\/20251007_1207_Maos-Algemadas_simple_compose_01k6zkcdhyfw0tmwwybzjjks0d-400x600.png 400w, https:\/\/www.pbagora.com.br\/storage\/2025\/10\/20251007_1207_Maos-Algemadas_simple_compose_01k6zkcdhyfw0tmwwybzjjks0d.png 1024w\" sizes=\"auto, (max-width: 683px) 100vw, 683px\"><\/p>\n<p>Nessa segunda-feira (07), um homem foi detido pela pol\u00edcia na cidade de Pedras de Fogo, ap\u00f3s agredir fisicamente\u2026<\/p>\n","protected":false},"author":123457,"featured_media":0,"comment_status":"closed","ping_status":"closed","sticky":false,"template":"","format":"standard","meta":{"advgb_blocks_editor_width":"","advgb_blocks_columns_visual_guide":"","footnotes":""},"categories":[34],"tags":[35,10839,10842],"class_list":["post-61649","post","type-post","status-publish","format-standard","hentry","category-g1","tag-g1","tag-policial","tag-principal3"],"author_meta":{"display_name":"Reda\u00e7\u00e3o","author_link":"https:\/\/sindaopcpb.org.br\/author\/redacao\/"},"featured_img":null,"coauthors":[],"tax_additional":{"categories":{"linked":["<a href=\"https:\/\/sindaopcpb.org.br\/g1\/\" class=\"advgb-post-tax-term\">G1<\/a>"],"unlinked":["<span class=\"advgb-post-tax-term\">G1<\/span>"]},"tags":{"linked":["<a href=\"https:\/\/sindaopcpb.org.br\/g1\/\" class=\"advgb-post-tax-term\">g1<\/a>","<a href=\"https:\/\/sindaopcpb.org.br\/g1\/\" class=\"advgb-post-tax-term\">Policial<\/a>","<a href=\"https:\/\/sindaopcpb.org.br\/g1\/\" class=\"advgb-post-tax-term\">Principal3<\/a>"],"unlinked":["<span class=\"advgb-post-tax-term\">g1<\/span>","<span class=\"advgb-post-tax-term\">Policial<\/span>","<span class=\"advgb-post-tax-term\">Principal3<\/span>"]}},"comment_count":"0","relative_dates":{"created":"Publicado 7 meses atr\u00e1s","modified":"Atualizado 7 meses atr\u00e1s"},"absolute_dates":{"created":"Publicado em 7 de outubro de 2025","modified":"Atualizado em 7 de outubro de 2025"},"absolute_dates_time":{"created":"Publicado em 7 de outubro de 2025 12:46","modified":"Atualizado em 7 de outubro de 2025 12:46"},"featured_img_caption":"","series_order":"","_links":{"self":[{"href":"https:\/\/sindaopcpb.org.br\/index.php\/wp-json\/wp\/v2\/posts\/61649","targetHints":{"allow":["GET"]}}],"collection":[{"href":"https:\/\/sindaopcpb.org.br\/index.php\/wp-json\/wp\/v2\/posts"}],"about":[{"href":"https:\/\/sindaopcpb.org.br\/index.php\/wp-json\/wp\/v2\/types\/post"}],"author":[{"embeddable":true,"href":"https:\/\/sindaopcpb.org.br\/index.php\/wp-json\/wp\/v2\/users\/123457"}],"replies":[{"embeddable":true,"href":"https:\/\/sindaopcpb.org.br\/index.php\/wp-json\/wp\/v2\/comments?post=61649"}],"version-history":[{"count":2,"href":"https:\/\/sindaopcpb.org.br\/index.php\/wp-json\/wp\/v2\/posts\/61649\/revisions"}],"predecessor-version":[{"id":61657,"href":"https:\/\/sindaopcpb.org.br\/index.php\/wp-json\/wp\/v2\/posts\/61649\/revisions\/61657"}],"wp:attachment":[{"href":"https:\/\/sindaopcpb.org.br\/index.php\/wp-json\/wp\/v2\/media?parent=61649"}],"wp:term":[{"taxonomy":"category","embeddable":true,"href":"https:\/\/sindaopcpb.org.br\/index.php\/wp-json\/wp\/v2\/categories?post=61649"},{"taxonomy":"post_tag","embeddable":true,"href":"https:\/\/sindaopcpb.org.br\/index.php\/wp-json\/wp\/v2\/tags?post=61649"}],"curies":[{"name":"wp","href":"https:\/\/api.w.org\/{rel}","templated":true}]}}