{"id":61643,"date":"2025-10-07T10:00:42","date_gmt":"2025-10-07T13:00:42","guid":{"rendered":"https:\/\/www.pbagora.com.br\/?p=920273"},"modified":"2025-10-07T10:00:42","modified_gmt":"2025-10-07T13:00:42","slug":"investigacoes-do-homicidio-de-vereador-em-jacarau-estao-sendo-acompanhadas-pelo-ministerio-publico","status":"publish","type":"post","link":"https:\/\/sindaopcpb.org.br\/index.php\/2025\/10\/07\/investigacoes-do-homicidio-de-vereador-em-jacarau-estao-sendo-acompanhadas-pelo-ministerio-publico\/","title":{"rendered":"Investiga\u00e7\u00f5es do homic\u00eddio de vereador em Jacara\u00fa est\u00e3o sendo acompanhadas pelo Minist\u00e9rio P\u00fablico"},"content":{"rendered":"<p><img width=\"730\" height=\"445\" src=\"https:\/\/www.pbagora.com.br\/storage\/2025\/10\/jacarau1.jpg\" class=\"attachment-large size-large wp-post-image\" alt=\"\" style=\"margin-bottom: 20px;\" decoding=\"async\" srcset=\"https:\/\/www.pbagora.com.br\/storage\/2025\/10\/jacarau1.jpg 730w, https:\/\/www.pbagora.com.br\/storage\/2025\/10\/jacarau1-300x183.jpg 300w, https:\/\/www.pbagora.com.br\/storage\/2025\/10\/jacarau1-150x91.jpg 150w, https:\/\/www.pbagora.com.br\/storage\/2025\/10\/jacarau1-380x232.jpg 380w, https:\/\/www.pbagora.com.br\/storage\/2025\/10\/jacarau1-80x50.jpg 80w, https:\/\/www.pbagora.com.br\/storage\/2025\/10\/jacarau1-600x366.jpg 600w\" sizes=\"(max-width: 730px) 100vw, 730px\" \/><\/p>\n<p>O Minist\u00e9rio P\u00fablico da Para\u00edba promoveu, na manh\u00e3 desta segunda-feira (06\/10), uma reuni\u00e3o com representantes da Pol\u00edcia Civil para tratar do alinhamento de estrat\u00e9gias para investiga\u00e7\u00e3o do homic\u00eddio do vereador do munic\u00edpio de Jacara\u00fa, Peron Filho, ocorrido em setembro. Participaram da reuni\u00e3o os promotores de Justi\u00e7a Lean Matheus de Xerez e Rafael Garcia e o delegado titular de Mamanguape Sylvio Rabelo.<\/p>\n\n\n\n<p>O promotor Lean Xerez explicou o objetivo do encontro. \u201cA iniciativa dessa reuni\u00e3o do Minist\u00e9rio P\u00fablico com o delegado que est\u00e1 investigando esse caso com o intuito de n\u00f3s alinharmos a atua\u00e7\u00e3o tanto do Minist\u00e9rio P\u00fablico quanto da Pol\u00edcia Civil, nesse caso, que \u00e9 bastante sens\u00edvel. Ent\u00e3o a finalidade maior foi essa, alinharmos a linha de investiga\u00e7\u00e3o onde n\u00f3s vamos atuar, onde n\u00f3s vamos nos dedicar para chegar a elucidar esse fato\u201d.<\/p>\n\n\n\n<p>Tamb\u00e9m, foi destacado pelo promotor a linha de investiga\u00e7\u00e3o que est\u00e1 sendo utilizada. \u201dO que podemos informar \u00e0 popula\u00e7\u00e3o neste momento \u00e9 que estamos excluindo a possibilidade de latroc\u00ednio, e a partir da\u00ed vamos estreitar essa linha de investiga\u00e7\u00e3o no sentido do homic\u00eddio\u201d.&nbsp;<\/p>\n\n\n\n<p>Em rela\u00e7\u00e3o \u00e0 visita do prefeito de Jacara\u00fa \u00e0 Procuradoria-Geral de Justi\u00e7a, na semana passada, para tratar da quest\u00e3o, o promotor Lean Xerez informou que considera importante, mas enfatizou que o Minist\u00e9rio P\u00fablico j\u00e1 vem atuando desde o in\u00edcio. \u201cJ\u00e1 t\u00ednhamos pensado antes nessa reuni\u00e3o para afinar a nossa atua\u00e7\u00e3o junto com a Pol\u00edcia Civil, porque o trabalho da PC \u00e9 fundamental para que consigamos elucidar os crimes\u201d.<\/p>\n\n\n\n<p>O delegado Sylvio Rabelo corroborou a linha investigativa. \u201cJ\u00e1 tem uma linha de investiga\u00e7\u00e3o em rela\u00e7\u00e3o a esse caso e algumas pessoas j\u00e1 est\u00e3o em vista da delegacia. Estamos descartando nesse momento o crime de latroc\u00ednio porque nada foi levado da v\u00edtima, inclusive a moto poderia ter sido subtra\u00edda do local mas n\u00e3o foi levada. Ent\u00e3o estamos dentro da linha do homic\u00eddio um homic\u00eddio.\u201d<\/p>\n\n\n\n<p>O delegado ainda refor\u00e7ou o trabalho que est\u00e1 sendo realizado pela pol\u00edcia. \u201cEstamos trabalhando com afinco. S\u00f3 pede aos familiares e \u00e0 sociedade que tenham paci\u00eancia porque temos que angariar todas as provas necess\u00e1rias para a den\u00fancia do Minist\u00e9rio P\u00fablico e para o Judici\u00e1rio. As investiga\u00e7\u00f5es est\u00e3o avan\u00e7ando e existe um refor\u00e7o da Pol\u00edcia Civil dentro de Jacara\u00fa desde o momento do crime\u201d.<\/p>\n\n\n\n<p><em><strong>Ascom MPPB<\/strong><\/em><\/p>\n","protected":false},"excerpt":{"rendered":"<p><img loading=\"lazy\" decoding=\"async\" width=\"730\" height=\"445\" src=\"https:\/\/www.pbagora.com.br\/storage\/2025\/10\/jacarau1.jpg\" class=\"attachment-large size-large wp-post-image\" alt=\"\" srcset=\"https:\/\/www.pbagora.com.br\/storage\/2025\/10\/jacarau1.jpg 730w, https:\/\/www.pbagora.com.br\/storage\/2025\/10\/jacarau1-300x183.jpg 300w, https:\/\/www.pbagora.com.br\/storage\/2025\/10\/jacarau1-150x91.jpg 150w, https:\/\/www.pbagora.com.br\/storage\/2025\/10\/jacarau1-380x232.jpg 380w, https:\/\/www.pbagora.com.br\/storage\/2025\/10\/jacarau1-80x50.jpg 80w, https:\/\/www.pbagora.com.br\/storage\/2025\/10\/jacarau1-600x366.jpg 600w\" sizes=\"auto, (max-width: 730px) 100vw, 730px\"><\/p>\n<p>O Minist\u00e9rio P\u00fablico da Para\u00edba promoveu, na manh\u00e3 desta segunda-feira (06\/10), uma reuni\u00e3o com representantes da Pol\u00edcia Civil\u2026<\/p>\n","protected":false},"author":123457,"featured_media":0,"comment_status":"closed","ping_status":"closed","sticky":false,"template":"","format":"standard","meta":{"advgb_blocks_editor_width":"","advgb_blocks_columns_visual_guide":"","footnotes":""},"categories":[34],"tags":[10841,35,10839],"class_list":["post-61643","post","type-post","status-publish","format-standard","hentry","category-g1","tag-destaque-centro-02","tag-g1","tag-policial"],"author_meta":{"display_name":"Reda\u00e7\u00e3o","author_link":"https:\/\/sindaopcpb.org.br\/author\/redacao\/"},"featured_img":null,"coauthors":[],"tax_additional":{"categories":{"linked":["<a href=\"https:\/\/sindaopcpb.org.br\/g1\/\" class=\"advgb-post-tax-term\">G1<\/a>"],"unlinked":["<span class=\"advgb-post-tax-term\">G1<\/span>"]},"tags":{"linked":["<a href=\"https:\/\/sindaopcpb.org.br\/g1\/\" class=\"advgb-post-tax-term\">Destaque Centro 02<\/a>","<a href=\"https:\/\/sindaopcpb.org.br\/g1\/\" class=\"advgb-post-tax-term\">g1<\/a>","<a href=\"https:\/\/sindaopcpb.org.br\/g1\/\" class=\"advgb-post-tax-term\">Policial<\/a>"],"unlinked":["<span class=\"advgb-post-tax-term\">Destaque Centro 02<\/span>","<span class=\"advgb-post-tax-term\">g1<\/span>","<span class=\"advgb-post-tax-term\">Policial<\/span>"]}},"comment_count":"0","relative_dates":{"created":"Publicado 7 meses atr\u00e1s","modified":"Atualizado 7 meses atr\u00e1s"},"absolute_dates":{"created":"Publicado em 7 de outubro de 2025","modified":"Atualizado em 7 de outubro de 2025"},"absolute_dates_time":{"created":"Publicado em 7 de outubro de 2025 10:00","modified":"Atualizado em 7 de outubro de 2025 10:00"},"featured_img_caption":"","series_order":"","_links":{"self":[{"href":"https:\/\/sindaopcpb.org.br\/index.php\/wp-json\/wp\/v2\/posts\/61643","targetHints":{"allow":["GET"]}}],"collection":[{"href":"https:\/\/sindaopcpb.org.br\/index.php\/wp-json\/wp\/v2\/posts"}],"about":[{"href":"https:\/\/sindaopcpb.org.br\/index.php\/wp-json\/wp\/v2\/types\/post"}],"author":[{"embeddable":true,"href":"https:\/\/sindaopcpb.org.br\/index.php\/wp-json\/wp\/v2\/users\/123457"}],"replies":[{"embeddable":true,"href":"https:\/\/sindaopcpb.org.br\/index.php\/wp-json\/wp\/v2\/comments?post=61643"}],"version-history":[{"count":2,"href":"https:\/\/sindaopcpb.org.br\/index.php\/wp-json\/wp\/v2\/posts\/61643\/revisions"}],"predecessor-version":[{"id":61651,"href":"https:\/\/sindaopcpb.org.br\/index.php\/wp-json\/wp\/v2\/posts\/61643\/revisions\/61651"}],"wp:attachment":[{"href":"https:\/\/sindaopcpb.org.br\/index.php\/wp-json\/wp\/v2\/media?parent=61643"}],"wp:term":[{"taxonomy":"category","embeddable":true,"href":"https:\/\/sindaopcpb.org.br\/index.php\/wp-json\/wp\/v2\/categories?post=61643"},{"taxonomy":"post_tag","embeddable":true,"href":"https:\/\/sindaopcpb.org.br\/index.php\/wp-json\/wp\/v2\/tags?post=61643"}],"curies":[{"name":"wp","href":"https:\/\/api.w.org\/{rel}","templated":true}]}}