{"id":61631,"date":"2025-10-07T06:33:41","date_gmt":"2025-10-07T09:33:41","guid":{"rendered":"https:\/\/www.pbagora.com.br\/?p=920303"},"modified":"2025-10-07T06:33:41","modified_gmt":"2025-10-07T09:33:41","slug":"mppb-pede-afastamento-de-conselheiro-tutelar-por-agressao-a-jovem-em-serra-da-raiz","status":"publish","type":"post","link":"https:\/\/sindaopcpb.org.br\/index.php\/2025\/10\/07\/mppb-pede-afastamento-de-conselheiro-tutelar-por-agressao-a-jovem-em-serra-da-raiz\/","title":{"rendered":"MPPB pede afastamento de conselheiro tutelar por agress\u00e3o a jovem em Serra da Raiz"},"content":{"rendered":"<p><img width=\"730\" height=\"484\" src=\"https:\/\/www.pbagora.com.br\/storage\/2025\/10\/sedemppb.jpg\" class=\"attachment-large size-large wp-post-image\" alt=\"\" style=\"margin-bottom: 20px;\" decoding=\"async\" loading=\"lazy\" srcset=\"https:\/\/www.pbagora.com.br\/storage\/2025\/10\/sedemppb.jpg 730w, https:\/\/www.pbagora.com.br\/storage\/2025\/10\/sedemppb-300x199.jpg 300w, https:\/\/www.pbagora.com.br\/storage\/2025\/10\/sedemppb-150x99.jpg 150w, https:\/\/www.pbagora.com.br\/storage\/2025\/10\/sedemppb-380x252.jpg 380w, https:\/\/www.pbagora.com.br\/storage\/2025\/10\/sedemppb-80x53.jpg 80w, https:\/\/www.pbagora.com.br\/storage\/2025\/10\/sedemppb-600x398.jpg 600w\" sizes=\"auto, (max-width: 730px) 100vw, 730px\" \/><\/p>\n<p><\/p>\n\n\n\n<p>O Minist\u00e9rio P\u00fablico da Para\u00edba (MPPB) requereu ontem (6) o afastamento de um conselheiro tutelar do munic\u00edpio de Serra da Raiz, no Brejo paraibano, que est\u00e1 sendo investigado por agredir um adolescente. Segundo o parecer, o pedido foi encaminhado ao Conselho Municipal dos Direitos da Crian\u00e7a e do Adolescente, visando garantir a integridade f\u00edsica e psicol\u00f3gica da v\u00edtima durante o andamento das investiga\u00e7\u00f5es.<\/p>\n\n\n\n<p>Segundo a den\u00fancia o caso envolveu um conselheiro tutelar que teria praticado viol\u00eancia f\u00edsica contra um jovem atendido pelo \u00f3rg\u00e3o. O MPPB destacou que o afastamento \u00e9 uma medida preventiva, sem preconceito, e busca garantir a regularidade das atividades do Conselho Tutelar e a prote\u00e7\u00e3o dos direitos da crian\u00e7a e do adolescente.<\/p>\n\n\n\n<p>O MPPB informou que continuar\u00e1 acompanhando o caso e que medidas adicionais poder\u00e3o ser adotadas conforme o andamento da investiga\u00e7\u00e3o.<\/p>\n\n\n\n<p>Reda\u00e7\u00e3o<\/p>\n","protected":false},"excerpt":{"rendered":"<p><img loading=\"lazy\" decoding=\"async\" width=\"730\" height=\"484\" src=\"https:\/\/www.pbagora.com.br\/storage\/2025\/10\/sedemppb.jpg\" class=\"attachment-large size-large wp-post-image\" alt=\"\" srcset=\"https:\/\/www.pbagora.com.br\/storage\/2025\/10\/sedemppb.jpg 730w, https:\/\/www.pbagora.com.br\/storage\/2025\/10\/sedemppb-300x199.jpg 300w, https:\/\/www.pbagora.com.br\/storage\/2025\/10\/sedemppb-150x99.jpg 150w, https:\/\/www.pbagora.com.br\/storage\/2025\/10\/sedemppb-380x252.jpg 380w, https:\/\/www.pbagora.com.br\/storage\/2025\/10\/sedemppb-80x53.jpg 80w, https:\/\/www.pbagora.com.br\/storage\/2025\/10\/sedemppb-600x398.jpg 600w\" sizes=\"auto, (max-width: 730px) 100vw, 730px\"><\/p>\n<p>O Minist\u00e9rio P\u00fablico da Para\u00edba (MPPB) requereu ontem (6) o afastamento de um conselheiro tutelar do munic\u00edpio de\u2026<\/p>\n","protected":false},"author":123457,"featured_media":0,"comment_status":"closed","ping_status":"closed","sticky":false,"template":"","format":"standard","meta":{"advgb_blocks_editor_width":"","advgb_blocks_columns_visual_guide":"","footnotes":""},"categories":[34],"tags":[35,10839,10842],"class_list":["post-61631","post","type-post","status-publish","format-standard","hentry","category-g1","tag-g1","tag-policial","tag-principal3"],"author_meta":{"display_name":"Reda\u00e7\u00e3o","author_link":"https:\/\/sindaopcpb.org.br\/author\/redacao\/"},"featured_img":null,"coauthors":[],"tax_additional":{"categories":{"linked":["<a href=\"https:\/\/sindaopcpb.org.br\/g1\/\" class=\"advgb-post-tax-term\">G1<\/a>"],"unlinked":["<span class=\"advgb-post-tax-term\">G1<\/span>"]},"tags":{"linked":["<a href=\"https:\/\/sindaopcpb.org.br\/g1\/\" class=\"advgb-post-tax-term\">g1<\/a>","<a href=\"https:\/\/sindaopcpb.org.br\/g1\/\" class=\"advgb-post-tax-term\">Policial<\/a>","<a href=\"https:\/\/sindaopcpb.org.br\/g1\/\" class=\"advgb-post-tax-term\">Principal3<\/a>"],"unlinked":["<span class=\"advgb-post-tax-term\">g1<\/span>","<span class=\"advgb-post-tax-term\">Policial<\/span>","<span class=\"advgb-post-tax-term\">Principal3<\/span>"]}},"comment_count":"0","relative_dates":{"created":"Publicado 7 meses atr\u00e1s","modified":"Atualizado 7 meses atr\u00e1s"},"absolute_dates":{"created":"Publicado em 7 de outubro de 2025","modified":"Atualizado em 7 de outubro de 2025"},"absolute_dates_time":{"created":"Publicado em 7 de outubro de 2025 06:33","modified":"Atualizado em 7 de outubro de 2025 06:33"},"featured_img_caption":"","series_order":"","_links":{"self":[{"href":"https:\/\/sindaopcpb.org.br\/index.php\/wp-json\/wp\/v2\/posts\/61631","targetHints":{"allow":["GET"]}}],"collection":[{"href":"https:\/\/sindaopcpb.org.br\/index.php\/wp-json\/wp\/v2\/posts"}],"about":[{"href":"https:\/\/sindaopcpb.org.br\/index.php\/wp-json\/wp\/v2\/types\/post"}],"author":[{"embeddable":true,"href":"https:\/\/sindaopcpb.org.br\/index.php\/wp-json\/wp\/v2\/users\/123457"}],"replies":[{"embeddable":true,"href":"https:\/\/sindaopcpb.org.br\/index.php\/wp-json\/wp\/v2\/comments?post=61631"}],"version-history":[{"count":2,"href":"https:\/\/sindaopcpb.org.br\/index.php\/wp-json\/wp\/v2\/posts\/61631\/revisions"}],"predecessor-version":[{"id":61642,"href":"https:\/\/sindaopcpb.org.br\/index.php\/wp-json\/wp\/v2\/posts\/61631\/revisions\/61642"}],"wp:attachment":[{"href":"https:\/\/sindaopcpb.org.br\/index.php\/wp-json\/wp\/v2\/media?parent=61631"}],"wp:term":[{"taxonomy":"category","embeddable":true,"href":"https:\/\/sindaopcpb.org.br\/index.php\/wp-json\/wp\/v2\/categories?post=61631"},{"taxonomy":"post_tag","embeddable":true,"href":"https:\/\/sindaopcpb.org.br\/index.php\/wp-json\/wp\/v2\/tags?post=61631"}],"curies":[{"name":"wp","href":"https:\/\/api.w.org\/{rel}","templated":true}]}}