{"id":61611,"date":"2025-10-06T12:21:50","date_gmt":"2025-10-06T15:21:50","guid":{"rendered":"https:\/\/www.pbagora.com.br\/?p=920205"},"modified":"2025-10-06T14:15:50","modified_gmt":"2025-10-06T17:15:50","slug":"execucao-por-vinganca-e-principal-linha-de-investigacao-na-morte-de-vereador","status":"publish","type":"post","link":"https:\/\/sindaopcpb.org.br\/index.php\/2025\/10\/06\/execucao-por-vinganca-e-principal-linha-de-investigacao-na-morte-de-vereador\/","title":{"rendered":"Execu\u00e7\u00e3o por vingan\u00e7a \u00e9 principal linha de investiga\u00e7\u00e3o na morte de vereador"},"content":{"rendered":"<p><img width=\"484\" height=\"353\" src=\"https:\/\/www.pbagora.com.br\/storage\/2025\/10\/image-66.png\" class=\"attachment-large size-large wp-post-image\" alt=\"\" style=\"margin-bottom: 20px;\" decoding=\"async\" srcset=\"https:\/\/www.pbagora.com.br\/storage\/2025\/10\/image-66.png 484w, https:\/\/www.pbagora.com.br\/storage\/2025\/10\/image-66-300x219.png 300w, https:\/\/www.pbagora.com.br\/storage\/2025\/10\/image-66-150x109.png 150w, https:\/\/www.pbagora.com.br\/storage\/2025\/10\/image-66-380x277.png 380w, https:\/\/www.pbagora.com.br\/storage\/2025\/10\/image-66-80x58.png 80w\" sizes=\"(max-width: 484px) 100vw, 484px\" \/><\/p>\n<p>A Pol\u00edcia Civil da Para\u00edba revelou nesta segunda-feira (06) que a principal hip\u00f3tese investigada sobre o assassinato do vereador Peron Filho, de Jacara\u00fa, \u00e9 a de que o crime tenha sido premeditado e motivado por vingan\u00e7a. A informa\u00e7\u00e3o foi divulgada durante uma entrevista coletiva conduzida pelo delegado Silvio Rabelo, respons\u00e1vel pelo caso.<\/p>\n\n\n\n<p>Segundo o delegado, a possibilidade de latroc\u00ednio, roubo seguido de morte, foi descartada.<\/p>\n\n\n\n<p>\u201cEstamos dentro da linha de homic\u00eddio por vingan\u00e7a, uma execu\u00e7\u00e3o. Pode ter sido vingan\u00e7a, algo pol\u00edtico, um desentendimento, uma amea\u00e7a em decorr\u00eancia de um motivo f\u00fatil\u201d, afirmou Rabelo.<\/p>\n\n\n\n<p>Apesar dos avan\u00e7os nas investiga\u00e7\u00f5es, o delegado destacou que ainda s\u00e3o necess\u00e1rias provas adicionais para que o Minist\u00e9rio P\u00fablico possa formalizar a den\u00fancia.<\/p>\n\n\n\n<p>\u201cAs investiga\u00e7\u00f5es est\u00e3o avan\u00e7adas e vamos chegar nos autores, principalmente os que executaram, planejaram, os que foram possivelmente contratados (para executar o crime). Nossa preocupa\u00e7\u00e3o \u00e9 chegar na motiva\u00e7\u00e3o do crime e esclarecer todos os detalhes\u201d, completou.<\/p>\n\n\n\n<p><strong><em>Entenda<\/em><\/strong><\/p>\n\n\n\n<p>O corpo de Peron Filho foi encontrado na noite de 15 de setembro, \u00e0s margens de uma rodovia pr\u00f3xima \u00e0 cidade de Jacara\u00fa, no Litoral Norte paraibano. Ele estava em uma motocicleta que apresentava marcas de tiros. De acordo com informa\u00e7\u00f5es preliminares, o vereador retornava de um jogo de futsal quando foi surpreendido pelos autores do crime.<\/p>\n\n\n\n<p><strong><em>PB Agora<\/em><\/strong><\/p>\n","protected":false},"excerpt":{"rendered":"<p><img loading=\"lazy\" decoding=\"async\" width=\"484\" height=\"353\" src=\"https:\/\/www.pbagora.com.br\/storage\/2025\/10\/image-66.png\" class=\"attachment-large size-large wp-post-image\" alt=\"\" srcset=\"https:\/\/www.pbagora.com.br\/storage\/2025\/10\/image-66.png 484w, https:\/\/www.pbagora.com.br\/storage\/2025\/10\/image-66-300x219.png 300w, https:\/\/www.pbagora.com.br\/storage\/2025\/10\/image-66-150x109.png 150w, https:\/\/www.pbagora.com.br\/storage\/2025\/10\/image-66-380x277.png 380w, https:\/\/www.pbagora.com.br\/storage\/2025\/10\/image-66-80x58.png 80w\" sizes=\"auto, (max-width: 484px) 100vw, 484px\"><\/p>\n<p>A Pol\u00edcia Civil da Para\u00edba revelou nesta segunda-feira (06) que a principal hip\u00f3tese investigada sobre o assassinato do\u2026<\/p>\n","protected":false},"author":123457,"featured_media":0,"comment_status":"closed","ping_status":"closed","sticky":false,"template":"","format":"standard","meta":{"advgb_blocks_editor_width":"","advgb_blocks_columns_visual_guide":"","footnotes":""},"categories":[34],"tags":[10841,35,10839],"class_list":["post-61611","post","type-post","status-publish","format-standard","hentry","category-g1","tag-destaque-centro-02","tag-g1","tag-policial"],"author_meta":{"display_name":"Reda\u00e7\u00e3o","author_link":"https:\/\/sindaopcpb.org.br\/author\/redacao\/"},"featured_img":null,"coauthors":[],"tax_additional":{"categories":{"linked":["<a href=\"https:\/\/sindaopcpb.org.br\/g1\/\" class=\"advgb-post-tax-term\">G1<\/a>"],"unlinked":["<span class=\"advgb-post-tax-term\">G1<\/span>"]},"tags":{"linked":["<a href=\"https:\/\/sindaopcpb.org.br\/g1\/\" class=\"advgb-post-tax-term\">Destaque Centro 02<\/a>","<a href=\"https:\/\/sindaopcpb.org.br\/g1\/\" class=\"advgb-post-tax-term\">g1<\/a>","<a href=\"https:\/\/sindaopcpb.org.br\/g1\/\" class=\"advgb-post-tax-term\">Policial<\/a>"],"unlinked":["<span class=\"advgb-post-tax-term\">Destaque Centro 02<\/span>","<span class=\"advgb-post-tax-term\">g1<\/span>","<span class=\"advgb-post-tax-term\">Policial<\/span>"]}},"comment_count":"0","relative_dates":{"created":"Publicado 7 meses atr\u00e1s","modified":"Atualizado 7 meses atr\u00e1s"},"absolute_dates":{"created":"Publicado em 6 de outubro de 2025","modified":"Atualizado em 6 de outubro de 2025"},"absolute_dates_time":{"created":"Publicado em 6 de outubro de 2025 12:21","modified":"Atualizado em 6 de outubro de 2025 14:15"},"featured_img_caption":"","series_order":"","_links":{"self":[{"href":"https:\/\/sindaopcpb.org.br\/index.php\/wp-json\/wp\/v2\/posts\/61611","targetHints":{"allow":["GET"]}}],"collection":[{"href":"https:\/\/sindaopcpb.org.br\/index.php\/wp-json\/wp\/v2\/posts"}],"about":[{"href":"https:\/\/sindaopcpb.org.br\/index.php\/wp-json\/wp\/v2\/types\/post"}],"author":[{"embeddable":true,"href":"https:\/\/sindaopcpb.org.br\/index.php\/wp-json\/wp\/v2\/users\/123457"}],"replies":[{"embeddable":true,"href":"https:\/\/sindaopcpb.org.br\/index.php\/wp-json\/wp\/v2\/comments?post=61611"}],"version-history":[{"count":3,"href":"https:\/\/sindaopcpb.org.br\/index.php\/wp-json\/wp\/v2\/posts\/61611\/revisions"}],"predecessor-version":[{"id":61624,"href":"https:\/\/sindaopcpb.org.br\/index.php\/wp-json\/wp\/v2\/posts\/61611\/revisions\/61624"}],"wp:attachment":[{"href":"https:\/\/sindaopcpb.org.br\/index.php\/wp-json\/wp\/v2\/media?parent=61611"}],"wp:term":[{"taxonomy":"category","embeddable":true,"href":"https:\/\/sindaopcpb.org.br\/index.php\/wp-json\/wp\/v2\/categories?post=61611"},{"taxonomy":"post_tag","embeddable":true,"href":"https:\/\/sindaopcpb.org.br\/index.php\/wp-json\/wp\/v2\/tags?post=61611"}],"curies":[{"name":"wp","href":"https:\/\/api.w.org\/{rel}","templated":true}]}}