{"id":61593,"date":"2025-10-06T09:25:39","date_gmt":"2025-10-06T12:25:39","guid":{"rendered":"https:\/\/www.pbagora.com.br\/?p=920137"},"modified":"2025-10-06T09:25:39","modified_gmt":"2025-10-06T12:25:39","slug":"mulher-e-presa-apos-esfaquear-companheiro-durante-briga-em-bar-no-sertao-da-paraiba","status":"publish","type":"post","link":"https:\/\/sindaopcpb.org.br\/index.php\/2025\/10\/06\/mulher-e-presa-apos-esfaquear-companheiro-durante-briga-em-bar-no-sertao-da-paraiba\/","title":{"rendered":"Mulher \u00e9 presa ap\u00f3s esfaquear companheiro durante briga em bar no Sert\u00e3o da Para\u00edba"},"content":{"rendered":"<p><img width=\"1024\" height=\"679\" src=\"https:\/\/www.pbagora.com.br\/storage\/2024\/09\/samu-jp-1024x679.jpg\" class=\"attachment-large size-large wp-post-image\" alt=\"\" style=\"margin-bottom: 20px;\" decoding=\"async\" loading=\"lazy\" srcset=\"https:\/\/www.pbagora.com.br\/storage\/2024\/09\/samu-jp-1024x679.jpg 1024w, https:\/\/www.pbagora.com.br\/storage\/2024\/09\/samu-jp-300x199.jpg 300w, https:\/\/www.pbagora.com.br\/storage\/2024\/09\/samu-jp-150x99.jpg 150w, https:\/\/www.pbagora.com.br\/storage\/2024\/09\/samu-jp-768x509.jpg 768w, https:\/\/www.pbagora.com.br\/storage\/2024\/09\/samu-jp-380x252.jpg 380w, https:\/\/www.pbagora.com.br\/storage\/2024\/09\/samu-jp-800x530.jpg 800w, https:\/\/www.pbagora.com.br\/storage\/2024\/09\/samu-jp-1160x769.jpg 1160w, https:\/\/www.pbagora.com.br\/storage\/2024\/09\/samu-jp-80x53.jpg 80w, https:\/\/www.pbagora.com.br\/storage\/2024\/09\/samu-jp-760x504.jpg 760w, https:\/\/www.pbagora.com.br\/storage\/2024\/09\/samu-jp-600x398.jpg 600w, https:\/\/www.pbagora.com.br\/storage\/2024\/09\/samu-jp.jpg 1500w\" sizes=\"auto, (max-width: 1024px) 100vw, 1024px\" \/><\/p>\n<p>Uma discuss\u00e3o entre um casal terminou em trag\u00e9dia na noite desse domingo (05) no munic\u00edpio de Concei\u00e7\u00e3o, localizado no Sert\u00e3o da Para\u00edba. Durante uma briga em um bar, uma mulher atacou o companheiro com uma faca, atingindo-o no pesco\u00e7o.<\/p>\n\n\n\n<p>Segundo informa\u00e7\u00f5es da Pol\u00edcia Militar, os dois estavam consumindo bebidas alco\u00f3licas quando come\u00e7aram a discutir por causa de uma pedra de crack. Em meio ao conflito, a mulher usou uma faca de mesa para golpear o homem, que n\u00e3o resistiu aos ferimentos.<\/p>\n\n\n\n<p>Testemunhas acionaram a pol\u00edcia e o Servi\u00e7o de Atendimento M\u00f3vel de Urg\u00eancia (SAMU), mas a v\u00edtima j\u00e1 estava sem vida quando os socorristas chegaram ao local. Ap\u00f3s o ataque, a mulher tentou fugir, mas foi localizada e detida pela PM poucos minutos depois e conduzida \u00e0 Delegacia de Pol\u00edcia Civil, onde teve a pris\u00e3o em flagrante formalizada. A arma utilizada no crime tamb\u00e9m foi apreendida.<\/p>\n\n\n\n<p><strong><em>PB Agora<\/em><\/strong><\/p>\n","protected":false},"excerpt":{"rendered":"<p><img loading=\"lazy\" decoding=\"async\" width=\"1024\" height=\"679\" src=\"https:\/\/www.pbagora.com.br\/storage\/2024\/09\/samu-jp-1024x679.jpg\" class=\"attachment-large size-large wp-post-image\" alt=\"\" srcset=\"https:\/\/www.pbagora.com.br\/storage\/2024\/09\/samu-jp-1024x679.jpg 1024w, https:\/\/www.pbagora.com.br\/storage\/2024\/09\/samu-jp-300x199.jpg 300w, https:\/\/www.pbagora.com.br\/storage\/2024\/09\/samu-jp-150x99.jpg 150w, https:\/\/www.pbagora.com.br\/storage\/2024\/09\/samu-jp-768x509.jpg 768w, https:\/\/www.pbagora.com.br\/storage\/2024\/09\/samu-jp-380x252.jpg 380w, https:\/\/www.pbagora.com.br\/storage\/2024\/09\/samu-jp-800x530.jpg 800w, https:\/\/www.pbagora.com.br\/storage\/2024\/09\/samu-jp-1160x769.jpg 1160w, https:\/\/www.pbagora.com.br\/storage\/2024\/09\/samu-jp-80x53.jpg 80w, https:\/\/www.pbagora.com.br\/storage\/2024\/09\/samu-jp-760x504.jpg 760w, https:\/\/www.pbagora.com.br\/storage\/2024\/09\/samu-jp-600x398.jpg 600w, https:\/\/www.pbagora.com.br\/storage\/2024\/09\/samu-jp.jpg 1500w\" sizes=\"auto, (max-width: 1024px) 100vw, 1024px\"><\/p>\n<p>Uma discuss\u00e3o entre um casal terminou em trag\u00e9dia na noite desse domingo (05) no munic\u00edpio de Concei\u00e7\u00e3o, localizado\u2026<\/p>\n","protected":false},"author":123457,"featured_media":0,"comment_status":"closed","ping_status":"closed","sticky":false,"template":"","format":"standard","meta":{"advgb_blocks_editor_width":"","advgb_blocks_columns_visual_guide":"","footnotes":""},"categories":[34],"tags":[10840,35,10839],"class_list":["post-61593","post","type-post","status-publish","format-standard","hentry","category-g1","tag-destaque-centro-03","tag-g1","tag-policial"],"author_meta":{"display_name":"Reda\u00e7\u00e3o","author_link":"https:\/\/sindaopcpb.org.br\/author\/redacao\/"},"featured_img":null,"coauthors":[],"tax_additional":{"categories":{"linked":["<a href=\"https:\/\/sindaopcpb.org.br\/g1\/\" class=\"advgb-post-tax-term\">G1<\/a>"],"unlinked":["<span class=\"advgb-post-tax-term\">G1<\/span>"]},"tags":{"linked":["<a href=\"https:\/\/sindaopcpb.org.br\/g1\/\" class=\"advgb-post-tax-term\">Destaque Centro 03<\/a>","<a href=\"https:\/\/sindaopcpb.org.br\/g1\/\" class=\"advgb-post-tax-term\">g1<\/a>","<a href=\"https:\/\/sindaopcpb.org.br\/g1\/\" class=\"advgb-post-tax-term\">Policial<\/a>"],"unlinked":["<span class=\"advgb-post-tax-term\">Destaque Centro 03<\/span>","<span class=\"advgb-post-tax-term\">g1<\/span>","<span class=\"advgb-post-tax-term\">Policial<\/span>"]}},"comment_count":"0","relative_dates":{"created":"Publicado 7 meses atr\u00e1s","modified":"Atualizado 7 meses atr\u00e1s"},"absolute_dates":{"created":"Publicado em 6 de outubro de 2025","modified":"Atualizado em 6 de outubro de 2025"},"absolute_dates_time":{"created":"Publicado em 6 de outubro de 2025 09:25","modified":"Atualizado em 6 de outubro de 2025 09:25"},"featured_img_caption":"","series_order":"","_links":{"self":[{"href":"https:\/\/sindaopcpb.org.br\/index.php\/wp-json\/wp\/v2\/posts\/61593","targetHints":{"allow":["GET"]}}],"collection":[{"href":"https:\/\/sindaopcpb.org.br\/index.php\/wp-json\/wp\/v2\/posts"}],"about":[{"href":"https:\/\/sindaopcpb.org.br\/index.php\/wp-json\/wp\/v2\/types\/post"}],"author":[{"embeddable":true,"href":"https:\/\/sindaopcpb.org.br\/index.php\/wp-json\/wp\/v2\/users\/123457"}],"replies":[{"embeddable":true,"href":"https:\/\/sindaopcpb.org.br\/index.php\/wp-json\/wp\/v2\/comments?post=61593"}],"version-history":[{"count":2,"href":"https:\/\/sindaopcpb.org.br\/index.php\/wp-json\/wp\/v2\/posts\/61593\/revisions"}],"predecessor-version":[{"id":61603,"href":"https:\/\/sindaopcpb.org.br\/index.php\/wp-json\/wp\/v2\/posts\/61593\/revisions\/61603"}],"wp:attachment":[{"href":"https:\/\/sindaopcpb.org.br\/index.php\/wp-json\/wp\/v2\/media?parent=61593"}],"wp:term":[{"taxonomy":"category","embeddable":true,"href":"https:\/\/sindaopcpb.org.br\/index.php\/wp-json\/wp\/v2\/categories?post=61593"},{"taxonomy":"post_tag","embeddable":true,"href":"https:\/\/sindaopcpb.org.br\/index.php\/wp-json\/wp\/v2\/tags?post=61593"}],"curies":[{"name":"wp","href":"https:\/\/api.w.org\/{rel}","templated":true}]}}