{"id":61583,"date":"2025-10-06T06:25:40","date_gmt":"2025-10-06T09:25:40","guid":{"rendered":"https:\/\/www.pbagora.com.br\/?p=920119"},"modified":"2025-10-06T09:25:40","modified_gmt":"2025-10-06T12:25:40","slug":"ses-descarta-2a-suspeita-de-intoxicacao-por-metanol-em-paciente-de-patos-laudo-sobre-morte-de-raniel-sai-hoje","status":"publish","type":"post","link":"https:\/\/sindaopcpb.org.br\/index.php\/2025\/10\/06\/ses-descarta-2a-suspeita-de-intoxicacao-por-metanol-em-paciente-de-patos-laudo-sobre-morte-de-raniel-sai-hoje\/","title":{"rendered":"SES descarta 2\u00aa suspeita de intoxica\u00e7\u00e3o por metanol em paciente de Patos; laudo sobre morte de Raniel sai hoje"},"content":{"rendered":"<p><img width=\"1024\" height=\"1024\" src=\"https:\/\/www.pbagora.com.br\/storage\/2025\/10\/Imagem-do-WhatsApp-de-2025-10-06-as-06.23.11_b4855fbb-1024x1024.jpg\" class=\"attachment-large size-large wp-post-image\" alt=\"\" style=\"margin-bottom: 20px;\" decoding=\"async\" loading=\"lazy\" srcset=\"https:\/\/www.pbagora.com.br\/storage\/2025\/10\/Imagem-do-WhatsApp-de-2025-10-06-as-06.23.11_b4855fbb-1024x1024.jpg 1024w, https:\/\/www.pbagora.com.br\/storage\/2025\/10\/Imagem-do-WhatsApp-de-2025-10-06-as-06.23.11_b4855fbb-300x300.jpg 300w, https:\/\/www.pbagora.com.br\/storage\/2025\/10\/Imagem-do-WhatsApp-de-2025-10-06-as-06.23.11_b4855fbb-150x150.jpg 150w, https:\/\/www.pbagora.com.br\/storage\/2025\/10\/Imagem-do-WhatsApp-de-2025-10-06-as-06.23.11_b4855fbb-768x768.jpg 768w, https:\/\/www.pbagora.com.br\/storage\/2025\/10\/Imagem-do-WhatsApp-de-2025-10-06-as-06.23.11_b4855fbb-80x80.jpg 80w, https:\/\/www.pbagora.com.br\/storage\/2025\/10\/Imagem-do-WhatsApp-de-2025-10-06-as-06.23.11_b4855fbb-110x110.jpg 110w, https:\/\/www.pbagora.com.br\/storage\/2025\/10\/Imagem-do-WhatsApp-de-2025-10-06-as-06.23.11_b4855fbb-380x380.jpg 380w, https:\/\/www.pbagora.com.br\/storage\/2025\/10\/Imagem-do-WhatsApp-de-2025-10-06-as-06.23.11_b4855fbb-800x800.jpg 800w, https:\/\/www.pbagora.com.br\/storage\/2025\/10\/Imagem-do-WhatsApp-de-2025-10-06-as-06.23.11_b4855fbb-1160x1160.jpg 1160w, https:\/\/www.pbagora.com.br\/storage\/2025\/10\/Imagem-do-WhatsApp-de-2025-10-06-as-06.23.11_b4855fbb-160x160.jpg 160w, https:\/\/www.pbagora.com.br\/storage\/2025\/10\/Imagem-do-WhatsApp-de-2025-10-06-as-06.23.11_b4855fbb-760x760.jpg 760w, https:\/\/www.pbagora.com.br\/storage\/2025\/10\/Imagem-do-WhatsApp-de-2025-10-06-as-06.23.11_b4855fbb-600x600.jpg 600w, https:\/\/www.pbagora.com.br\/storage\/2025\/10\/Imagem-do-WhatsApp-de-2025-10-06-as-06.23.11_b4855fbb.jpg 1280w\" sizes=\"auto, (max-width: 1024px) 100vw, 1024px\" \/><\/p>\n<p><\/p>\n\n\n\n<p>A Secretaria de Estado da Sa\u00fade da Para\u00edba (SES-PB) em comunicado, ontem (05), n\u00e3o validou, a suspeita de intoxica\u00e7\u00e3o por metanol em um paciente da cidade de Patos, no Sert\u00e3o Paraibano. J\u00e1 sobre o o laudo sobre a morte de Raniel Dantas, de 32 anos, por suspeita de intoxica\u00e7\u00e3o por bebida alco\u00f3lica adulterada com metanol, este deve sair ainda hoje (06).<\/p>\n\n\n\n<p>Segundo dados do \u00faltimo boletim,&nbsp; do m\u00e9dico da UPA Dr. Ot\u00e1vio Pires de Lacerda, o paciente havia procurado a unidade, relatando sintomas ap\u00f3s ingerir bebida alco\u00f3lica. O homem teria consumido uma vodka trazida de Pernambuco. A Vigil\u00e2ncia Sanit\u00e1ria foi acionada, e o caso seguiu sob an\u00e1lise do Hospital Regional. Ap\u00f3s uma avalia\u00e7\u00e3o cl\u00ednica, a hip\u00f3tese de intoxica\u00e7\u00e3o por metanol foi afastada ap\u00f3s avalia\u00e7\u00e3o cl\u00ednica.<\/p>\n\n\n\n<p>J\u00e1 sobre o caso da morte de Raniel, o secret\u00e1rio de Sa\u00fade, Ari Reis, as an\u00e1lises v\u00e3o identificar se h\u00e1 subst\u00e2ncias associadas \u00e0 intoxica\u00e7\u00e3o. \u201cAs primeiras amostras deste paciente foram coletadas com a presen\u00e7a do IPC (Instituto de Pol\u00edcia Cient\u00edfica). Elas seguem para an\u00e1lise, que vai medir se existem subst\u00e2ncias associadas \u00e0 intoxica\u00e7\u00e3o. Esperamos que o laudo seja emitido em at\u00e9 48 horas e j\u00e1 temos previs\u00e3o de uma agenda na pr\u00f3xima segunda-feira na SES para elucidar o caso\u201d, afirmou.<\/p>\n\n\n\n<p>Informa\u00e7\u00f5es d\u00e3o conta que a v\u00edtima havia consumido bebida alco\u00f3lica nos \u00faltimos tr\u00eas dias. Inicialmente, Raniel foi internado no Hospital Regional de Picu\u00ed e, posteriormente, transferido para o Hospital de Emerg\u00eancia e Trauma de Campina Grande, onde n\u00e3o resistiu ap\u00f3s tr\u00eas paradas cardiorrespirat\u00f3rias.<\/p>\n\n\n\n<p>Al\u00e9m da investiga\u00e7\u00e3o laboratorial, a SES acompanha opera\u00e7\u00f5es de fiscaliza\u00e7\u00e3o em Bara\u00fana, cidade de origem da v\u00edtima, realizadas neste s\u00e1bado pela Ag\u00eancia Estadual de Vigil\u00e2ncia Sanit\u00e1ria (Agevisa) e pela Pol\u00edcia Civil. Essa a\u00e7\u00e3o desencadeou uma segunda opera\u00e7\u00e3o de fiscaliza\u00e7\u00e3o na cidade de Picu\u00ed.<\/p>\n\n\n\n<p>Reda\u00e7\u00e3o<\/p>\n","protected":false},"excerpt":{"rendered":"<p><img decoding=\"async\" width=\"1024\" height=\"1024\" src=\"https:\/\/www.pbagora.com.br\/storage\/2025\/10\/Imagem-do-WhatsApp-de-2025-10-06-as-06.23.11_b4855fbb-1024x1024.jpg\" class=\"attachment-large size-large wp-post-image\" alt=\"\" loading=\"lazy\" srcset=\"https:\/\/www.pbagora.com.br\/storage\/2025\/10\/Imagem-do-WhatsApp-de-2025-10-06-as-06.23.11_b4855fbb-1024x1024.jpg 1024w, https:\/\/www.pbagora.com.br\/storage\/2025\/10\/Imagem-do-WhatsApp-de-2025-10-06-as-06.23.11_b4855fbb-300x300.jpg 300w, https:\/\/www.pbagora.com.br\/storage\/2025\/10\/Imagem-do-WhatsApp-de-2025-10-06-as-06.23.11_b4855fbb-150x150.jpg 150w, https:\/\/www.pbagora.com.br\/storage\/2025\/10\/Imagem-do-WhatsApp-de-2025-10-06-as-06.23.11_b4855fbb-768x768.jpg 768w, https:\/\/www.pbagora.com.br\/storage\/2025\/10\/Imagem-do-WhatsApp-de-2025-10-06-as-06.23.11_b4855fbb-80x80.jpg 80w, https:\/\/www.pbagora.com.br\/storage\/2025\/10\/Imagem-do-WhatsApp-de-2025-10-06-as-06.23.11_b4855fbb-110x110.jpg 110w, https:\/\/www.pbagora.com.br\/storage\/2025\/10\/Imagem-do-WhatsApp-de-2025-10-06-as-06.23.11_b4855fbb-380x380.jpg 380w, https:\/\/www.pbagora.com.br\/storage\/2025\/10\/Imagem-do-WhatsApp-de-2025-10-06-as-06.23.11_b4855fbb-800x800.jpg 800w, https:\/\/www.pbagora.com.br\/storage\/2025\/10\/Imagem-do-WhatsApp-de-2025-10-06-as-06.23.11_b4855fbb-1160x1160.jpg 1160w, https:\/\/www.pbagora.com.br\/storage\/2025\/10\/Imagem-do-WhatsApp-de-2025-10-06-as-06.23.11_b4855fbb-160x160.jpg 160w, https:\/\/www.pbagora.com.br\/storage\/2025\/10\/Imagem-do-WhatsApp-de-2025-10-06-as-06.23.11_b4855fbb-760x760.jpg 760w, https:\/\/www.pbagora.com.br\/storage\/2025\/10\/Imagem-do-WhatsApp-de-2025-10-06-as-06.23.11_b4855fbb-600x600.jpg 600w, https:\/\/www.pbagora.com.br\/storage\/2025\/10\/Imagem-do-WhatsApp-de-2025-10-06-as-06.23.11_b4855fbb.jpg 1280w\" sizes=\"auto, (max-width: 1024px) 100vw, 1024px\"><\/p>\n<p>A Secretaria de Estado da Sa\u00fade da Para\u00edba (SES-PB) em comunicado, ontem (05), n\u00e3o validou, a suspeita de\u2026<\/p>\n","protected":false},"author":123457,"featured_media":0,"comment_status":"closed","ping_status":"closed","sticky":false,"template":"","format":"standard","meta":{"advgb_blocks_editor_width":"","advgb_blocks_columns_visual_guide":"","footnotes":""},"categories":[34],"tags":[10852,35,10839],"class_list":["post-61583","post","type-post","status-publish","format-standard","hentry","category-g1","tag-destaque-final-01","tag-g1","tag-policial"],"author_meta":{"display_name":"Reda\u00e7\u00e3o","author_link":"https:\/\/sindaopcpb.org.br\/author\/redacao\/"},"featured_img":null,"coauthors":[],"tax_additional":{"categories":{"linked":["<a href=\"https:\/\/sindaopcpb.org.br\/g1\/\" class=\"advgb-post-tax-term\">G1<\/a>"],"unlinked":["<span class=\"advgb-post-tax-term\">G1<\/span>"]},"tags":{"linked":["<a href=\"https:\/\/sindaopcpb.org.br\/g1\/\" class=\"advgb-post-tax-term\">Destaque Final 01<\/a>","<a href=\"https:\/\/sindaopcpb.org.br\/g1\/\" class=\"advgb-post-tax-term\">g1<\/a>","<a href=\"https:\/\/sindaopcpb.org.br\/g1\/\" class=\"advgb-post-tax-term\">Policial<\/a>"],"unlinked":["<span class=\"advgb-post-tax-term\">Destaque Final 01<\/span>","<span class=\"advgb-post-tax-term\">g1<\/span>","<span class=\"advgb-post-tax-term\">Policial<\/span>"]}},"comment_count":"0","relative_dates":{"created":"Publicado 7 meses atr\u00e1s","modified":"Atualizado 7 meses atr\u00e1s"},"absolute_dates":{"created":"Publicado em 6 de outubro de 2025","modified":"Atualizado em 6 de outubro de 2025"},"absolute_dates_time":{"created":"Publicado em 6 de outubro de 2025 06:25","modified":"Atualizado em 6 de outubro de 2025 09:25"},"featured_img_caption":"","series_order":"","_links":{"self":[{"href":"https:\/\/sindaopcpb.org.br\/index.php\/wp-json\/wp\/v2\/posts\/61583","targetHints":{"allow":["GET"]}}],"collection":[{"href":"https:\/\/sindaopcpb.org.br\/index.php\/wp-json\/wp\/v2\/posts"}],"about":[{"href":"https:\/\/sindaopcpb.org.br\/index.php\/wp-json\/wp\/v2\/types\/post"}],"author":[{"embeddable":true,"href":"https:\/\/sindaopcpb.org.br\/index.php\/wp-json\/wp\/v2\/users\/123457"}],"replies":[{"embeddable":true,"href":"https:\/\/sindaopcpb.org.br\/index.php\/wp-json\/wp\/v2\/comments?post=61583"}],"version-history":[{"count":3,"href":"https:\/\/sindaopcpb.org.br\/index.php\/wp-json\/wp\/v2\/posts\/61583\/revisions"}],"predecessor-version":[{"id":61602,"href":"https:\/\/sindaopcpb.org.br\/index.php\/wp-json\/wp\/v2\/posts\/61583\/revisions\/61602"}],"wp:attachment":[{"href":"https:\/\/sindaopcpb.org.br\/index.php\/wp-json\/wp\/v2\/media?parent=61583"}],"wp:term":[{"taxonomy":"category","embeddable":true,"href":"https:\/\/sindaopcpb.org.br\/index.php\/wp-json\/wp\/v2\/categories?post=61583"},{"taxonomy":"post_tag","embeddable":true,"href":"https:\/\/sindaopcpb.org.br\/index.php\/wp-json\/wp\/v2\/tags?post=61583"}],"curies":[{"name":"wp","href":"https:\/\/api.w.org\/{rel}","templated":true}]}}