{"id":61577,"date":"2025-10-05T07:24:06","date_gmt":"2025-10-05T10:24:06","guid":{"rendered":"https:\/\/www.pbagora.com.br\/?p=919990"},"modified":"2025-10-05T07:24:06","modified_gmt":"2025-10-05T10:24:06","slug":"veiculo-capota-na-br-230-proximo-a-pombal-e-motorista-escapa-sem-ferimentos-graves","status":"publish","type":"post","link":"https:\/\/sindaopcpb.org.br\/index.php\/2025\/10\/05\/veiculo-capota-na-br-230-proximo-a-pombal-e-motorista-escapa-sem-ferimentos-graves\/","title":{"rendered":"Ve\u00edculo capota na BR-230 pr\u00f3ximo a Pombal e motorista escapa sem ferimentos graves"},"content":{"rendered":"<p><img width=\"204\" height=\"110\" src=\"https:\/\/www.pbagora.com.br\/storage\/2025\/10\/Captura-de-tela-2025-10-04-232437.png\" class=\"attachment-large size-large wp-post-image\" alt=\"\" style=\"margin-bottom: 20px;\" decoding=\"async\" srcset=\"https:\/\/www.pbagora.com.br\/storage\/2025\/10\/Captura-de-tela-2025-10-04-232437.png 204w, https:\/\/www.pbagora.com.br\/storage\/2025\/10\/Captura-de-tela-2025-10-04-232437-150x81.png 150w, https:\/\/www.pbagora.com.br\/storage\/2025\/10\/Captura-de-tela-2025-10-04-232437-80x42.png 80w\" sizes=\"(max-width: 204px) 100vw, 204px\" \/><\/p>\n<p>Na noite deste s\u00e1bado (04), um capotamento foi registrado na BR-230, nas proximidades de Pombal, no Sert\u00e3o da Para\u00edba. O acidente envolveu um ve\u00edculo modelo Volkswagen Polo, que saiu da pista e acabou capotando ap\u00f3s o condutor perder o controle da dire\u00e7\u00e3o.<\/p>\n\n\n\n<p>O impacto foi forte e o carro colidiu com uma barreira \u00e0s margens da rodovia. Equipes do Corpo de Bombeiros foram acionadas e chegaram rapidamente ao local para prestar os primeiros socorros.<\/p>\n\n\n\n<p>Apesar da gravidade do acidente, o motorista \u2014 que preferiu n\u00e3o ter seu nome divulgado \u2014 saiu ileso e foi encaminhado para atendimento m\u00e9dico apenas por precau\u00e7\u00e3o. Ele n\u00e3o apresentou ferimentos graves.<\/p>\n\n\n\n<p>A causa do acidente ainda ser\u00e1 apurada pelas autoridades competentes, mas as informa\u00e7\u00f5es iniciais apontam que o condutor pode ter perdido o controle do ve\u00edculo ao passar por um trecho sinuoso da rodovia.<\/p>\n\n\n\n<p>O tr\u00e2nsito no local foi controlado pelas equipes de emerg\u00eancia, e o tr\u00e1fego fluiu normalmente ap\u00f3s a remo\u00e7\u00e3o do ve\u00edculo.<\/p>\n\n\n\n<p>Em tempo<\/p>\n\n\n\n<p>A PRF foi informada por uma equipe da PM esteve no local, que o condutor ficou ileso e que familiares providenciaram um guincho para remover o ve\u00edculo.<\/p>\n\n\n\n<p><strong><em>Reda\u00e7\u00e3o<\/em><\/strong><\/p>\n","protected":false},"excerpt":{"rendered":"<p><img loading=\"lazy\" decoding=\"async\" width=\"204\" height=\"110\" src=\"https:\/\/www.pbagora.com.br\/storage\/2025\/10\/Captura-de-tela-2025-10-04-232437.png\" class=\"attachment-large size-large wp-post-image\" alt=\"\" srcset=\"https:\/\/www.pbagora.com.br\/storage\/2025\/10\/Captura-de-tela-2025-10-04-232437.png 204w, https:\/\/www.pbagora.com.br\/storage\/2025\/10\/Captura-de-tela-2025-10-04-232437-150x81.png 150w, https:\/\/www.pbagora.com.br\/storage\/2025\/10\/Captura-de-tela-2025-10-04-232437-80x42.png 80w\" sizes=\"auto, (max-width: 204px) 100vw, 204px\"><\/p>\n<p>Na noite deste s\u00e1bado (04), um capotamento foi registrado na BR-230, nas proximidades de Pombal, no Sert\u00e3o da\u2026<\/p>\n","protected":false},"author":123457,"featured_media":0,"comment_status":"closed","ping_status":"closed","sticky":false,"template":"","format":"standard","meta":{"advgb_blocks_editor_width":"","advgb_blocks_columns_visual_guide":"","footnotes":""},"categories":[34],"tags":[35,10839,10842],"class_list":["post-61577","post","type-post","status-publish","format-standard","hentry","category-g1","tag-g1","tag-policial","tag-principal3"],"author_meta":{"display_name":"Reda\u00e7\u00e3o","author_link":"https:\/\/sindaopcpb.org.br\/author\/redacao\/"},"featured_img":null,"coauthors":[],"tax_additional":{"categories":{"linked":["<a href=\"https:\/\/sindaopcpb.org.br\/g1\/\" class=\"advgb-post-tax-term\">G1<\/a>"],"unlinked":["<span class=\"advgb-post-tax-term\">G1<\/span>"]},"tags":{"linked":["<a href=\"https:\/\/sindaopcpb.org.br\/g1\/\" class=\"advgb-post-tax-term\">g1<\/a>","<a href=\"https:\/\/sindaopcpb.org.br\/g1\/\" class=\"advgb-post-tax-term\">Policial<\/a>","<a href=\"https:\/\/sindaopcpb.org.br\/g1\/\" class=\"advgb-post-tax-term\">Principal3<\/a>"],"unlinked":["<span class=\"advgb-post-tax-term\">g1<\/span>","<span class=\"advgb-post-tax-term\">Policial<\/span>","<span class=\"advgb-post-tax-term\">Principal3<\/span>"]}},"comment_count":"0","relative_dates":{"created":"Publicado 7 meses atr\u00e1s","modified":"Atualizado 7 meses atr\u00e1s"},"absolute_dates":{"created":"Publicado em 5 de outubro de 2025","modified":"Atualizado em 5 de outubro de 2025"},"absolute_dates_time":{"created":"Publicado em 5 de outubro de 2025 07:24","modified":"Atualizado em 5 de outubro de 2025 07:24"},"featured_img_caption":"","series_order":"","_links":{"self":[{"href":"https:\/\/sindaopcpb.org.br\/index.php\/wp-json\/wp\/v2\/posts\/61577","targetHints":{"allow":["GET"]}}],"collection":[{"href":"https:\/\/sindaopcpb.org.br\/index.php\/wp-json\/wp\/v2\/posts"}],"about":[{"href":"https:\/\/sindaopcpb.org.br\/index.php\/wp-json\/wp\/v2\/types\/post"}],"author":[{"embeddable":true,"href":"https:\/\/sindaopcpb.org.br\/index.php\/wp-json\/wp\/v2\/users\/123457"}],"replies":[{"embeddable":true,"href":"https:\/\/sindaopcpb.org.br\/index.php\/wp-json\/wp\/v2\/comments?post=61577"}],"version-history":[{"count":3,"href":"https:\/\/sindaopcpb.org.br\/index.php\/wp-json\/wp\/v2\/posts\/61577\/revisions"}],"predecessor-version":[{"id":61590,"href":"https:\/\/sindaopcpb.org.br\/index.php\/wp-json\/wp\/v2\/posts\/61577\/revisions\/61590"}],"wp:attachment":[{"href":"https:\/\/sindaopcpb.org.br\/index.php\/wp-json\/wp\/v2\/media?parent=61577"}],"wp:term":[{"taxonomy":"category","embeddable":true,"href":"https:\/\/sindaopcpb.org.br\/index.php\/wp-json\/wp\/v2\/categories?post=61577"},{"taxonomy":"post_tag","embeddable":true,"href":"https:\/\/sindaopcpb.org.br\/index.php\/wp-json\/wp\/v2\/tags?post=61577"}],"curies":[{"name":"wp","href":"https:\/\/api.w.org\/{rel}","templated":true}]}}