{"id":61561,"date":"2025-10-04T09:31:42","date_gmt":"2025-10-04T12:31:42","guid":{"rendered":"https:\/\/www.pbagora.com.br\/?p=919907"},"modified":"2025-10-04T17:50:42","modified_gmt":"2025-10-04T20:50:42","slug":"policia-militar-prende-dupla-e-recupera-carro-roubado-e-armas-no-valentina-em-joao-pessoa","status":"publish","type":"post","link":"https:\/\/sindaopcpb.org.br\/index.php\/2025\/10\/04\/policia-militar-prende-dupla-e-recupera-carro-roubado-e-armas-no-valentina-em-joao-pessoa\/","title":{"rendered":"Pol\u00edcia Militar prende dupla e recupera carro roubado e armas no Valentina, em Jo\u00e3o Pessoa"},"content":{"rendered":"<p><img width=\"588\" height=\"371\" src=\"https:\/\/www.pbagora.com.br\/storage\/2025\/10\/image-24.png\" class=\"attachment-large size-large wp-post-image\" alt=\"\" style=\"margin-bottom: 20px;\" decoding=\"async\" srcset=\"https:\/\/www.pbagora.com.br\/storage\/2025\/10\/image-24.png 588w, https:\/\/www.pbagora.com.br\/storage\/2025\/10\/image-24-300x189.png 300w, https:\/\/www.pbagora.com.br\/storage\/2025\/10\/image-24-150x95.png 150w, https:\/\/www.pbagora.com.br\/storage\/2025\/10\/image-24-380x240.png 380w, https:\/\/www.pbagora.com.br\/storage\/2025\/10\/image-24-80x50.png 80w\" sizes=\"(max-width: 588px) 100vw, 588px\" \/><\/p>\n<p>Nessa sexta-feira (03), uma a\u00e7\u00e3o da Pol\u00edcia Militar resultou na pris\u00e3o de dois homens suspeitos de envolvimento em atividades criminosas na zona sul de Jo\u00e3o Pessoa. A opera\u00e7\u00e3o ocorreu no bairro Valentina Figueiredo e culminou na recupera\u00e7\u00e3o de um ve\u00edculo roubado, duas armas de fogo e muni\u00e7\u00f5es.<\/p>\n\n\n\n<p>De acordo com informa\u00e7\u00f5es repassadas pela PM, os policiais tentaram abordar o carro em que os suspeitos estavam, mas os ocupantes n\u00e3o obedeceram \u00e0 ordem de parada e iniciaram uma fuga pelas ruas do bairro. Ap\u00f3s persegui\u00e7\u00e3o, o ve\u00edculo foi interceptado e os suspeitos abandonaram o autom\u00f3vel, tentando escapar pulando muros de resid\u00eancias pr\u00f3ximas. A tentativa, no entanto, foi frustrada e ambos foram capturados pouco depois.<\/p>\n\n\n\n<p>Durante a abordagem, os agentes encontraram duas armas de fogo e tr\u00eas muni\u00e7\u00f5es de calibre 32 mil\u00edmetros em posse dos suspeitos. O carro utilizado pela dupla tamb\u00e9m foi identificado como produto de roubo.<\/p>\n\n\n\n<p>Segundo a Pol\u00edcia Militar, os detidos s\u00e3o apontados como autores de diversos delitos na regi\u00e3o sul da capital paraibana. Ap\u00f3s a pris\u00e3o, os dois homens e o material apreendido foram encaminhados \u00e0 Central de Pol\u00edcia Civil, localizada no bairro do Geisel, onde o caso ser\u00e1 investigado.<\/p>\n\n\n\n<p><strong><em>PB Agora<\/em><\/strong><\/p>\n","protected":false},"excerpt":{"rendered":"<p><img loading=\"lazy\" decoding=\"async\" width=\"588\" height=\"371\" src=\"https:\/\/www.pbagora.com.br\/storage\/2025\/10\/image-24.png\" class=\"attachment-large size-large wp-post-image\" alt=\"\" srcset=\"https:\/\/www.pbagora.com.br\/storage\/2025\/10\/image-24.png 588w, https:\/\/www.pbagora.com.br\/storage\/2025\/10\/image-24-300x189.png 300w, https:\/\/www.pbagora.com.br\/storage\/2025\/10\/image-24-150x95.png 150w, https:\/\/www.pbagora.com.br\/storage\/2025\/10\/image-24-380x240.png 380w, https:\/\/www.pbagora.com.br\/storage\/2025\/10\/image-24-80x50.png 80w\" sizes=\"auto, (max-width: 588px) 100vw, 588px\"><\/p>\n<p>Nessa sexta-feira (03), uma a\u00e7\u00e3o da Pol\u00edcia Militar resultou na pris\u00e3o de dois homens suspeitos de envolvimento em\u2026<\/p>\n","protected":false},"author":123457,"featured_media":0,"comment_status":"closed","ping_status":"closed","sticky":false,"template":"","format":"standard","meta":{"advgb_blocks_editor_width":"","advgb_blocks_columns_visual_guide":"","footnotes":""},"categories":[34],"tags":[35,10839,10848],"class_list":["post-61561","post","type-post","status-publish","format-standard","hentry","category-g1","tag-g1","tag-policial","tag-rodape-01"],"author_meta":{"display_name":"Reda\u00e7\u00e3o","author_link":"https:\/\/sindaopcpb.org.br\/author\/redacao\/"},"featured_img":null,"coauthors":[],"tax_additional":{"categories":{"linked":["<a href=\"https:\/\/sindaopcpb.org.br\/g1\/\" class=\"advgb-post-tax-term\">G1<\/a>"],"unlinked":["<span class=\"advgb-post-tax-term\">G1<\/span>"]},"tags":{"linked":["<a href=\"https:\/\/sindaopcpb.org.br\/g1\/\" class=\"advgb-post-tax-term\">g1<\/a>","<a href=\"https:\/\/sindaopcpb.org.br\/g1\/\" class=\"advgb-post-tax-term\">Policial<\/a>","<a href=\"https:\/\/sindaopcpb.org.br\/g1\/\" class=\"advgb-post-tax-term\">Rodape 01<\/a>"],"unlinked":["<span class=\"advgb-post-tax-term\">g1<\/span>","<span class=\"advgb-post-tax-term\">Policial<\/span>","<span class=\"advgb-post-tax-term\">Rodape 01<\/span>"]}},"comment_count":"0","relative_dates":{"created":"Publicado 7 meses atr\u00e1s","modified":"Atualizado 7 meses atr\u00e1s"},"absolute_dates":{"created":"Publicado em 4 de outubro de 2025","modified":"Atualizado em 4 de outubro de 2025"},"absolute_dates_time":{"created":"Publicado em 4 de outubro de 2025 09:31","modified":"Atualizado em 4 de outubro de 2025 17:50"},"featured_img_caption":"","series_order":"","_links":{"self":[{"href":"https:\/\/sindaopcpb.org.br\/index.php\/wp-json\/wp\/v2\/posts\/61561","targetHints":{"allow":["GET"]}}],"collection":[{"href":"https:\/\/sindaopcpb.org.br\/index.php\/wp-json\/wp\/v2\/posts"}],"about":[{"href":"https:\/\/sindaopcpb.org.br\/index.php\/wp-json\/wp\/v2\/types\/post"}],"author":[{"embeddable":true,"href":"https:\/\/sindaopcpb.org.br\/index.php\/wp-json\/wp\/v2\/users\/123457"}],"replies":[{"embeddable":true,"href":"https:\/\/sindaopcpb.org.br\/index.php\/wp-json\/wp\/v2\/comments?post=61561"}],"version-history":[{"count":3,"href":"https:\/\/sindaopcpb.org.br\/index.php\/wp-json\/wp\/v2\/posts\/61561\/revisions"}],"predecessor-version":[{"id":61573,"href":"https:\/\/sindaopcpb.org.br\/index.php\/wp-json\/wp\/v2\/posts\/61561\/revisions\/61573"}],"wp:attachment":[{"href":"https:\/\/sindaopcpb.org.br\/index.php\/wp-json\/wp\/v2\/media?parent=61561"}],"wp:term":[{"taxonomy":"category","embeddable":true,"href":"https:\/\/sindaopcpb.org.br\/index.php\/wp-json\/wp\/v2\/categories?post=61561"},{"taxonomy":"post_tag","embeddable":true,"href":"https:\/\/sindaopcpb.org.br\/index.php\/wp-json\/wp\/v2\/tags?post=61561"}],"curies":[{"name":"wp","href":"https:\/\/api.w.org\/{rel}","templated":true}]}}