{"id":61555,"date":"2025-10-03T17:35:52","date_gmt":"2025-10-03T20:35:52","guid":{"rendered":"https:\/\/www.pbagora.com.br\/?p=919867"},"modified":"2025-10-03T17:35:52","modified_gmt":"2025-10-03T20:35:52","slug":"colisao-frontal-entre-carro-e-caminhao-pipa-deixa-duas-pessoas-mortas-na-br-230-proximo-a-pombal","status":"publish","type":"post","link":"https:\/\/sindaopcpb.org.br\/index.php\/2025\/10\/03\/colisao-frontal-entre-carro-e-caminhao-pipa-deixa-duas-pessoas-mortas-na-br-230-proximo-a-pombal\/","title":{"rendered":"Colis\u00e3o frontal entre carro e caminh\u00e3o-pipa deixa duas pessoas mortas na BR-230, pr\u00f3ximo a Pombal"},"content":{"rendered":"<p><img width=\"685\" height=\"410\" src=\"https:\/\/www.pbagora.com.br\/storage\/2025\/10\/Captura-de-tela-2025-10-03-173208.png\" class=\"attachment-large size-large wp-post-image\" alt=\"\" style=\"margin-bottom: 20px;\" decoding=\"async\" srcset=\"https:\/\/www.pbagora.com.br\/storage\/2025\/10\/Captura-de-tela-2025-10-03-173208.png 685w, https:\/\/www.pbagora.com.br\/storage\/2025\/10\/Captura-de-tela-2025-10-03-173208-300x180.png 300w, https:\/\/www.pbagora.com.br\/storage\/2025\/10\/Captura-de-tela-2025-10-03-173208-150x90.png 150w, https:\/\/www.pbagora.com.br\/storage\/2025\/10\/Captura-de-tela-2025-10-03-173208-380x227.png 380w, https:\/\/www.pbagora.com.br\/storage\/2025\/10\/Captura-de-tela-2025-10-03-173208-80x48.png 80w, https:\/\/www.pbagora.com.br\/storage\/2025\/10\/Captura-de-tela-2025-10-03-173208-600x359.png 600w\" sizes=\"(max-width: 685px) 100vw, 685px\" \/><\/p>\n<p>Um grave acidente foi registrado na tarde desta sexta-feira (3) na BR-230, nas proximidades do munic\u00edpio de Pombal, Sert\u00e3o da Para\u00edba. A colis\u00e3o frontal envolveu um carro modelo Corsa Sedan, com placas de Fortaleza (CE), e um caminh\u00e3o-pipa utilizado em servi\u00e7os de abastecimento de \u00e1gua.<\/p>\n\n\n\n<p>De acordo com informa\u00e7\u00f5es preliminares repassadas pelo Corpo de Bombeiros, duas pessoas que estavam no autom\u00f3vel morreram no local. Uma terceira v\u00edtima, que tamb\u00e9m ocupava o ve\u00edculo, foi socorrida em estado grave por uma equipe do Servi\u00e7o de Atendimento M\u00f3vel de Urg\u00eancia (SAMU) e levada ao Hospital Regional de Pombal.<\/p>\n\n\n\n<p>As v\u00edtimas fatais seriam naturais da cidade de S\u00e3o Jos\u00e9 de Piranhas, no Alto Sert\u00e3o paraibano. Segundo os relatos, os ocupantes do carro retornavam \u00e0 cidade de origem no momento da colis\u00e3o. O motorista sobrevivente chegou a dar informa\u00e7\u00f5es aos socorristas ainda no local.<\/p>\n\n\n\n<p>A batida foi violenta e causou destrui\u00e7\u00e3o significativa na parte frontal do autom\u00f3vel. Equipes do Corpo de Bombeiros, SAMU, Pol\u00edcia Militar e Pol\u00edcia Civil atuaram na ocorr\u00eancia. A per\u00edcia foi acionada e as causas do acidente ainda ser\u00e3o investigadas.<\/p>\n\n\n\n<p>O tr\u00e2nsito no trecho ficou parcialmente interditado durante o trabalho de resgate e remo\u00e7\u00e3o dos ve\u00edculos. As identidades das v\u00edtimas ainda n\u00e3o haviam sido oficialmente divulgadas at\u00e9 o fechamento desta mat\u00e9ria.<\/p>\n\n\n\n<p>As informa\u00e7\u00f5es foram publicadas com exclusividade pelo rep\u00f3rter Jo\u00e3o Alencar, da TV O Norte.<\/p>\n\n\n\n<p><strong><em>PB Agora<\/em><\/strong><\/p>\n\n\n\n<p><\/p>\n","protected":false},"excerpt":{"rendered":"<p><img loading=\"lazy\" decoding=\"async\" width=\"685\" height=\"410\" src=\"https:\/\/www.pbagora.com.br\/storage\/2025\/10\/Captura-de-tela-2025-10-03-173208.png\" class=\"attachment-large size-large wp-post-image\" alt=\"\" srcset=\"https:\/\/www.pbagora.com.br\/storage\/2025\/10\/Captura-de-tela-2025-10-03-173208.png 685w, https:\/\/www.pbagora.com.br\/storage\/2025\/10\/Captura-de-tela-2025-10-03-173208-300x180.png 300w, https:\/\/www.pbagora.com.br\/storage\/2025\/10\/Captura-de-tela-2025-10-03-173208-150x90.png 150w, https:\/\/www.pbagora.com.br\/storage\/2025\/10\/Captura-de-tela-2025-10-03-173208-380x227.png 380w, https:\/\/www.pbagora.com.br\/storage\/2025\/10\/Captura-de-tela-2025-10-03-173208-80x48.png 80w, https:\/\/www.pbagora.com.br\/storage\/2025\/10\/Captura-de-tela-2025-10-03-173208-600x359.png 600w\" sizes=\"auto, (max-width: 685px) 100vw, 685px\"><\/p>\n<p>Um grave acidente foi registrado na tarde desta sexta-feira (3) na BR-230, nas proximidades do munic\u00edpio de Pombal,\u2026<\/p>\n","protected":false},"author":123457,"featured_media":0,"comment_status":"closed","ping_status":"closed","sticky":false,"template":"","format":"standard","meta":{"advgb_blocks_editor_width":"","advgb_blocks_columns_visual_guide":"","footnotes":""},"categories":[34],"tags":[35,10839,10844],"class_list":["post-61555","post","type-post","status-publish","format-standard","hentry","category-g1","tag-g1","tag-policial","tag-principal2"],"author_meta":{"display_name":"Reda\u00e7\u00e3o","author_link":"https:\/\/sindaopcpb.org.br\/author\/redacao\/"},"featured_img":null,"coauthors":[],"tax_additional":{"categories":{"linked":["<a href=\"https:\/\/sindaopcpb.org.br\/g1\/\" class=\"advgb-post-tax-term\">G1<\/a>"],"unlinked":["<span class=\"advgb-post-tax-term\">G1<\/span>"]},"tags":{"linked":["<a href=\"https:\/\/sindaopcpb.org.br\/g1\/\" class=\"advgb-post-tax-term\">g1<\/a>","<a href=\"https:\/\/sindaopcpb.org.br\/g1\/\" class=\"advgb-post-tax-term\">Policial<\/a>","<a href=\"https:\/\/sindaopcpb.org.br\/g1\/\" class=\"advgb-post-tax-term\">Principal2<\/a>"],"unlinked":["<span class=\"advgb-post-tax-term\">g1<\/span>","<span class=\"advgb-post-tax-term\">Policial<\/span>","<span class=\"advgb-post-tax-term\">Principal2<\/span>"]}},"comment_count":"0","relative_dates":{"created":"Publicado 7 meses atr\u00e1s","modified":"Atualizado 7 meses atr\u00e1s"},"absolute_dates":{"created":"Publicado em 3 de outubro de 2025","modified":"Atualizado em 3 de outubro de 2025"},"absolute_dates_time":{"created":"Publicado em 3 de outubro de 2025 17:35","modified":"Atualizado em 3 de outubro de 2025 17:35"},"featured_img_caption":"","series_order":"","_links":{"self":[{"href":"https:\/\/sindaopcpb.org.br\/index.php\/wp-json\/wp\/v2\/posts\/61555","targetHints":{"allow":["GET"]}}],"collection":[{"href":"https:\/\/sindaopcpb.org.br\/index.php\/wp-json\/wp\/v2\/posts"}],"about":[{"href":"https:\/\/sindaopcpb.org.br\/index.php\/wp-json\/wp\/v2\/types\/post"}],"author":[{"embeddable":true,"href":"https:\/\/sindaopcpb.org.br\/index.php\/wp-json\/wp\/v2\/users\/123457"}],"replies":[{"embeddable":true,"href":"https:\/\/sindaopcpb.org.br\/index.php\/wp-json\/wp\/v2\/comments?post=61555"}],"version-history":[{"count":2,"href":"https:\/\/sindaopcpb.org.br\/index.php\/wp-json\/wp\/v2\/posts\/61555\/revisions"}],"predecessor-version":[{"id":61565,"href":"https:\/\/sindaopcpb.org.br\/index.php\/wp-json\/wp\/v2\/posts\/61555\/revisions\/61565"}],"wp:attachment":[{"href":"https:\/\/sindaopcpb.org.br\/index.php\/wp-json\/wp\/v2\/media?parent=61555"}],"wp:term":[{"taxonomy":"category","embeddable":true,"href":"https:\/\/sindaopcpb.org.br\/index.php\/wp-json\/wp\/v2\/categories?post=61555"},{"taxonomy":"post_tag","embeddable":true,"href":"https:\/\/sindaopcpb.org.br\/index.php\/wp-json\/wp\/v2\/tags?post=61555"}],"curies":[{"name":"wp","href":"https:\/\/api.w.org\/{rel}","templated":true}]}}