{"id":61514,"date":"2025-10-02T11:31:03","date_gmt":"2025-10-02T14:31:03","guid":{"rendered":"https:\/\/www.pbagora.com.br\/?p=919569"},"modified":"2025-10-02T13:30:03","modified_gmt":"2025-10-02T16:30:03","slug":"suspeitos-da-morte-de-ex-secretario-de-esportes-de-cidade-da-pb-sao-presos","status":"publish","type":"post","link":"https:\/\/sindaopcpb.org.br\/index.php\/2025\/10\/02\/suspeitos-da-morte-de-ex-secretario-de-esportes-de-cidade-da-pb-sao-presos\/","title":{"rendered":"Suspeitos da morte de ex-secret\u00e1rio de Esportes de cidade da PB s\u00e3o presos"},"content":{"rendered":"<p><img width=\"943\" height=\"1024\" src=\"https:\/\/www.pbagora.com.br\/storage\/2025\/10\/image-8-943x1024.png\" class=\"attachment-large size-large wp-post-image\" alt=\"\" style=\"margin-bottom: 20px;\" decoding=\"async\" srcset=\"https:\/\/www.pbagora.com.br\/storage\/2025\/10\/image-8-943x1024.png 943w, https:\/\/www.pbagora.com.br\/storage\/2025\/10\/image-8-276x300.png 276w, https:\/\/www.pbagora.com.br\/storage\/2025\/10\/image-8-138x150.png 138w, https:\/\/www.pbagora.com.br\/storage\/2025\/10\/image-8-768x834.png 768w, https:\/\/www.pbagora.com.br\/storage\/2025\/10\/image-8-380x412.png 380w, https:\/\/www.pbagora.com.br\/storage\/2025\/10\/image-8-800x868.png 800w, https:\/\/www.pbagora.com.br\/storage\/2025\/10\/image-8-80x87.png 80w, https:\/\/www.pbagora.com.br\/storage\/2025\/10\/image-8-74x80.png 74w, https:\/\/www.pbagora.com.br\/storage\/2025\/10\/image-8-760x825.png 760w, https:\/\/www.pbagora.com.br\/storage\/2025\/10\/image-8-553x600.png 553w, https:\/\/www.pbagora.com.br\/storage\/2025\/10\/image-8.png 984w\" sizes=\"(max-width: 943px) 100vw, 943px\" \/><\/p>\n<p>A Pol\u00edcia Civil da Para\u00edba prendeu dois homens suspeitos de participa\u00e7\u00e3o no assassinato de Edvaldo Cordeiro, ex-secret\u00e1rio adjunto de Esportes do munic\u00edpio de Boqueir\u00e3o. O crime ocorreu no dia 6 de abril de 2025, enquanto a v\u00edtima celebrava com amigos em um bar a conquista de um campeonato de futebol local.<\/p>\n\n\n\n<p>O primeiro suspeito, de 19 anos, foi localizado e detido na \u00faltima ter\u00e7a-feira (30), em uma cl\u00ednica de reabilita\u00e7\u00e3o para dependentes qu\u00edmicos, em Campina Grande. J\u00e1 o segundo, de 20 anos, foi preso no dia seguinte, nessa quarta-feira (1\u00ba), em Boqueir\u00e3o.<\/p>\n\n\n\n<p>Segundo informa\u00e7\u00f5es da pol\u00edcia, Edvaldo foi surpreendido por homens armados que invadiram o estabelecimento e efetuaram diversos disparos contra ele. A motiva\u00e7\u00e3o do crime ainda est\u00e1 sob investiga\u00e7\u00e3o, e os detidos ser\u00e3o ouvidos para esclarecer os detalhes da execu\u00e7\u00e3o.<\/p>\n\n\n\n<p><strong><em>PB Agora<\/em><\/strong><\/p>\n","protected":false},"excerpt":{"rendered":"<p><img loading=\"lazy\" decoding=\"async\" width=\"943\" height=\"1024\" src=\"https:\/\/www.pbagora.com.br\/storage\/2025\/10\/image-8-943x1024.png\" class=\"attachment-large size-large wp-post-image\" alt=\"\" srcset=\"https:\/\/www.pbagora.com.br\/storage\/2025\/10\/image-8-943x1024.png 943w, https:\/\/www.pbagora.com.br\/storage\/2025\/10\/image-8-276x300.png 276w, https:\/\/www.pbagora.com.br\/storage\/2025\/10\/image-8-138x150.png 138w, https:\/\/www.pbagora.com.br\/storage\/2025\/10\/image-8-768x834.png 768w, https:\/\/www.pbagora.com.br\/storage\/2025\/10\/image-8-380x412.png 380w, https:\/\/www.pbagora.com.br\/storage\/2025\/10\/image-8-800x868.png 800w, https:\/\/www.pbagora.com.br\/storage\/2025\/10\/image-8-80x87.png 80w, https:\/\/www.pbagora.com.br\/storage\/2025\/10\/image-8-74x80.png 74w, https:\/\/www.pbagora.com.br\/storage\/2025\/10\/image-8-760x825.png 760w, https:\/\/www.pbagora.com.br\/storage\/2025\/10\/image-8-553x600.png 553w, https:\/\/www.pbagora.com.br\/storage\/2025\/10\/image-8.png 984w\" sizes=\"auto, (max-width: 943px) 100vw, 943px\"><\/p>\n<p>A Pol\u00edcia Civil da Para\u00edba prendeu dois homens suspeitos de participa\u00e7\u00e3o no assassinato de Edvaldo Cordeiro, ex-secret\u00e1rio adjunto\u2026<\/p>\n","protected":false},"author":123457,"featured_media":0,"comment_status":"closed","ping_status":"closed","sticky":false,"template":"","format":"standard","meta":{"advgb_blocks_editor_width":"","advgb_blocks_columns_visual_guide":"","footnotes":""},"categories":[34],"tags":[10841,35,10839],"class_list":["post-61514","post","type-post","status-publish","format-standard","hentry","category-g1","tag-destaque-centro-02","tag-g1","tag-policial"],"author_meta":{"display_name":"Reda\u00e7\u00e3o","author_link":"https:\/\/sindaopcpb.org.br\/author\/redacao\/"},"featured_img":null,"coauthors":[],"tax_additional":{"categories":{"linked":["<a href=\"https:\/\/sindaopcpb.org.br\/g1\/\" class=\"advgb-post-tax-term\">G1<\/a>"],"unlinked":["<span class=\"advgb-post-tax-term\">G1<\/span>"]},"tags":{"linked":["<a href=\"https:\/\/sindaopcpb.org.br\/g1\/\" class=\"advgb-post-tax-term\">Destaque Centro 02<\/a>","<a href=\"https:\/\/sindaopcpb.org.br\/g1\/\" class=\"advgb-post-tax-term\">g1<\/a>","<a href=\"https:\/\/sindaopcpb.org.br\/g1\/\" class=\"advgb-post-tax-term\">Policial<\/a>"],"unlinked":["<span class=\"advgb-post-tax-term\">Destaque Centro 02<\/span>","<span class=\"advgb-post-tax-term\">g1<\/span>","<span class=\"advgb-post-tax-term\">Policial<\/span>"]}},"comment_count":"0","relative_dates":{"created":"Publicado 7 meses atr\u00e1s","modified":"Atualizado 7 meses atr\u00e1s"},"absolute_dates":{"created":"Publicado em 2 de outubro de 2025","modified":"Atualizado em 2 de outubro de 2025"},"absolute_dates_time":{"created":"Publicado em 2 de outubro de 2025 11:31","modified":"Atualizado em 2 de outubro de 2025 13:30"},"featured_img_caption":"","series_order":"","_links":{"self":[{"href":"https:\/\/sindaopcpb.org.br\/index.php\/wp-json\/wp\/v2\/posts\/61514","targetHints":{"allow":["GET"]}}],"collection":[{"href":"https:\/\/sindaopcpb.org.br\/index.php\/wp-json\/wp\/v2\/posts"}],"about":[{"href":"https:\/\/sindaopcpb.org.br\/index.php\/wp-json\/wp\/v2\/types\/post"}],"author":[{"embeddable":true,"href":"https:\/\/sindaopcpb.org.br\/index.php\/wp-json\/wp\/v2\/users\/123457"}],"replies":[{"embeddable":true,"href":"https:\/\/sindaopcpb.org.br\/index.php\/wp-json\/wp\/v2\/comments?post=61514"}],"version-history":[{"count":3,"href":"https:\/\/sindaopcpb.org.br\/index.php\/wp-json\/wp\/v2\/posts\/61514\/revisions"}],"predecessor-version":[{"id":61522,"href":"https:\/\/sindaopcpb.org.br\/index.php\/wp-json\/wp\/v2\/posts\/61514\/revisions\/61522"}],"wp:attachment":[{"href":"https:\/\/sindaopcpb.org.br\/index.php\/wp-json\/wp\/v2\/media?parent=61514"}],"wp:term":[{"taxonomy":"category","embeddable":true,"href":"https:\/\/sindaopcpb.org.br\/index.php\/wp-json\/wp\/v2\/categories?post=61514"},{"taxonomy":"post_tag","embeddable":true,"href":"https:\/\/sindaopcpb.org.br\/index.php\/wp-json\/wp\/v2\/tags?post=61514"}],"curies":[{"name":"wp","href":"https:\/\/api.w.org\/{rel}","templated":true}]}}