{"id":61493,"date":"2025-10-02T06:50:47","date_gmt":"2025-10-02T09:50:47","guid":{"rendered":"https:\/\/www.pbagora.com.br\/?p=919507"},"modified":"2025-10-02T09:50:00","modified_gmt":"2025-10-02T12:50:00","slug":"policia-civil-prende-em-joao-pessoa-o-quarto-envolvido-no-duplo-homicidio-de-idosos-em-sape","status":"publish","type":"post","link":"https:\/\/sindaopcpb.org.br\/index.php\/2025\/10\/02\/policia-civil-prende-em-joao-pessoa-o-quarto-envolvido-no-duplo-homicidio-de-idosos-em-sape\/","title":{"rendered":"PC prende em JP o quarto envolvido no duplo homic\u00eddio de idosos em Sap\u00e9"},"content":{"rendered":"<p><img width=\"920\" height=\"411\" src=\"https:\/\/www.pbagora.com.br\/storage\/2025\/10\/Sem-titulo-1.jpg\" class=\"attachment-large size-large wp-post-image\" alt=\"\" style=\"margin-bottom: 20px;\" decoding=\"async\" srcset=\"https:\/\/www.pbagora.com.br\/storage\/2025\/10\/Sem-titulo-1.jpg 920w, https:\/\/www.pbagora.com.br\/storage\/2025\/10\/Sem-titulo-1-300x134.jpg 300w, https:\/\/www.pbagora.com.br\/storage\/2025\/10\/Sem-titulo-1-150x67.jpg 150w, https:\/\/www.pbagora.com.br\/storage\/2025\/10\/Sem-titulo-1-768x343.jpg 768w, https:\/\/www.pbagora.com.br\/storage\/2025\/10\/Sem-titulo-1-380x170.jpg 380w, https:\/\/www.pbagora.com.br\/storage\/2025\/10\/Sem-titulo-1-800x357.jpg 800w, https:\/\/www.pbagora.com.br\/storage\/2025\/10\/Sem-titulo-1-80x36.jpg 80w, https:\/\/www.pbagora.com.br\/storage\/2025\/10\/Sem-titulo-1-760x340.jpg 760w, https:\/\/www.pbagora.com.br\/storage\/2025\/10\/Sem-titulo-1-600x268.jpg 600w\" sizes=\"(max-width: 920px) 100vw, 920px\" \/><\/p>\n<p><\/p>\n\n\n\n<p>A Pol\u00edcia Civil da Para\u00edba prendeu hoje (02), em Jo\u00e3o Pessoa, o quarto suspeito de envolvimento no duplo homic\u00eddio dos idosos Nelson e C\u00e9lia, ocorrido em 18 de agosto, no munic\u00edpio de Sap\u00e9. A pris\u00e3o encerra a investiga\u00e7\u00e3o que vinha sendo conduzida h\u00e1 mais de um m\u00eas e que recebeu o nome de \u201cOpera\u00e7\u00e3o \u00daltimo Ato\u201d.<\/p>\n\n\n\n<p>Segundo o delegado M\u00e1rcio Pereira, respons\u00e1vel pelo caso, explicou que a opera\u00e7\u00e3o teve esse nome por dois motivos: \u201cera a \u00faltima pessoa que est\u00e1vamos procurando para fechar esse cerco e tamb\u00e9m porque ele participou do \u00faltimo ato do homic\u00eddio, o de Dona C\u00e9lia\u201d.<\/p>\n\n\n\n<p>Ainda de acordo com a investiga\u00e7\u00e3o, o suspeito preso hoje n\u00e3o esteve presente no momento em que Nelson foi assassinado dentro de casa. Ele chegou posteriormente, aguardou a chegada de C\u00e9lia, que estava em Jo\u00e3o Pessoa, e participou da execu\u00e7\u00e3o da idosa. De acordo com o delegado, \u201cquem foi respons\u00e1vel por dar esse mata-le\u00e3o nela foi o que foi preso hoje. Ele \u00e9 o respons\u00e1vel por ter asfixiado inicialmente, e o Ailton de ter fechado a boca dela pra que ela n\u00e3o gritasse. Ela ainda conseguiu gritar, e a partir da\u00ed eles finalizaram o ato de execu\u00e7\u00e3o\u201d, disse o delegado \u00e0 imprensa, destacando ainda que, h\u00e1 informa\u00e7\u00f5es de que o suspeito chegou a pisar no pesco\u00e7o da v\u00edtima para confirmar a morte, embora ele negue esse detalhe.<\/p>\n\n\n\n<p>Reda\u00e7\u00e3o<\/p>\n","protected":false},"excerpt":{"rendered":"<p><img loading=\"lazy\" decoding=\"async\" width=\"920\" height=\"411\" src=\"https:\/\/www.pbagora.com.br\/storage\/2025\/10\/Sem-titulo-1.jpg\" class=\"attachment-large size-large wp-post-image\" alt=\"\" srcset=\"https:\/\/www.pbagora.com.br\/storage\/2025\/10\/Sem-titulo-1.jpg 920w, https:\/\/www.pbagora.com.br\/storage\/2025\/10\/Sem-titulo-1-300x134.jpg 300w, https:\/\/www.pbagora.com.br\/storage\/2025\/10\/Sem-titulo-1-150x67.jpg 150w, https:\/\/www.pbagora.com.br\/storage\/2025\/10\/Sem-titulo-1-768x343.jpg 768w, https:\/\/www.pbagora.com.br\/storage\/2025\/10\/Sem-titulo-1-380x170.jpg 380w, https:\/\/www.pbagora.com.br\/storage\/2025\/10\/Sem-titulo-1-800x357.jpg 800w, https:\/\/www.pbagora.com.br\/storage\/2025\/10\/Sem-titulo-1-80x36.jpg 80w, https:\/\/www.pbagora.com.br\/storage\/2025\/10\/Sem-titulo-1-760x340.jpg 760w, https:\/\/www.pbagora.com.br\/storage\/2025\/10\/Sem-titulo-1-600x268.jpg 600w\" sizes=\"auto, (max-width: 920px) 100vw, 920px\"><\/p>\n<p>A Pol\u00edcia Civil da Para\u00edba prendeu hoje (02), em Jo\u00e3o Pessoa, o quarto suspeito de envolvimento no duplo\u2026<\/p>\n","protected":false},"author":123457,"featured_media":0,"comment_status":"closed","ping_status":"closed","sticky":false,"template":"","format":"standard","meta":{"advgb_blocks_editor_width":"","advgb_blocks_columns_visual_guide":"","footnotes":""},"categories":[34],"tags":[35,10839,10848],"class_list":["post-61493","post","type-post","status-publish","format-standard","hentry","category-g1","tag-g1","tag-policial","tag-rodape-01"],"author_meta":{"display_name":"Reda\u00e7\u00e3o","author_link":"https:\/\/sindaopcpb.org.br\/author\/redacao\/"},"featured_img":null,"coauthors":[],"tax_additional":{"categories":{"linked":["<a href=\"https:\/\/sindaopcpb.org.br\/g1\/\" class=\"advgb-post-tax-term\">G1<\/a>"],"unlinked":["<span class=\"advgb-post-tax-term\">G1<\/span>"]},"tags":{"linked":["<a href=\"https:\/\/sindaopcpb.org.br\/g1\/\" class=\"advgb-post-tax-term\">g1<\/a>","<a href=\"https:\/\/sindaopcpb.org.br\/g1\/\" class=\"advgb-post-tax-term\">Policial<\/a>","<a href=\"https:\/\/sindaopcpb.org.br\/g1\/\" class=\"advgb-post-tax-term\">Rodape 01<\/a>"],"unlinked":["<span class=\"advgb-post-tax-term\">g1<\/span>","<span class=\"advgb-post-tax-term\">Policial<\/span>","<span class=\"advgb-post-tax-term\">Rodape 01<\/span>"]}},"comment_count":"0","relative_dates":{"created":"Publicado 7 meses atr\u00e1s","modified":"Atualizado 7 meses atr\u00e1s"},"absolute_dates":{"created":"Publicado em 2 de outubro de 2025","modified":"Atualizado em 2 de outubro de 2025"},"absolute_dates_time":{"created":"Publicado em 2 de outubro de 2025 06:50","modified":"Atualizado em 2 de outubro de 2025 09:50"},"featured_img_caption":"","series_order":"","_links":{"self":[{"href":"https:\/\/sindaopcpb.org.br\/index.php\/wp-json\/wp\/v2\/posts\/61493","targetHints":{"allow":["GET"]}}],"collection":[{"href":"https:\/\/sindaopcpb.org.br\/index.php\/wp-json\/wp\/v2\/posts"}],"about":[{"href":"https:\/\/sindaopcpb.org.br\/index.php\/wp-json\/wp\/v2\/types\/post"}],"author":[{"embeddable":true,"href":"https:\/\/sindaopcpb.org.br\/index.php\/wp-json\/wp\/v2\/users\/123457"}],"replies":[{"embeddable":true,"href":"https:\/\/sindaopcpb.org.br\/index.php\/wp-json\/wp\/v2\/comments?post=61493"}],"version-history":[{"count":3,"href":"https:\/\/sindaopcpb.org.br\/index.php\/wp-json\/wp\/v2\/posts\/61493\/revisions"}],"predecessor-version":[{"id":61500,"href":"https:\/\/sindaopcpb.org.br\/index.php\/wp-json\/wp\/v2\/posts\/61493\/revisions\/61500"}],"wp:attachment":[{"href":"https:\/\/sindaopcpb.org.br\/index.php\/wp-json\/wp\/v2\/media?parent=61493"}],"wp:term":[{"taxonomy":"category","embeddable":true,"href":"https:\/\/sindaopcpb.org.br\/index.php\/wp-json\/wp\/v2\/categories?post=61493"},{"taxonomy":"post_tag","embeddable":true,"href":"https:\/\/sindaopcpb.org.br\/index.php\/wp-json\/wp\/v2\/tags?post=61493"}],"curies":[{"name":"wp","href":"https:\/\/api.w.org\/{rel}","templated":true}]}}