{"id":61490,"date":"2025-10-01T16:40:12","date_gmt":"2025-10-01T19:40:12","guid":{"rendered":"https:\/\/www.pbagora.com.br\/?p=919431"},"modified":"2025-10-01T16:40:12","modified_gmt":"2025-10-01T19:40:12","slug":"pf-realiza-operacao-para-combater-ameacas-contra-procuradora-da-republica-e-professores-em-cg","status":"publish","type":"post","link":"https:\/\/sindaopcpb.org.br\/index.php\/2025\/10\/01\/pf-realiza-operacao-para-combater-ameacas-contra-procuradora-da-republica-e-professores-em-cg\/","title":{"rendered":"PF realiza opera\u00e7\u00e3o para combater amea\u00e7as contra  procuradora da rep\u00fablica e professores em CG"},"content":{"rendered":"<p><img width=\"768\" height=\"576\" src=\"https:\/\/www.pbagora.com.br\/storage\/2025\/10\/PF.jpeg\" class=\"attachment-large size-large wp-post-image\" alt=\"\" style=\"margin-bottom: 20px;\" decoding=\"async\" loading=\"lazy\" srcset=\"https:\/\/www.pbagora.com.br\/storage\/2025\/10\/PF.jpeg 768w, https:\/\/www.pbagora.com.br\/storage\/2025\/10\/PF-300x225.jpeg 300w, https:\/\/www.pbagora.com.br\/storage\/2025\/10\/PF-150x113.jpeg 150w, https:\/\/www.pbagora.com.br\/storage\/2025\/10\/PF-200x150.jpeg 200w, https:\/\/www.pbagora.com.br\/storage\/2025\/10\/PF-260x195.jpeg 260w, https:\/\/www.pbagora.com.br\/storage\/2025\/10\/PF-380x285.jpeg 380w, https:\/\/www.pbagora.com.br\/storage\/2025\/10\/PF-80x60.jpeg 80w, https:\/\/www.pbagora.com.br\/storage\/2025\/10\/PF-600x450.jpeg 600w, https:\/\/www.pbagora.com.br\/storage\/2025\/10\/PF-520x390.jpeg 520w, https:\/\/www.pbagora.com.br\/storage\/2025\/10\/PF-760x570.jpeg 760w\" sizes=\"auto, (max-width: 768px) 100vw, 768px\" \/><\/p>\n<p>Na manh\u00e3 desta quarta-feira (1), a Pol\u00edcia Federal deflagrou a Opera\u00e7\u00e3o F\u00faria, com o objetivo de reprimir pr\u00e1ticas criminosas de amea\u00e7as e de coa\u00e7\u00e3o no curso de processo contra uma procuradora da rep\u00fablica do MPF\/PB e contra professores da Universidade Federal de Campina Grande\/PB,\u00a0campus\u00a0Sum\u00e9\/PB.<\/p>\n\n\n\n<p>A a\u00e7\u00e3o cumpriu um mandado de busca e apreens\u00e3o, aplica\u00e7\u00e3o de medidas impositivas, como proibi\u00e7\u00e3o de se aproximar das v\u00edtimas e de frequentar os pr\u00e9dios p\u00fablicos do MPF\/PB e UFCG, al\u00e9m de sua condu\u00e7\u00e3o para avalia\u00e7\u00e3o psiqui\u00e1trica. As determina\u00e7\u00f5es foram expedidas pelo ju\u00edzo da 14\u00aa Vara Federal do Ju\u00edzo de Garantias da Se\u00e7\u00e3o Judici\u00e1ria de Campina Grande.<\/p>\n\n\n\n<p>Durante a fase investigativa, apurou-se que um ex-aluno da UFCG&nbsp;<em>campus<\/em>&nbsp;Sum\u00e9\/PB proferiu amea\u00e7as contra a vida e integridade f\u00edsica das v\u00edtimas, acaso n\u00e3o houvesse mudan\u00e7a no desfecho de processos administrativos que atendiam aos seus interesses.<\/p>\n\n\n\n<p>O investigado poder\u00e1 ser responsabilizado, em tese, pelos crimes de Amea\u00e7a e Coa\u00e7\u00e3o no Curso de Processo.<\/p>\n\n\n\n<p><strong><em>Ascom PF<\/em><\/strong><\/p>\n","protected":false},"excerpt":{"rendered":"<p><img loading=\"lazy\" decoding=\"async\" width=\"768\" height=\"576\" src=\"https:\/\/www.pbagora.com.br\/storage\/2025\/10\/PF.jpeg\" class=\"attachment-large size-large wp-post-image\" alt=\"\" srcset=\"https:\/\/www.pbagora.com.br\/storage\/2025\/10\/PF.jpeg 768w, https:\/\/www.pbagora.com.br\/storage\/2025\/10\/PF-300x225.jpeg 300w, https:\/\/www.pbagora.com.br\/storage\/2025\/10\/PF-150x113.jpeg 150w, https:\/\/www.pbagora.com.br\/storage\/2025\/10\/PF-200x150.jpeg 200w, https:\/\/www.pbagora.com.br\/storage\/2025\/10\/PF-260x195.jpeg 260w, https:\/\/www.pbagora.com.br\/storage\/2025\/10\/PF-380x285.jpeg 380w, https:\/\/www.pbagora.com.br\/storage\/2025\/10\/PF-80x60.jpeg 80w, https:\/\/www.pbagora.com.br\/storage\/2025\/10\/PF-600x450.jpeg 600w, https:\/\/www.pbagora.com.br\/storage\/2025\/10\/PF-520x390.jpeg 520w, https:\/\/www.pbagora.com.br\/storage\/2025\/10\/PF-760x570.jpeg 760w\" sizes=\"auto, (max-width: 768px) 100vw, 768px\"><\/p>\n<p>Na manh\u00e3 desta quarta-feira (1), a Pol\u00edcia Federal deflagrou a Opera\u00e7\u00e3o F\u00faria, com o objetivo de reprimir pr\u00e1ticas\u2026<\/p>\n","protected":false},"author":123457,"featured_media":0,"comment_status":"closed","ping_status":"closed","sticky":false,"template":"","format":"standard","meta":{"advgb_blocks_editor_width":"","advgb_blocks_columns_visual_guide":"","footnotes":""},"categories":[34],"tags":[35,10839,10842],"class_list":["post-61490","post","type-post","status-publish","format-standard","hentry","category-g1","tag-g1","tag-policial","tag-principal3"],"author_meta":{"display_name":"Reda\u00e7\u00e3o","author_link":"https:\/\/sindaopcpb.org.br\/author\/redacao\/"},"featured_img":null,"coauthors":[],"tax_additional":{"categories":{"linked":["<a href=\"https:\/\/sindaopcpb.org.br\/g1\/\" class=\"advgb-post-tax-term\">G1<\/a>"],"unlinked":["<span class=\"advgb-post-tax-term\">G1<\/span>"]},"tags":{"linked":["<a href=\"https:\/\/sindaopcpb.org.br\/g1\/\" class=\"advgb-post-tax-term\">g1<\/a>","<a href=\"https:\/\/sindaopcpb.org.br\/g1\/\" class=\"advgb-post-tax-term\">Policial<\/a>","<a href=\"https:\/\/sindaopcpb.org.br\/g1\/\" class=\"advgb-post-tax-term\">Principal3<\/a>"],"unlinked":["<span class=\"advgb-post-tax-term\">g1<\/span>","<span class=\"advgb-post-tax-term\">Policial<\/span>","<span class=\"advgb-post-tax-term\">Principal3<\/span>"]}},"comment_count":"0","relative_dates":{"created":"Publicado 7 meses atr\u00e1s","modified":"Atualizado 7 meses atr\u00e1s"},"absolute_dates":{"created":"Publicado em 1 de outubro de 2025","modified":"Atualizado em 1 de outubro de 2025"},"absolute_dates_time":{"created":"Publicado em 1 de outubro de 2025 16:40","modified":"Atualizado em 1 de outubro de 2025 16:40"},"featured_img_caption":"","series_order":"","_links":{"self":[{"href":"https:\/\/sindaopcpb.org.br\/index.php\/wp-json\/wp\/v2\/posts\/61490","targetHints":{"allow":["GET"]}}],"collection":[{"href":"https:\/\/sindaopcpb.org.br\/index.php\/wp-json\/wp\/v2\/posts"}],"about":[{"href":"https:\/\/sindaopcpb.org.br\/index.php\/wp-json\/wp\/v2\/types\/post"}],"author":[{"embeddable":true,"href":"https:\/\/sindaopcpb.org.br\/index.php\/wp-json\/wp\/v2\/users\/123457"}],"replies":[{"embeddable":true,"href":"https:\/\/sindaopcpb.org.br\/index.php\/wp-json\/wp\/v2\/comments?post=61490"}],"version-history":[{"count":2,"href":"https:\/\/sindaopcpb.org.br\/index.php\/wp-json\/wp\/v2\/posts\/61490\/revisions"}],"predecessor-version":[{"id":61495,"href":"https:\/\/sindaopcpb.org.br\/index.php\/wp-json\/wp\/v2\/posts\/61490\/revisions\/61495"}],"wp:attachment":[{"href":"https:\/\/sindaopcpb.org.br\/index.php\/wp-json\/wp\/v2\/media?parent=61490"}],"wp:term":[{"taxonomy":"category","embeddable":true,"href":"https:\/\/sindaopcpb.org.br\/index.php\/wp-json\/wp\/v2\/categories?post=61490"},{"taxonomy":"post_tag","embeddable":true,"href":"https:\/\/sindaopcpb.org.br\/index.php\/wp-json\/wp\/v2\/tags?post=61490"}],"curies":[{"name":"wp","href":"https:\/\/api.w.org\/{rel}","templated":true}]}}