{"id":61484,"date":"2025-10-01T13:00:40","date_gmt":"2025-10-01T16:00:40","guid":{"rendered":"https:\/\/www.pbagora.com.br\/?p=919403"},"modified":"2025-10-01T15:00:40","modified_gmt":"2025-10-01T18:00:40","slug":"policia-civil-ja-ouviu-13-pessoas-na-investigacao-da-morte-do-vereador-peron-filho-em-jacarau","status":"publish","type":"post","link":"https:\/\/sindaopcpb.org.br\/index.php\/2025\/10\/01\/policia-civil-ja-ouviu-13-pessoas-na-investigacao-da-morte-do-vereador-peron-filho-em-jacarau\/","title":{"rendered":"Pol\u00edcia Civil j\u00e1 ouviu 13 pessoas na investiga\u00e7\u00e3o da morte do vereador Peron Filho em Jacara\u00fa"},"content":{"rendered":"<p><img width=\"329\" height=\"197\" src=\"https:\/\/www.pbagora.com.br\/storage\/2025\/10\/Captura-de-tela-2025-10-01-123210.png\" class=\"attachment-large size-large wp-post-image\" alt=\"\" style=\"margin-bottom: 20px;\" decoding=\"async\" srcset=\"https:\/\/www.pbagora.com.br\/storage\/2025\/10\/Captura-de-tela-2025-10-01-123210.png 329w, https:\/\/www.pbagora.com.br\/storage\/2025\/10\/Captura-de-tela-2025-10-01-123210-300x180.png 300w, https:\/\/www.pbagora.com.br\/storage\/2025\/10\/Captura-de-tela-2025-10-01-123210-150x90.png 150w, https:\/\/www.pbagora.com.br\/storage\/2025\/10\/Captura-de-tela-2025-10-01-123210-80x48.png 80w\" sizes=\"(max-width: 329px) 100vw, 329px\" \/><\/p>\n<p>A Pol\u00edcia Civil da Para\u00edba, por meio da 7\u00aa Delegacia Seccional de Mamanguape, segue investigando a morte do vereador Peron Filho (MDB), de Jacara\u00fa, assassinado no dia 15 de setembro na PB-071. Segundo o delegado Sylvio Rabello, respons\u00e1vel pelo caso, j\u00e1 foram ouvidas 13 pessoas e novas provas est\u00e3o sendo reunidas, incluindo per\u00edcias e imagens de c\u00e2meras de seguran\u00e7a da regi\u00e3o.<\/p>\n\n\n\n<p>\u201cDesde o dia do crime, nossa equipe de homic\u00eddios n\u00e3o saiu de Jacara\u00fa. As investiga\u00e7\u00f5es est\u00e3o avan\u00e7adas e vamos chegar \u00e0 motiva\u00e7\u00e3o e autoria\u201d, afirmou o delegado. Uma for\u00e7a-tarefa foi criada para dar agilidade \u00e0s apura\u00e7\u00f5es, reunindo outras unidades da seccional. Ele tamb\u00e9m ressaltou que nenhuma hip\u00f3tese est\u00e1 descartada, entre elas homic\u00eddio ou latroc\u00ednio, embora nenhum objeto da v\u00edtima tenha sido levado.<\/p>\n\n\n\n<p>O caso tamb\u00e9m \u00e9 acompanhado pela Secretaria de Seguran\u00e7a P\u00fablica da Para\u00edba. O secret\u00e1rio Jean Nunes declarou que ainda \u00e9 cedo para cravar uma motiva\u00e7\u00e3o, mas n\u00e3o descartou a possibilidade de liga\u00e7\u00e3o pol\u00edtica. \u201cN\u00e3o podemos desprezar nenhuma linha de investiga\u00e7\u00e3o. A Pol\u00edcia Civil est\u00e1 se debru\u00e7ando sobre todos os detalhes\u201d, disse.<\/p>\n\n\n\n<p>Peron Filho, de 36 anos, foi atingido por tr\u00eas disparos nas costas e encontrado j\u00e1 sem vida pr\u00f3ximo \u00e0 motocicleta que pilotava. Inicialmente, chegou a ser levantada a hip\u00f3tese de acidente, mas ela foi descartada devido \u00e0s marcas de tiros na v\u00edtima e na moto. Empres\u00e1rio e filiado ao MDB, ele foi eleito vereador em 2016 e reeleito em 2024 com 702 votos, sendo o terceiro mais votado do munic\u00edpio.<\/p>\n\n\n\n<p>Nesta quarta-feira (1\u00ba), familiares de Peron realizaram um ato em frente \u00e0 Assembleia Legislativa da Para\u00edba pedindo justi\u00e7a. A mobiliza\u00e7\u00e3o contou com apoio da Federa\u00e7\u00e3o das C\u00e2maras Municipais da Para\u00edba (FECAMPB), que chamou aten\u00e7\u00e3o para o aumento da viol\u00eancia contra parlamentares no estado.<\/p>\n","protected":false},"excerpt":{"rendered":"<p><img loading=\"lazy\" decoding=\"async\" width=\"329\" height=\"197\" src=\"https:\/\/www.pbagora.com.br\/storage\/2025\/10\/Captura-de-tela-2025-10-01-123210.png\" class=\"attachment-large size-large wp-post-image\" alt=\"\" srcset=\"https:\/\/www.pbagora.com.br\/storage\/2025\/10\/Captura-de-tela-2025-10-01-123210.png 329w, https:\/\/www.pbagora.com.br\/storage\/2025\/10\/Captura-de-tela-2025-10-01-123210-300x180.png 300w, https:\/\/www.pbagora.com.br\/storage\/2025\/10\/Captura-de-tela-2025-10-01-123210-150x90.png 150w, https:\/\/www.pbagora.com.br\/storage\/2025\/10\/Captura-de-tela-2025-10-01-123210-80x48.png 80w\" sizes=\"auto, (max-width: 329px) 100vw, 329px\"><\/p>\n<p>A Pol\u00edcia Civil da Para\u00edba, por meio da 7\u00aa Delegacia Seccional de Mamanguape, segue investigando a morte do\u2026<\/p>\n","protected":false},"author":123457,"featured_media":0,"comment_status":"closed","ping_status":"closed","sticky":false,"template":"","format":"standard","meta":{"advgb_blocks_editor_width":"","advgb_blocks_columns_visual_guide":"","footnotes":""},"categories":[34],"tags":[10840,35,10839],"class_list":["post-61484","post","type-post","status-publish","format-standard","hentry","category-g1","tag-destaque-centro-03","tag-g1","tag-policial"],"author_meta":{"display_name":"Reda\u00e7\u00e3o","author_link":"https:\/\/sindaopcpb.org.br\/author\/redacao\/"},"featured_img":null,"coauthors":[],"tax_additional":{"categories":{"linked":["<a href=\"https:\/\/sindaopcpb.org.br\/g1\/\" class=\"advgb-post-tax-term\">G1<\/a>"],"unlinked":["<span class=\"advgb-post-tax-term\">G1<\/span>"]},"tags":{"linked":["<a href=\"https:\/\/sindaopcpb.org.br\/g1\/\" class=\"advgb-post-tax-term\">Destaque Centro 03<\/a>","<a href=\"https:\/\/sindaopcpb.org.br\/g1\/\" class=\"advgb-post-tax-term\">g1<\/a>","<a href=\"https:\/\/sindaopcpb.org.br\/g1\/\" class=\"advgb-post-tax-term\">Policial<\/a>"],"unlinked":["<span class=\"advgb-post-tax-term\">Destaque Centro 03<\/span>","<span class=\"advgb-post-tax-term\">g1<\/span>","<span class=\"advgb-post-tax-term\">Policial<\/span>"]}},"comment_count":"0","relative_dates":{"created":"Publicado 7 meses atr\u00e1s","modified":"Atualizado 7 meses atr\u00e1s"},"absolute_dates":{"created":"Publicado em 1 de outubro de 2025","modified":"Atualizado em 1 de outubro de 2025"},"absolute_dates_time":{"created":"Publicado em 1 de outubro de 2025 13:00","modified":"Atualizado em 1 de outubro de 2025 15:00"},"featured_img_caption":"","series_order":"","_links":{"self":[{"href":"https:\/\/sindaopcpb.org.br\/index.php\/wp-json\/wp\/v2\/posts\/61484","targetHints":{"allow":["GET"]}}],"collection":[{"href":"https:\/\/sindaopcpb.org.br\/index.php\/wp-json\/wp\/v2\/posts"}],"about":[{"href":"https:\/\/sindaopcpb.org.br\/index.php\/wp-json\/wp\/v2\/types\/post"}],"author":[{"embeddable":true,"href":"https:\/\/sindaopcpb.org.br\/index.php\/wp-json\/wp\/v2\/users\/123457"}],"replies":[{"embeddable":true,"href":"https:\/\/sindaopcpb.org.br\/index.php\/wp-json\/wp\/v2\/comments?post=61484"}],"version-history":[{"count":3,"href":"https:\/\/sindaopcpb.org.br\/index.php\/wp-json\/wp\/v2\/posts\/61484\/revisions"}],"predecessor-version":[{"id":61492,"href":"https:\/\/sindaopcpb.org.br\/index.php\/wp-json\/wp\/v2\/posts\/61484\/revisions\/61492"}],"wp:attachment":[{"href":"https:\/\/sindaopcpb.org.br\/index.php\/wp-json\/wp\/v2\/media?parent=61484"}],"wp:term":[{"taxonomy":"category","embeddable":true,"href":"https:\/\/sindaopcpb.org.br\/index.php\/wp-json\/wp\/v2\/categories?post=61484"},{"taxonomy":"post_tag","embeddable":true,"href":"https:\/\/sindaopcpb.org.br\/index.php\/wp-json\/wp\/v2\/tags?post=61484"}],"curies":[{"name":"wp","href":"https:\/\/api.w.org\/{rel}","templated":true}]}}