{"id":61457,"date":"2025-09-30T13:00:14","date_gmt":"2025-09-30T16:00:14","guid":{"rendered":"https:\/\/www.pbagora.com.br\/?p=919210"},"modified":"2025-09-30T13:00:14","modified_gmt":"2025-09-30T16:00:14","slug":"policial-baleado-durante-operacao-em-cabedelo-segue-internado-em-estado-estavel","status":"publish","type":"post","link":"https:\/\/sindaopcpb.org.br\/index.php\/2025\/09\/30\/policial-baleado-durante-operacao-em-cabedelo-segue-internado-em-estado-estavel\/","title":{"rendered":"Policial baleado durante opera\u00e7\u00e3o em Cabedelo segue internado em estado est\u00e1vel"},"content":{"rendered":"<p><img width=\"1024\" height=\"683\" src=\"https:\/\/www.pbagora.com.br\/storage\/2025\/09\/image-136-1024x683.png\" class=\"attachment-large size-large wp-post-image\" alt=\"\" style=\"margin-bottom: 20px;\" decoding=\"async\" loading=\"lazy\" srcset=\"https:\/\/www.pbagora.com.br\/storage\/2025\/09\/image-136-1024x683.png 1024w, https:\/\/www.pbagora.com.br\/storage\/2025\/09\/image-136-300x200.png 300w, https:\/\/www.pbagora.com.br\/storage\/2025\/09\/image-136-150x100.png 150w, https:\/\/www.pbagora.com.br\/storage\/2025\/09\/image-136-768x512.png 768w, https:\/\/www.pbagora.com.br\/storage\/2025\/09\/image-136-1536x1024.png 1536w, https:\/\/www.pbagora.com.br\/storage\/2025\/09\/image-136-380x253.png 380w, https:\/\/www.pbagora.com.br\/storage\/2025\/09\/image-136-800x534.png 800w, https:\/\/www.pbagora.com.br\/storage\/2025\/09\/image-136-1160x774.png 1160w, https:\/\/www.pbagora.com.br\/storage\/2025\/09\/image-136-80x53.png 80w, https:\/\/www.pbagora.com.br\/storage\/2025\/09\/image-136-760x507.png 760w, https:\/\/www.pbagora.com.br\/storage\/2025\/09\/image-136-600x400.png 600w, https:\/\/www.pbagora.com.br\/storage\/2025\/09\/image-136.png 1600w\" sizes=\"auto, (max-width: 1024px) 100vw, 1024px\" \/><\/p>\n<p>O policial civil que foi baleado na madrugada desta ter\u00e7a-feira (30) durante uma opera\u00e7\u00e3o conjunta da Pol\u00edcia Civil e do Grupo de Atua\u00e7\u00e3o Especial Contra o Crime Organizado (Gaeco) em Cabedelo permanece internado no Hospital de Emerg\u00eancia e Trauma Senador Humberto Lucena, em Jo\u00e3o Pessoa.<\/p>\n\n\n\n<p>De acordo com informa\u00e7\u00f5es o agente tem 42 anos e deu entrada na unidade hospitalar por volta das 5h25. Segundo a assessoria do hospital, ele est\u00e1 sendo acompanhado pelas equipes de ortopedia e cirurgia geral, e seu quadro cl\u00ednico \u00e9 considerado est\u00e1vel.<\/p>\n\n\n\n<p>A opera\u00e7\u00e3o que resultou no ferimento do policial integra a\u00e7\u00f5es de combate ao crime organizado na regi\u00e3o metropolitana da capital paraibana.<\/p>\n\n\n\n<p>O policial segue em observa\u00e7\u00e3o e deve passar por novos exames nas pr\u00f3ximas horas.<\/p>\n\n\n\n<p><strong><em>PB Agora<\/em><\/strong><\/p>\n","protected":false},"excerpt":{"rendered":"<p><img decoding=\"async\" width=\"1024\" height=\"683\" src=\"https:\/\/www.pbagora.com.br\/storage\/2025\/09\/image-136-1024x683.png\" class=\"attachment-large size-large wp-post-image\" alt=\"\" loading=\"lazy\" srcset=\"https:\/\/www.pbagora.com.br\/storage\/2025\/09\/image-136-1024x683.png 1024w, https:\/\/www.pbagora.com.br\/storage\/2025\/09\/image-136-300x200.png 300w, https:\/\/www.pbagora.com.br\/storage\/2025\/09\/image-136-150x100.png 150w, https:\/\/www.pbagora.com.br\/storage\/2025\/09\/image-136-768x512.png 768w, https:\/\/www.pbagora.com.br\/storage\/2025\/09\/image-136-1536x1024.png 1536w, https:\/\/www.pbagora.com.br\/storage\/2025\/09\/image-136-380x253.png 380w, https:\/\/www.pbagora.com.br\/storage\/2025\/09\/image-136-800x534.png 800w, https:\/\/www.pbagora.com.br\/storage\/2025\/09\/image-136-1160x774.png 1160w, https:\/\/www.pbagora.com.br\/storage\/2025\/09\/image-136-80x53.png 80w, https:\/\/www.pbagora.com.br\/storage\/2025\/09\/image-136-760x507.png 760w, https:\/\/www.pbagora.com.br\/storage\/2025\/09\/image-136-600x400.png 600w, https:\/\/www.pbagora.com.br\/storage\/2025\/09\/image-136.png 1600w\" sizes=\"auto, (max-width: 1024px) 100vw, 1024px\"><\/p>\n<p>O policial civil que foi baleado na madrugada desta ter\u00e7a-feira (30) durante uma opera\u00e7\u00e3o conjunta da Pol\u00edcia Civil\u2026<\/p>\n","protected":false},"author":123457,"featured_media":0,"comment_status":"closed","ping_status":"closed","sticky":false,"template":"","format":"standard","meta":{"advgb_blocks_editor_width":"","advgb_blocks_columns_visual_guide":"","footnotes":""},"categories":[34],"tags":[10845,35,10839],"class_list":["post-61457","post","type-post","status-publish","format-standard","hentry","category-g1","tag-destaque-centro-01","tag-g1","tag-policial"],"author_meta":{"display_name":"Reda\u00e7\u00e3o","author_link":"https:\/\/sindaopcpb.org.br\/author\/redacao\/"},"featured_img":null,"coauthors":[],"tax_additional":{"categories":{"linked":["<a href=\"https:\/\/sindaopcpb.org.br\/g1\/\" class=\"advgb-post-tax-term\">G1<\/a>"],"unlinked":["<span class=\"advgb-post-tax-term\">G1<\/span>"]},"tags":{"linked":["<a href=\"https:\/\/sindaopcpb.org.br\/g1\/\" class=\"advgb-post-tax-term\">Destaque Centro 01<\/a>","<a href=\"https:\/\/sindaopcpb.org.br\/g1\/\" class=\"advgb-post-tax-term\">g1<\/a>","<a href=\"https:\/\/sindaopcpb.org.br\/g1\/\" class=\"advgb-post-tax-term\">Policial<\/a>"],"unlinked":["<span class=\"advgb-post-tax-term\">Destaque Centro 01<\/span>","<span class=\"advgb-post-tax-term\">g1<\/span>","<span class=\"advgb-post-tax-term\">Policial<\/span>"]}},"comment_count":"0","relative_dates":{"created":"Publicado 7 meses atr\u00e1s","modified":"Atualizado 7 meses atr\u00e1s"},"absolute_dates":{"created":"Publicado em 30 de setembro de 2025","modified":"Atualizado em 30 de setembro de 2025"},"absolute_dates_time":{"created":"Publicado em 30 de setembro de 2025 13:00","modified":"Atualizado em 30 de setembro de 2025 13:00"},"featured_img_caption":"","series_order":"","_links":{"self":[{"href":"https:\/\/sindaopcpb.org.br\/index.php\/wp-json\/wp\/v2\/posts\/61457","targetHints":{"allow":["GET"]}}],"collection":[{"href":"https:\/\/sindaopcpb.org.br\/index.php\/wp-json\/wp\/v2\/posts"}],"about":[{"href":"https:\/\/sindaopcpb.org.br\/index.php\/wp-json\/wp\/v2\/types\/post"}],"author":[{"embeddable":true,"href":"https:\/\/sindaopcpb.org.br\/index.php\/wp-json\/wp\/v2\/users\/123457"}],"replies":[{"embeddable":true,"href":"https:\/\/sindaopcpb.org.br\/index.php\/wp-json\/wp\/v2\/comments?post=61457"}],"version-history":[{"count":1,"href":"https:\/\/sindaopcpb.org.br\/index.php\/wp-json\/wp\/v2\/posts\/61457\/revisions"}],"predecessor-version":[{"id":61458,"href":"https:\/\/sindaopcpb.org.br\/index.php\/wp-json\/wp\/v2\/posts\/61457\/revisions\/61458"}],"wp:attachment":[{"href":"https:\/\/sindaopcpb.org.br\/index.php\/wp-json\/wp\/v2\/media?parent=61457"}],"wp:term":[{"taxonomy":"category","embeddable":true,"href":"https:\/\/sindaopcpb.org.br\/index.php\/wp-json\/wp\/v2\/categories?post=61457"},{"taxonomy":"post_tag","embeddable":true,"href":"https:\/\/sindaopcpb.org.br\/index.php\/wp-json\/wp\/v2\/tags?post=61457"}],"curies":[{"name":"wp","href":"https:\/\/api.w.org\/{rel}","templated":true}]}}