{"id":61436,"date":"2025-09-30T09:06:19","date_gmt":"2025-09-30T12:06:19","guid":{"rendered":"https:\/\/www.pbagora.com.br\/?p=919158"},"modified":"2025-09-30T11:06:19","modified_gmt":"2025-09-30T14:06:19","slug":"policial-e-baleado-durante-operacao-asfixia-contra-o-comando-vermelho-na-paraiba","status":"publish","type":"post","link":"https:\/\/sindaopcpb.org.br\/index.php\/2025\/09\/30\/policial-e-baleado-durante-operacao-asfixia-contra-o-comando-vermelho-na-paraiba\/","title":{"rendered":"Policial \u00e9 baleado durante Opera\u00e7\u00e3o Asfixia contra o Comando Vermelho na Para\u00edba"},"content":{"rendered":"<p><img width=\"768\" height=\"512\" src=\"https:\/\/www.pbagora.com.br\/storage\/2025\/09\/image-127.png\" class=\"attachment-large size-large wp-post-image\" alt=\"\" style=\"margin-bottom: 20px;\" decoding=\"async\" loading=\"lazy\" srcset=\"https:\/\/www.pbagora.com.br\/storage\/2025\/09\/image-127.png 768w, https:\/\/www.pbagora.com.br\/storage\/2025\/09\/image-127-300x200.png 300w, https:\/\/www.pbagora.com.br\/storage\/2025\/09\/image-127-150x100.png 150w, https:\/\/www.pbagora.com.br\/storage\/2025\/09\/image-127-380x253.png 380w, https:\/\/www.pbagora.com.br\/storage\/2025\/09\/image-127-80x53.png 80w, https:\/\/www.pbagora.com.br\/storage\/2025\/09\/image-127-760x507.png 760w, https:\/\/www.pbagora.com.br\/storage\/2025\/09\/image-127-600x400.png 600w\" sizes=\"auto, (max-width: 768px) 100vw, 768px\" \/><\/p>\n<p>A Opera\u00e7\u00e3o Asfixia, deflagrada nesta ter\u00e7a-feira (30) pela Pol\u00edcia Civil da Para\u00edba em parceria com o Grupo de Atua\u00e7\u00e3o Especial de Combate ao Crime Organizado (GAECO) e a Pol\u00edcia Civil do Rio de Janeiro, teve momentos de tens\u00e3o em Cabedelo. Durante a a\u00e7\u00e3o, um policial civil foi baleado.<\/p>\n\n\n\n<p>Ele foi socorrido e encaminhado ao Hospital de Emerg\u00eancia e Trauma de Jo\u00e3o Pessoa, onde recebeu atendimento m\u00e9dico. At\u00e9 o momento, n\u00e3o h\u00e1 informa\u00e7\u00f5es oficiais sobre seu estado de sa\u00fade.<\/p>\n\n\n\n<p>A opera\u00e7\u00e3o tem como alvo a fac\u00e7\u00e3o criminosa Comando Vermelho, que mant\u00e9m atua\u00e7\u00e3o ativa em territ\u00f3rio paraibano. Segundo investiga\u00e7\u00f5es conduzidas pela Delegacia de Repress\u00e3o ao Crime Organizado (DRACO), a organiza\u00e7\u00e3o movimentava mais de R$ 125 milh\u00f5es em bens, j\u00e1 bloqueados pela Justi\u00e7a.<\/p>\n\n\n\n<p>O principal investigado \u00e9 Fl\u00e1vio de Lima Monteiro, conhecido como \u201cFatoka\u201d, apontado como l\u00edder da c\u00e9lula do Comando Vermelho na Para\u00edba. Mesmo foragido no Rio de Janeiro, Fatoka continuaria comandando a\u00e7\u00f5es criminosas, com foco especial na cidade de Cabedelo.<\/p>\n\n\n\n<p>Ao todo, est\u00e3o sendo cumpridos 26 mandados de pris\u00e3o preventiva e 32 mandados de busca e apreens\u00e3o em diversas localidades, incluindo Jo\u00e3o Pessoa, Cabedelo, Santa Rita, Campina Grande, Cabaceiras, Nova Floresta e comunidades do Rio de Janeiro.<\/p>\n\n\n\n<p><strong><em>PB Agora<\/em><\/strong><\/p>\n","protected":false},"excerpt":{"rendered":"<p><img decoding=\"async\" width=\"768\" height=\"512\" src=\"https:\/\/www.pbagora.com.br\/storage\/2025\/09\/image-127.png\" class=\"attachment-large size-large wp-post-image\" alt=\"\" loading=\"lazy\" srcset=\"https:\/\/www.pbagora.com.br\/storage\/2025\/09\/image-127.png 768w, https:\/\/www.pbagora.com.br\/storage\/2025\/09\/image-127-300x200.png 300w, https:\/\/www.pbagora.com.br\/storage\/2025\/09\/image-127-150x100.png 150w, https:\/\/www.pbagora.com.br\/storage\/2025\/09\/image-127-380x253.png 380w, https:\/\/www.pbagora.com.br\/storage\/2025\/09\/image-127-80x53.png 80w, https:\/\/www.pbagora.com.br\/storage\/2025\/09\/image-127-760x507.png 760w, https:\/\/www.pbagora.com.br\/storage\/2025\/09\/image-127-600x400.png 600w\" sizes=\"auto, (max-width: 768px) 100vw, 768px\"><\/p>\n<p>A Opera\u00e7\u00e3o Asfixia, deflagrada nesta ter\u00e7a-feira (30) pela Pol\u00edcia Civil da Para\u00edba em parceria com o Grupo de\u2026<\/p>\n","protected":false},"author":123457,"featured_media":0,"comment_status":"closed","ping_status":"closed","sticky":false,"template":"","format":"standard","meta":{"advgb_blocks_editor_width":"","advgb_blocks_columns_visual_guide":"","footnotes":""},"categories":[34],"tags":[35,10839,10848],"class_list":["post-61436","post","type-post","status-publish","format-standard","hentry","category-g1","tag-g1","tag-policial","tag-rodape-01"],"author_meta":{"display_name":"Reda\u00e7\u00e3o","author_link":"https:\/\/sindaopcpb.org.br\/author\/redacao\/"},"featured_img":null,"coauthors":[],"tax_additional":{"categories":{"linked":["<a href=\"https:\/\/sindaopcpb.org.br\/g1\/\" class=\"advgb-post-tax-term\">G1<\/a>"],"unlinked":["<span class=\"advgb-post-tax-term\">G1<\/span>"]},"tags":{"linked":["<a href=\"https:\/\/sindaopcpb.org.br\/g1\/\" class=\"advgb-post-tax-term\">g1<\/a>","<a href=\"https:\/\/sindaopcpb.org.br\/g1\/\" class=\"advgb-post-tax-term\">Policial<\/a>","<a href=\"https:\/\/sindaopcpb.org.br\/g1\/\" class=\"advgb-post-tax-term\">Rodape 01<\/a>"],"unlinked":["<span class=\"advgb-post-tax-term\">g1<\/span>","<span class=\"advgb-post-tax-term\">Policial<\/span>","<span class=\"advgb-post-tax-term\">Rodape 01<\/span>"]}},"comment_count":"0","relative_dates":{"created":"Publicado 7 meses atr\u00e1s","modified":"Atualizado 7 meses atr\u00e1s"},"absolute_dates":{"created":"Publicado em 30 de setembro de 2025","modified":"Atualizado em 30 de setembro de 2025"},"absolute_dates_time":{"created":"Publicado em 30 de setembro de 2025 09:06","modified":"Atualizado em 30 de setembro de 2025 11:06"},"featured_img_caption":"","series_order":"","_links":{"self":[{"href":"https:\/\/sindaopcpb.org.br\/index.php\/wp-json\/wp\/v2\/posts\/61436","targetHints":{"allow":["GET"]}}],"collection":[{"href":"https:\/\/sindaopcpb.org.br\/index.php\/wp-json\/wp\/v2\/posts"}],"about":[{"href":"https:\/\/sindaopcpb.org.br\/index.php\/wp-json\/wp\/v2\/types\/post"}],"author":[{"embeddable":true,"href":"https:\/\/sindaopcpb.org.br\/index.php\/wp-json\/wp\/v2\/users\/123457"}],"replies":[{"embeddable":true,"href":"https:\/\/sindaopcpb.org.br\/index.php\/wp-json\/wp\/v2\/comments?post=61436"}],"version-history":[{"count":3,"href":"https:\/\/sindaopcpb.org.br\/index.php\/wp-json\/wp\/v2\/posts\/61436\/revisions"}],"predecessor-version":[{"id":61450,"href":"https:\/\/sindaopcpb.org.br\/index.php\/wp-json\/wp\/v2\/posts\/61436\/revisions\/61450"}],"wp:attachment":[{"href":"https:\/\/sindaopcpb.org.br\/index.php\/wp-json\/wp\/v2\/media?parent=61436"}],"wp:term":[{"taxonomy":"category","embeddable":true,"href":"https:\/\/sindaopcpb.org.br\/index.php\/wp-json\/wp\/v2\/categories?post=61436"},{"taxonomy":"post_tag","embeddable":true,"href":"https:\/\/sindaopcpb.org.br\/index.php\/wp-json\/wp\/v2\/tags?post=61436"}],"curies":[{"name":"wp","href":"https:\/\/api.w.org\/{rel}","templated":true}]}}