{"id":61422,"date":"2025-09-30T06:41:39","date_gmt":"2025-09-30T09:41:39","guid":{"rendered":"https:\/\/www.pbagora.com.br\/?p=919140"},"modified":"2025-09-30T10:41:39","modified_gmt":"2025-09-30T13:41:39","slug":"operacao-asfixia-bloqueia-r-125-milhoes-de-faccao-criminosa-na-paraiba-e-aponta-lider-do-grupo","status":"publish","type":"post","link":"https:\/\/sindaopcpb.org.br\/index.php\/2025\/09\/30\/operacao-asfixia-bloqueia-r-125-milhoes-de-faccao-criminosa-na-paraiba-e-aponta-lider-do-grupo\/","title":{"rendered":"Opera\u00e7\u00e3o Asfixia bloqueia R$ 125 milh\u00f5es de fac\u00e7\u00e3o criminosa na Para\u00edba e aponta l\u00edder do grupo"},"content":{"rendered":"<p><img width=\"1024\" height=\"768\" src=\"https:\/\/www.pbagora.com.br\/storage\/2025\/09\/WhatsApp-Image-2025-09-30-at-05.40.22-scaled-1-1024x768.jpeg\" class=\"attachment-large size-large wp-post-image\" alt=\"\" style=\"margin-bottom: 20px;\" decoding=\"async\" loading=\"lazy\" srcset=\"https:\/\/www.pbagora.com.br\/storage\/2025\/09\/WhatsApp-Image-2025-09-30-at-05.40.22-scaled-1-1024x768.jpeg 1024w, https:\/\/www.pbagora.com.br\/storage\/2025\/09\/WhatsApp-Image-2025-09-30-at-05.40.22-scaled-1-300x225.jpeg 300w, https:\/\/www.pbagora.com.br\/storage\/2025\/09\/WhatsApp-Image-2025-09-30-at-05.40.22-scaled-1-150x113.jpeg 150w, https:\/\/www.pbagora.com.br\/storage\/2025\/09\/WhatsApp-Image-2025-09-30-at-05.40.22-scaled-1-768x576.jpeg 768w, https:\/\/www.pbagora.com.br\/storage\/2025\/09\/WhatsApp-Image-2025-09-30-at-05.40.22-scaled-1-1536x1152.jpeg 1536w, https:\/\/www.pbagora.com.br\/storage\/2025\/09\/WhatsApp-Image-2025-09-30-at-05.40.22-scaled-1-2048x1536.jpeg 2048w, https:\/\/www.pbagora.com.br\/storage\/2025\/09\/WhatsApp-Image-2025-09-30-at-05.40.22-scaled-1-200x150.jpeg 200w, https:\/\/www.pbagora.com.br\/storage\/2025\/09\/WhatsApp-Image-2025-09-30-at-05.40.22-scaled-1-260x195.jpeg 260w, https:\/\/www.pbagora.com.br\/storage\/2025\/09\/WhatsApp-Image-2025-09-30-at-05.40.22-scaled-1-380x285.jpeg 380w, https:\/\/www.pbagora.com.br\/storage\/2025\/09\/WhatsApp-Image-2025-09-30-at-05.40.22-scaled-1-800x600.jpeg 800w, https:\/\/www.pbagora.com.br\/storage\/2025\/09\/WhatsApp-Image-2025-09-30-at-05.40.22-scaled-1-1160x870.jpeg 1160w, https:\/\/www.pbagora.com.br\/storage\/2025\/09\/WhatsApp-Image-2025-09-30-at-05.40.22-scaled-1-80x60.jpeg 80w, https:\/\/www.pbagora.com.br\/storage\/2025\/09\/WhatsApp-Image-2025-09-30-at-05.40.22-scaled-1-600x450.jpeg 600w, https:\/\/www.pbagora.com.br\/storage\/2025\/09\/WhatsApp-Image-2025-09-30-at-05.40.22-scaled-1-520x390.jpeg 520w, https:\/\/www.pbagora.com.br\/storage\/2025\/09\/WhatsApp-Image-2025-09-30-at-05.40.22-scaled-1-760x570.jpeg 760w, https:\/\/www.pbagora.com.br\/storage\/2025\/09\/WhatsApp-Image-2025-09-30-at-05.40.22-scaled-1.jpeg 2560w\" sizes=\"auto, (max-width: 1024px) 100vw, 1024px\" \/><\/p>\n<p><\/p>\n\n\n\n<p>Foi deflagrada na manh\u00e3 desta ter\u00e7a-feira (30), a \u2018Opera\u00e7\u00e3o Asfixia\u2019, uma a\u00e7\u00e3o da Pol\u00edcia Civil da Para\u00edba e o Grupo de Atua\u00e7\u00e3o Especial contra o Crime Organizado (GAECO) em parceria com a Pol\u00edcia Civil do Rio de Janeiro. O objetivo \u00e9 enfraquecer o poder financeiro que o Comando Vermelho, fac\u00e7\u00e3o criminosa do Rio de Janeiro, mant\u00e9m em territ\u00f3rio paraibano.<\/p>\n\n\n\n<p>Al\u00e9m disso, a investiga\u00e7\u00e3o \u00e9 conduzida pela Delegacia de Repress\u00e3o ao Crime Organizado (DRACO\/PCPB) e conta com o apoio da Unintelpol, do Grupo de Opera\u00e7\u00f5es Especiais (GOE), do Grupo de Opera\u00e7\u00f5es com C\u00e3es (GOC) e da Desarme, todos da Pol\u00edcia Civil da Para\u00edba.<\/p>\n\n\n\n<p>Segundo as investiga\u00e7\u00f5es, a Pol\u00edcia Civil e o GAECO j\u00e1 bloquearam e sequestraram bens pertencentes a integrantes da fac\u00e7\u00e3o criminosa. Ao todo, os valores ultrapassam R$ 125 milh\u00f5es, o que demonstra a dimens\u00e3o financeira da organiza\u00e7\u00e3o.<\/p>\n\n\n\n<p>O principal alvo da opera\u00e7\u00e3o \u00e9 Fl\u00e1vio de Lima Monteiro, conhecido como \u201cFatoka\u201d, apontado como l\u00edder da c\u00e9lula do Comando Vermelho na Para\u00edba. Ainda de acordo com os investigadores no Rio de Janeiro, Fatoka continua emitindo ordens para o cometimento de crimes na Para\u00edba. Em especial, ele atua na cidade de Cabedelo, onde a c\u00e9lula da fac\u00e7\u00e3o mant\u00e9m forte influ\u00eancia.<\/p>\n\n\n\n<p>Al\u00e9m disso, outros integrantes do grupo tamb\u00e9m se refugiaram em comunidades do Rio de Janeiro. Eles fugiram ap\u00f3s diversas opera\u00e7\u00f5es policiais realizadas pela Secretaria da Seguran\u00e7a e da Defesa Social (Sesds). Por esse motivo, a atua\u00e7\u00e3o conjunta entre os estados se tornou essencial para o avan\u00e7o das investiga\u00e7\u00f5es.<\/p>\n\n\n\n<p>Ao todo, as for\u00e7as de seguran\u00e7a est\u00e3o cumprindo 26 mandados de pris\u00e3o preventiva e 32 de busca e apreens\u00e3o domiciliar. As a\u00e7\u00f5es ocorrem em Jo\u00e3o Pessoa, Cabedelo, Santa Rita, Campina Grande, Cabaceiras, Nova Floresta e em comunidades do Rio de Janeiro. Na Para\u00edba, cerca de 150 policiais participam da opera\u00e7\u00e3o. As equipes foram divididas estrategicamente, sendo 27 da Pol\u00edcia Civil e tr\u00eas do GAECO, o que refor\u00e7a a integra\u00e7\u00e3o entre os \u00f3rg\u00e3os de seguran\u00e7a.<\/p>\n\n\n\n<p>Reda\u00e7\u00e3o<\/p>\n","protected":false},"excerpt":{"rendered":"<p><img decoding=\"async\" width=\"1024\" height=\"768\" src=\"https:\/\/www.pbagora.com.br\/storage\/2025\/09\/WhatsApp-Image-2025-09-30-at-05.40.22-scaled-1-1024x768.jpeg\" class=\"attachment-large size-large wp-post-image\" alt=\"\" loading=\"lazy\" srcset=\"https:\/\/www.pbagora.com.br\/storage\/2025\/09\/WhatsApp-Image-2025-09-30-at-05.40.22-scaled-1-1024x768.jpeg 1024w, https:\/\/www.pbagora.com.br\/storage\/2025\/09\/WhatsApp-Image-2025-09-30-at-05.40.22-scaled-1-300x225.jpeg 300w, https:\/\/www.pbagora.com.br\/storage\/2025\/09\/WhatsApp-Image-2025-09-30-at-05.40.22-scaled-1-150x113.jpeg 150w, https:\/\/www.pbagora.com.br\/storage\/2025\/09\/WhatsApp-Image-2025-09-30-at-05.40.22-scaled-1-768x576.jpeg 768w, https:\/\/www.pbagora.com.br\/storage\/2025\/09\/WhatsApp-Image-2025-09-30-at-05.40.22-scaled-1-1536x1152.jpeg 1536w, https:\/\/www.pbagora.com.br\/storage\/2025\/09\/WhatsApp-Image-2025-09-30-at-05.40.22-scaled-1-2048x1536.jpeg 2048w, https:\/\/www.pbagora.com.br\/storage\/2025\/09\/WhatsApp-Image-2025-09-30-at-05.40.22-scaled-1-200x150.jpeg 200w, https:\/\/www.pbagora.com.br\/storage\/2025\/09\/WhatsApp-Image-2025-09-30-at-05.40.22-scaled-1-260x195.jpeg 260w, https:\/\/www.pbagora.com.br\/storage\/2025\/09\/WhatsApp-Image-2025-09-30-at-05.40.22-scaled-1-380x285.jpeg 380w, https:\/\/www.pbagora.com.br\/storage\/2025\/09\/WhatsApp-Image-2025-09-30-at-05.40.22-scaled-1-800x600.jpeg 800w, https:\/\/www.pbagora.com.br\/storage\/2025\/09\/WhatsApp-Image-2025-09-30-at-05.40.22-scaled-1-1160x870.jpeg 1160w, https:\/\/www.pbagora.com.br\/storage\/2025\/09\/WhatsApp-Image-2025-09-30-at-05.40.22-scaled-1-80x60.jpeg 80w, https:\/\/www.pbagora.com.br\/storage\/2025\/09\/WhatsApp-Image-2025-09-30-at-05.40.22-scaled-1-600x450.jpeg 600w, https:\/\/www.pbagora.com.br\/storage\/2025\/09\/WhatsApp-Image-2025-09-30-at-05.40.22-scaled-1-520x390.jpeg 520w, https:\/\/www.pbagora.com.br\/storage\/2025\/09\/WhatsApp-Image-2025-09-30-at-05.40.22-scaled-1-760x570.jpeg 760w, https:\/\/www.pbagora.com.br\/storage\/2025\/09\/WhatsApp-Image-2025-09-30-at-05.40.22-scaled-1.jpeg 2560w\" sizes=\"auto, (max-width: 1024px) 100vw, 1024px\"><\/p>\n<p>Foi deflagrada na manh\u00e3 desta ter\u00e7a-feira (30), a \u2018Opera\u00e7\u00e3o Asfixia\u2019, uma a\u00e7\u00e3o da Pol\u00edcia Civil da Para\u00edba e\u2026<\/p>\n","protected":false},"author":123457,"featured_media":0,"comment_status":"closed","ping_status":"closed","sticky":false,"template":"","format":"standard","meta":{"advgb_blocks_editor_width":"","advgb_blocks_columns_visual_guide":"","footnotes":""},"categories":[34],"tags":[35,10839,10848],"class_list":["post-61422","post","type-post","status-publish","format-standard","hentry","category-g1","tag-g1","tag-policial","tag-rodape-01"],"author_meta":{"display_name":"Reda\u00e7\u00e3o","author_link":"https:\/\/sindaopcpb.org.br\/author\/redacao\/"},"featured_img":null,"coauthors":[],"tax_additional":{"categories":{"linked":["<a href=\"https:\/\/sindaopcpb.org.br\/g1\/\" class=\"advgb-post-tax-term\">G1<\/a>"],"unlinked":["<span class=\"advgb-post-tax-term\">G1<\/span>"]},"tags":{"linked":["<a href=\"https:\/\/sindaopcpb.org.br\/g1\/\" class=\"advgb-post-tax-term\">g1<\/a>","<a href=\"https:\/\/sindaopcpb.org.br\/g1\/\" class=\"advgb-post-tax-term\">Policial<\/a>","<a href=\"https:\/\/sindaopcpb.org.br\/g1\/\" class=\"advgb-post-tax-term\">Rodape 01<\/a>"],"unlinked":["<span class=\"advgb-post-tax-term\">g1<\/span>","<span class=\"advgb-post-tax-term\">Policial<\/span>","<span class=\"advgb-post-tax-term\">Rodape 01<\/span>"]}},"comment_count":"0","relative_dates":{"created":"Publicado 7 meses atr\u00e1s","modified":"Atualizado 7 meses atr\u00e1s"},"absolute_dates":{"created":"Publicado em 30 de setembro de 2025","modified":"Atualizado em 30 de setembro de 2025"},"absolute_dates_time":{"created":"Publicado em 30 de setembro de 2025 06:41","modified":"Atualizado em 30 de setembro de 2025 10:41"},"featured_img_caption":"","series_order":"","_links":{"self":[{"href":"https:\/\/sindaopcpb.org.br\/index.php\/wp-json\/wp\/v2\/posts\/61422","targetHints":{"allow":["GET"]}}],"collection":[{"href":"https:\/\/sindaopcpb.org.br\/index.php\/wp-json\/wp\/v2\/posts"}],"about":[{"href":"https:\/\/sindaopcpb.org.br\/index.php\/wp-json\/wp\/v2\/types\/post"}],"author":[{"embeddable":true,"href":"https:\/\/sindaopcpb.org.br\/index.php\/wp-json\/wp\/v2\/users\/123457"}],"replies":[{"embeddable":true,"href":"https:\/\/sindaopcpb.org.br\/index.php\/wp-json\/wp\/v2\/comments?post=61422"}],"version-history":[{"count":3,"href":"https:\/\/sindaopcpb.org.br\/index.php\/wp-json\/wp\/v2\/posts\/61422\/revisions"}],"predecessor-version":[{"id":61451,"href":"https:\/\/sindaopcpb.org.br\/index.php\/wp-json\/wp\/v2\/posts\/61422\/revisions\/61451"}],"wp:attachment":[{"href":"https:\/\/sindaopcpb.org.br\/index.php\/wp-json\/wp\/v2\/media?parent=61422"}],"wp:term":[{"taxonomy":"category","embeddable":true,"href":"https:\/\/sindaopcpb.org.br\/index.php\/wp-json\/wp\/v2\/categories?post=61422"},{"taxonomy":"post_tag","embeddable":true,"href":"https:\/\/sindaopcpb.org.br\/index.php\/wp-json\/wp\/v2\/tags?post=61422"}],"curies":[{"name":"wp","href":"https:\/\/api.w.org\/{rel}","templated":true}]}}