{"id":61406,"date":"2025-09-29T12:50:38","date_gmt":"2025-09-29T15:50:38","guid":{"rendered":"https:\/\/www.pbagora.com.br\/?p=919038"},"modified":"2025-09-29T15:55:38","modified_gmt":"2025-09-29T18:55:38","slug":"tenente-fica-ferida-em-acidente-entre-viatura-da-pm-e-carro-de-passeio-na-br-230-em-cabedelo","status":"publish","type":"post","link":"https:\/\/sindaopcpb.org.br\/index.php\/2025\/09\/29\/tenente-fica-ferida-em-acidente-entre-viatura-da-pm-e-carro-de-passeio-na-br-230-em-cabedelo\/","title":{"rendered":"Tenente fica ferida em acidente entre viatura da PM e carro de passeio na BR-230, em Cabedelo"},"content":{"rendered":"<p><img width=\"971\" height=\"450\" src=\"https:\/\/www.pbagora.com.br\/storage\/2025\/09\/image-131.png\" class=\"attachment-large size-large wp-post-image\" alt=\"\" style=\"margin-bottom: 20px;\" decoding=\"async\" loading=\"lazy\" srcset=\"https:\/\/www.pbagora.com.br\/storage\/2025\/09\/image-131.png 971w, https:\/\/www.pbagora.com.br\/storage\/2025\/09\/image-131-300x139.png 300w, https:\/\/www.pbagora.com.br\/storage\/2025\/09\/image-131-150x70.png 150w, https:\/\/www.pbagora.com.br\/storage\/2025\/09\/image-131-768x356.png 768w, https:\/\/www.pbagora.com.br\/storage\/2025\/09\/image-131-380x176.png 380w, https:\/\/www.pbagora.com.br\/storage\/2025\/09\/image-131-800x371.png 800w, https:\/\/www.pbagora.com.br\/storage\/2025\/09\/image-131-80x37.png 80w, https:\/\/www.pbagora.com.br\/storage\/2025\/09\/image-131-760x352.png 760w, https:\/\/www.pbagora.com.br\/storage\/2025\/09\/image-131-600x278.png 600w\" sizes=\"auto, (max-width: 971px) 100vw, 971px\" \/><\/p>\n<p>Um acidente envolvendo uma viatura da Pol\u00edcia Militar e um carro de passeio foi registrado no final da manh\u00e3 desta segunda-feira (29), na BR-230, em Cabedelo, regi\u00e3o metropolitana de Jo\u00e3o Pessoa. A colis\u00e3o lateral deixou quatro policiais feridos, incluindo uma tenente.<\/p>\n\n\n\n<p>De acordo com informa\u00e7\u00f5es da PRF, o acidente ocorreu ap\u00f3s o autom\u00f3vel de passeio realizar uma convers\u00e3o incorreta na rodovia. Apesar da tentativa de manobra defensiva por parte do condutor da viatura, a colis\u00e3o n\u00e3o p\u00f4de ser evitada.<\/p>\n\n\n\n<p>Os quatro policiais que estavam na viatura foram encaminhados ao Hospital de Emerg\u00eancia e Trauma da Capital com escoria\u00e7\u00f5es leves. A tenente, que apresentava suspeita de fratura no bra\u00e7o e sinais de impacto na cabe\u00e7a, chegou \u00e0 unidade hospitalar com o bra\u00e7o enfaixado e ser\u00e1 submetida a avalia\u00e7\u00e3o m\u00e9dica. O estado de sa\u00fade dos militares \u00e9 considerado est\u00e1vel.<\/p>\n\n\n\n<p>No carro de passeio estavam duas pessoas, m\u00e3e e filho, que n\u00e3o sofreram ferimentos graves. O motorista foi submetido ao teste do etil\u00f4metro, que deu resultado negativo para consumo de \u00e1lcool.<\/p>\n\n\n\n<p><strong><em>PB Agora<\/em><\/strong><\/p>\n","protected":false},"excerpt":{"rendered":"<p><img loading=\"lazy\" decoding=\"async\" width=\"971\" height=\"450\" src=\"https:\/\/www.pbagora.com.br\/storage\/2025\/09\/image-131.png\" class=\"attachment-large size-large wp-post-image\" alt=\"\" srcset=\"https:\/\/www.pbagora.com.br\/storage\/2025\/09\/image-131.png 971w, https:\/\/www.pbagora.com.br\/storage\/2025\/09\/image-131-300x139.png 300w, https:\/\/www.pbagora.com.br\/storage\/2025\/09\/image-131-150x70.png 150w, https:\/\/www.pbagora.com.br\/storage\/2025\/09\/image-131-768x356.png 768w, https:\/\/www.pbagora.com.br\/storage\/2025\/09\/image-131-380x176.png 380w, https:\/\/www.pbagora.com.br\/storage\/2025\/09\/image-131-800x371.png 800w, https:\/\/www.pbagora.com.br\/storage\/2025\/09\/image-131-80x37.png 80w, https:\/\/www.pbagora.com.br\/storage\/2025\/09\/image-131-760x352.png 760w, https:\/\/www.pbagora.com.br\/storage\/2025\/09\/image-131-600x278.png 600w\" sizes=\"auto, (max-width: 971px) 100vw, 971px\"><\/p>\n<p>Um acidente envolvendo uma viatura da Pol\u00edcia Militar e um carro de passeio foi registrado no final da\u2026<\/p>\n","protected":false},"author":123457,"featured_media":0,"comment_status":"closed","ping_status":"closed","sticky":false,"template":"","format":"standard","meta":{"advgb_blocks_editor_width":"","advgb_blocks_columns_visual_guide":"","footnotes":""},"categories":[34],"tags":[10840,35,10839],"class_list":["post-61406","post","type-post","status-publish","format-standard","hentry","category-g1","tag-destaque-centro-03","tag-g1","tag-policial"],"author_meta":{"display_name":"Reda\u00e7\u00e3o","author_link":"https:\/\/sindaopcpb.org.br\/author\/redacao\/"},"featured_img":null,"coauthors":[],"tax_additional":{"categories":{"linked":["<a href=\"https:\/\/sindaopcpb.org.br\/g1\/\" class=\"advgb-post-tax-term\">G1<\/a>"],"unlinked":["<span class=\"advgb-post-tax-term\">G1<\/span>"]},"tags":{"linked":["<a href=\"https:\/\/sindaopcpb.org.br\/g1\/\" class=\"advgb-post-tax-term\">Destaque Centro 03<\/a>","<a href=\"https:\/\/sindaopcpb.org.br\/g1\/\" class=\"advgb-post-tax-term\">g1<\/a>","<a href=\"https:\/\/sindaopcpb.org.br\/g1\/\" class=\"advgb-post-tax-term\">Policial<\/a>"],"unlinked":["<span class=\"advgb-post-tax-term\">Destaque Centro 03<\/span>","<span class=\"advgb-post-tax-term\">g1<\/span>","<span class=\"advgb-post-tax-term\">Policial<\/span>"]}},"comment_count":"0","relative_dates":{"created":"Publicado 7 meses atr\u00e1s","modified":"Atualizado 7 meses atr\u00e1s"},"absolute_dates":{"created":"Publicado em 29 de setembro de 2025","modified":"Atualizado em 29 de setembro de 2025"},"absolute_dates_time":{"created":"Publicado em 29 de setembro de 2025 12:50","modified":"Atualizado em 29 de setembro de 2025 15:55"},"featured_img_caption":"","series_order":"","_links":{"self":[{"href":"https:\/\/sindaopcpb.org.br\/index.php\/wp-json\/wp\/v2\/posts\/61406","targetHints":{"allow":["GET"]}}],"collection":[{"href":"https:\/\/sindaopcpb.org.br\/index.php\/wp-json\/wp\/v2\/posts"}],"about":[{"href":"https:\/\/sindaopcpb.org.br\/index.php\/wp-json\/wp\/v2\/types\/post"}],"author":[{"embeddable":true,"href":"https:\/\/sindaopcpb.org.br\/index.php\/wp-json\/wp\/v2\/users\/123457"}],"replies":[{"embeddable":true,"href":"https:\/\/sindaopcpb.org.br\/index.php\/wp-json\/wp\/v2\/comments?post=61406"}],"version-history":[{"count":2,"href":"https:\/\/sindaopcpb.org.br\/index.php\/wp-json\/wp\/v2\/posts\/61406\/revisions"}],"predecessor-version":[{"id":61414,"href":"https:\/\/sindaopcpb.org.br\/index.php\/wp-json\/wp\/v2\/posts\/61406\/revisions\/61414"}],"wp:attachment":[{"href":"https:\/\/sindaopcpb.org.br\/index.php\/wp-json\/wp\/v2\/media?parent=61406"}],"wp:term":[{"taxonomy":"category","embeddable":true,"href":"https:\/\/sindaopcpb.org.br\/index.php\/wp-json\/wp\/v2\/categories?post=61406"},{"taxonomy":"post_tag","embeddable":true,"href":"https:\/\/sindaopcpb.org.br\/index.php\/wp-json\/wp\/v2\/tags?post=61406"}],"curies":[{"name":"wp","href":"https:\/\/api.w.org\/{rel}","templated":true}]}}