{"id":61393,"date":"2025-09-29T10:41:59","date_gmt":"2025-09-29T13:41:59","guid":{"rendered":"https:\/\/www.pbagora.com.br\/?p=918989"},"modified":"2025-09-29T13:45:59","modified_gmt":"2025-09-29T16:45:59","slug":"motorista-de-aplicativo-desaparece-em-jp-e-carro-e-encontrado-incendiado","status":"publish","type":"post","link":"https:\/\/sindaopcpb.org.br\/index.php\/2025\/09\/29\/motorista-de-aplicativo-desaparece-em-jp-e-carro-e-encontrado-incendiado\/","title":{"rendered":"Motorista de aplicativo desaparece em JP e carro \u00e9 encontrado incendiado"},"content":{"rendered":"<p><img width=\"576\" height=\"1024\" src=\"https:\/\/www.pbagora.com.br\/storage\/2025\/09\/image-129-576x1024.png\" class=\"attachment-large size-large wp-post-image\" alt=\"\" style=\"margin-bottom: 20px;\" decoding=\"async\" srcset=\"https:\/\/www.pbagora.com.br\/storage\/2025\/09\/image-129-576x1024.png 576w, https:\/\/www.pbagora.com.br\/storage\/2025\/09\/image-129-169x300.png 169w, https:\/\/www.pbagora.com.br\/storage\/2025\/09\/image-129-84x150.png 84w, https:\/\/www.pbagora.com.br\/storage\/2025\/09\/image-129-768x1365.png 768w, https:\/\/www.pbagora.com.br\/storage\/2025\/09\/image-129-864x1536.png 864w, https:\/\/www.pbagora.com.br\/storage\/2025\/09\/image-129-380x675.png 380w, https:\/\/www.pbagora.com.br\/storage\/2025\/09\/image-129-800x1422.png 800w, https:\/\/www.pbagora.com.br\/storage\/2025\/09\/image-129-80x142.png 80w, https:\/\/www.pbagora.com.br\/storage\/2025\/09\/image-129-45x80.png 45w, https:\/\/www.pbagora.com.br\/storage\/2025\/09\/image-129-760x1351.png 760w, https:\/\/www.pbagora.com.br\/storage\/2025\/09\/image-129-338x600.png 338w, https:\/\/www.pbagora.com.br\/storage\/2025\/09\/image-129.png 984w\" sizes=\"(max-width: 576px) 100vw, 576px\" \/><\/p>\n<p>A Pol\u00edcia Civil da Para\u00edba investiga o desaparecimento do motorista de aplicativo Marcos Alexandre Bezerra de Medeiros, de 50 anos, que n\u00e3o \u00e9 visto desde a manh\u00e3 da \u00faltima sexta-feira (27), quando saiu de casa para trabalhar em Jo\u00e3o Pessoa. O ve\u00edculo que ele dirigia foi encontrado incendiado nesse domingo (28), na regi\u00e3o de Jacarap\u00e9.<\/p>\n\n\n\n<p>Segundo familiares, Marcos Alexandre costumava encerrar suas atividades entre a meia-noite e as 3h, mas n\u00e3o retornou no hor\u00e1rio habitual nem fez contato com a fam\u00edlia. Preocupados, os parentes registraram boletim de ocorr\u00eancia.<\/p>\n\n\n\n<p>A \u00faltima localiza\u00e7\u00e3o registrada pelo celular do motorista apontava o Bairro das Ind\u00fastrias. Desde ent\u00e3o, o aparelho n\u00e3o apresenta sinal e chamadas e mensagens n\u00e3o foram atendidas. O telefone permanece desligado.<\/p>\n\n\n\n<p><strong><em>PB Agora<\/em><\/strong><\/p>\n","protected":false},"excerpt":{"rendered":"<p><img loading=\"lazy\" decoding=\"async\" width=\"576\" height=\"1024\" src=\"https:\/\/www.pbagora.com.br\/storage\/2025\/09\/image-129-576x1024.png\" class=\"attachment-large size-large wp-post-image\" alt=\"\" srcset=\"https:\/\/www.pbagora.com.br\/storage\/2025\/09\/image-129-576x1024.png 576w, https:\/\/www.pbagora.com.br\/storage\/2025\/09\/image-129-169x300.png 169w, https:\/\/www.pbagora.com.br\/storage\/2025\/09\/image-129-84x150.png 84w, https:\/\/www.pbagora.com.br\/storage\/2025\/09\/image-129-768x1365.png 768w, https:\/\/www.pbagora.com.br\/storage\/2025\/09\/image-129-864x1536.png 864w, https:\/\/www.pbagora.com.br\/storage\/2025\/09\/image-129-380x675.png 380w, https:\/\/www.pbagora.com.br\/storage\/2025\/09\/image-129-800x1422.png 800w, https:\/\/www.pbagora.com.br\/storage\/2025\/09\/image-129-80x142.png 80w, https:\/\/www.pbagora.com.br\/storage\/2025\/09\/image-129-45x80.png 45w, https:\/\/www.pbagora.com.br\/storage\/2025\/09\/image-129-760x1351.png 760w, https:\/\/www.pbagora.com.br\/storage\/2025\/09\/image-129-338x600.png 338w, https:\/\/www.pbagora.com.br\/storage\/2025\/09\/image-129.png 984w\" sizes=\"auto, (max-width: 576px) 100vw, 576px\"><\/p>\n<p>A Pol\u00edcia Civil da Para\u00edba investiga o desaparecimento do motorista de aplicativo Marcos Alexandre Bezerra de Medeiros, de\u2026<\/p>\n","protected":false},"author":123457,"featured_media":0,"comment_status":"closed","ping_status":"closed","sticky":false,"template":"","format":"standard","meta":{"advgb_blocks_editor_width":"","advgb_blocks_columns_visual_guide":"","footnotes":""},"categories":[34],"tags":[35,10839,10846],"class_list":["post-61393","post","type-post","status-publish","format-standard","hentry","category-g1","tag-g1","tag-policial","tag-rodape-02"],"author_meta":{"display_name":"Reda\u00e7\u00e3o","author_link":"https:\/\/sindaopcpb.org.br\/author\/redacao\/"},"featured_img":null,"coauthors":[],"tax_additional":{"categories":{"linked":["<a href=\"https:\/\/sindaopcpb.org.br\/g1\/\" class=\"advgb-post-tax-term\">G1<\/a>"],"unlinked":["<span class=\"advgb-post-tax-term\">G1<\/span>"]},"tags":{"linked":["<a href=\"https:\/\/sindaopcpb.org.br\/g1\/\" class=\"advgb-post-tax-term\">g1<\/a>","<a href=\"https:\/\/sindaopcpb.org.br\/g1\/\" class=\"advgb-post-tax-term\">Policial<\/a>","<a href=\"https:\/\/sindaopcpb.org.br\/g1\/\" class=\"advgb-post-tax-term\">Rodape 02<\/a>"],"unlinked":["<span class=\"advgb-post-tax-term\">g1<\/span>","<span class=\"advgb-post-tax-term\">Policial<\/span>","<span class=\"advgb-post-tax-term\">Rodape 02<\/span>"]}},"comment_count":"0","relative_dates":{"created":"Publicado 7 meses atr\u00e1s","modified":"Atualizado 7 meses atr\u00e1s"},"absolute_dates":{"created":"Publicado em 29 de setembro de 2025","modified":"Atualizado em 29 de setembro de 2025"},"absolute_dates_time":{"created":"Publicado em 29 de setembro de 2025 10:41","modified":"Atualizado em 29 de setembro de 2025 13:45"},"featured_img_caption":"","series_order":"","_links":{"self":[{"href":"https:\/\/sindaopcpb.org.br\/index.php\/wp-json\/wp\/v2\/posts\/61393","targetHints":{"allow":["GET"]}}],"collection":[{"href":"https:\/\/sindaopcpb.org.br\/index.php\/wp-json\/wp\/v2\/posts"}],"about":[{"href":"https:\/\/sindaopcpb.org.br\/index.php\/wp-json\/wp\/v2\/types\/post"}],"author":[{"embeddable":true,"href":"https:\/\/sindaopcpb.org.br\/index.php\/wp-json\/wp\/v2\/users\/123457"}],"replies":[{"embeddable":true,"href":"https:\/\/sindaopcpb.org.br\/index.php\/wp-json\/wp\/v2\/comments?post=61393"}],"version-history":[{"count":3,"href":"https:\/\/sindaopcpb.org.br\/index.php\/wp-json\/wp\/v2\/posts\/61393\/revisions"}],"predecessor-version":[{"id":61404,"href":"https:\/\/sindaopcpb.org.br\/index.php\/wp-json\/wp\/v2\/posts\/61393\/revisions\/61404"}],"wp:attachment":[{"href":"https:\/\/sindaopcpb.org.br\/index.php\/wp-json\/wp\/v2\/media?parent=61393"}],"wp:term":[{"taxonomy":"category","embeddable":true,"href":"https:\/\/sindaopcpb.org.br\/index.php\/wp-json\/wp\/v2\/categories?post=61393"},{"taxonomy":"post_tag","embeddable":true,"href":"https:\/\/sindaopcpb.org.br\/index.php\/wp-json\/wp\/v2\/tags?post=61393"}],"curies":[{"name":"wp","href":"https:\/\/api.w.org\/{rel}","templated":true}]}}