{"id":61391,"date":"2025-09-29T10:53:21","date_gmt":"2025-09-29T13:53:21","guid":{"rendered":"https:\/\/www.pbagora.com.br\/?p=918996"},"modified":"2025-09-29T10:53:21","modified_gmt":"2025-09-29T13:53:21","slug":"prf-registra-morte-embriaguez-e-prisao-por-pensao-alimenticia-durante-o-final-de-semana-na-pb","status":"publish","type":"post","link":"https:\/\/sindaopcpb.org.br\/index.php\/2025\/09\/29\/prf-registra-morte-embriaguez-e-prisao-por-pensao-alimenticia-durante-o-final-de-semana-na-pb\/","title":{"rendered":"PRF registra morte, embriaguez e pris\u00e3o por pens\u00e3o aliment\u00edcia durante o final de semana na PB"},"content":{"rendered":"<p><img width=\"768\" height=\"512\" src=\"https:\/\/www.pbagora.com.br\/storage\/2025\/09\/WhatsApp-Image-2025-09-29-at-09.34.31.jpeg\" class=\"attachment-large size-large wp-post-image\" alt=\"\" style=\"margin-bottom: 20px;\" decoding=\"async\" srcset=\"https:\/\/www.pbagora.com.br\/storage\/2025\/09\/WhatsApp-Image-2025-09-29-at-09.34.31.jpeg 768w, https:\/\/www.pbagora.com.br\/storage\/2025\/09\/WhatsApp-Image-2025-09-29-at-09.34.31-300x200.jpeg 300w, https:\/\/www.pbagora.com.br\/storage\/2025\/09\/WhatsApp-Image-2025-09-29-at-09.34.31-150x100.jpeg 150w, https:\/\/www.pbagora.com.br\/storage\/2025\/09\/WhatsApp-Image-2025-09-29-at-09.34.31-380x253.jpeg 380w, https:\/\/www.pbagora.com.br\/storage\/2025\/09\/WhatsApp-Image-2025-09-29-at-09.34.31-80x53.jpeg 80w, https:\/\/www.pbagora.com.br\/storage\/2025\/09\/WhatsApp-Image-2025-09-29-at-09.34.31-760x507.jpeg 760w, https:\/\/www.pbagora.com.br\/storage\/2025\/09\/WhatsApp-Image-2025-09-29-at-09.34.31-600x400.jpeg 600w\" sizes=\"(max-width: 768px) 100vw, 768px\" \/><\/p>\n<p>A Pol\u00edcia Rodovi\u00e1ria Federal (PRF) na Para\u00edba realizou a\u00e7\u00f5es entre a \u00faltima sexta-feira (26) e as primeiras horas desta segunda-feira (29) que culminaram no cumprimento de um mandado de pris\u00e3o por d\u00edvida de pens\u00e3o aliment\u00edcia de mais de R$ 50 mil e na deten\u00e7\u00e3o de tr\u00eas condutores embriagados, sendo que, um deles causou um sinistro de tr\u00e2nsito com v\u00edtima fatal.<\/p>\n\n\n\n<p>A primeira ocorr\u00eancia se desenvolveu no munic\u00edpio de Sobrado, zona da mata paraibana, na BR-230, km 69, \u00e0s 13h10 da \u00faltima sexta-feira (26), quando equipe da PRF cumpriu um mandado de pris\u00e3o por d\u00e9bito de pens\u00e3o aliment\u00edcia. Durante a fiscaliza\u00e7\u00e3o, foi abordado o condutor de um caminh\u00e3o M. Benz 710 de cor vermelha. Ap\u00f3s consultas aos sistemas de seguran\u00e7a, a equipe verificou que havia um mandado de pris\u00e3o em aberto contra o homem, de 51 anos, expedido pela Vara \u00danica de Bananeiras, devido a uma d\u00edvida de R$ 54.110,16. Diante do registro, o indiv\u00edduo foi detido e encaminhado \u00e0 Delegacia de Pol\u00edcia Judici\u00e1ria de Sap\u00e9-PB para o cumprimento da ordem judicial, onde ficar\u00e1 em reclus\u00e3o por 90 dias.<\/p>\n\n\n\n<p>J\u00e1 no munic\u00edpio de Cajazeiras, ser\u00e3o paraibano, na BR-230, km 507, \u00e0 00h54 do \u00faltimo s\u00e1bado (27), agentes da PRF flagraram um condutor embriagado. A a\u00e7\u00e3o ocorreu durante o atendimento a um sinistro de tr\u00e2nsito envolvendo a motocicleta Yamaha Crosser Z Abs de cor verde. O condutor do ve\u00edculo, um homem de 36 anos, foi submetido ao teste do etil\u00f4metro, que confirmou a ingest\u00e3o de \u00e1lcool, registrando o valor de 0.71 mg\/L no ar expelido pelos pulm\u00f5es. Diante do flagrante, o homem foi detido e as provid\u00eancias legais foram tomadas para o devido enquadramento pelo crime de conduzir ve\u00edculo com capacidade psicomotora alterada em raz\u00e3o da influ\u00eancia de \u00e1lcool.<\/p>\n\n\n\n<p>Tamb\u00e9m no \u00faltimo s\u00e1bado, desta vez no munic\u00edpio de Jo\u00e3o Pessoa, capital paraibana, na BR-101, km 89, \u00e0s 08h15, policiais rodovi\u00e1rios federais foram acionados por uma equipe da SEMOB para verificar a conduta perigosa de um ve\u00edculo VW Kombi azul que realizava manobras bruscas. Ao abordar o ve\u00edculo, a equipe encontrou o condutor, um homem de 32 anos, visivelmente embriagado, que desacatou os policiais e, em seguida, fugiu para uma \u00e1rea de matagal pr\u00f3xima. Ap\u00f3s cerca de uma hora de buscas, com apoio de mais equipes da PRF, o motorista foi localizado e detido. Ele foi submetido ao teste do etil\u00f4metro, que confirmou a embriaguez, registrando o valor de 0.44 mg\/L no ar expelido pelos pulm\u00f5es. Diante dos fatos, o envolvido foi conduzido \u00e0 Central de Flagrantes para as provid\u00eancias legais cab\u00edveis pelos tr\u00eas crimes cometidos.<\/p>\n\n\n\n<p>A \u00faltima ocorr\u00eancia registrada se desenvolveu nas primeiras horas desta segunda-feira (29), por volta das 04h50, tamb\u00e9m em Jo\u00e3o Pessoa, na BR-101, km 86, quando a equipe policial registrou um grave sinistro de tr\u00e2nsito, uma colis\u00e3o entre um autom\u00f3vel e um pedestre que empurrava uma bicicleta, que resultou na morte do ciclista. Conforme apurado, o condutor de um ve\u00edculo Fiat\/Uno Mille Fire de cor azul atropelou a v\u00edtima. O condutor do autom\u00f3vel, um homem de 37 anos, foi submetido ao teste do etil\u00f4metro, que acusou o teor de 1.07 mg\/L de \u00e1lcool no ar expelido pelos pulm\u00f5es, configurando embriaguez ao volante. Diante dos fatos, e constatados os ind\u00edcios de homic\u00eddio culposo na dire\u00e7\u00e3o de ve\u00edculo automotor, o condutor foi detido e apresentado \u00e0 autoridade competente.<\/p>\n\n\n\n<p>PB Agora<\/p>\n","protected":false},"excerpt":{"rendered":"<p><img loading=\"lazy\" decoding=\"async\" width=\"768\" height=\"512\" src=\"https:\/\/www.pbagora.com.br\/storage\/2025\/09\/WhatsApp-Image-2025-09-29-at-09.34.31.jpeg\" class=\"attachment-large size-large wp-post-image\" alt=\"\" srcset=\"https:\/\/www.pbagora.com.br\/storage\/2025\/09\/WhatsApp-Image-2025-09-29-at-09.34.31.jpeg 768w, https:\/\/www.pbagora.com.br\/storage\/2025\/09\/WhatsApp-Image-2025-09-29-at-09.34.31-300x200.jpeg 300w, https:\/\/www.pbagora.com.br\/storage\/2025\/09\/WhatsApp-Image-2025-09-29-at-09.34.31-150x100.jpeg 150w, https:\/\/www.pbagora.com.br\/storage\/2025\/09\/WhatsApp-Image-2025-09-29-at-09.34.31-380x253.jpeg 380w, https:\/\/www.pbagora.com.br\/storage\/2025\/09\/WhatsApp-Image-2025-09-29-at-09.34.31-80x53.jpeg 80w, https:\/\/www.pbagora.com.br\/storage\/2025\/09\/WhatsApp-Image-2025-09-29-at-09.34.31-760x507.jpeg 760w, https:\/\/www.pbagora.com.br\/storage\/2025\/09\/WhatsApp-Image-2025-09-29-at-09.34.31-600x400.jpeg 600w\" sizes=\"auto, (max-width: 768px) 100vw, 768px\"><\/p>\n<p>A Pol\u00edcia Rodovi\u00e1ria Federal (PRF) na Para\u00edba realizou a\u00e7\u00f5es entre a \u00faltima sexta-feira (26) e as primeiras horas\u2026<\/p>\n","protected":false},"author":123457,"featured_media":0,"comment_status":"closed","ping_status":"closed","sticky":false,"template":"","format":"standard","meta":{"advgb_blocks_editor_width":"","advgb_blocks_columns_visual_guide":"","footnotes":""},"categories":[34],"tags":[10845,35,10839],"class_list":["post-61391","post","type-post","status-publish","format-standard","hentry","category-g1","tag-destaque-centro-01","tag-g1","tag-policial"],"author_meta":{"display_name":"Reda\u00e7\u00e3o","author_link":"https:\/\/sindaopcpb.org.br\/author\/redacao\/"},"featured_img":null,"coauthors":[],"tax_additional":{"categories":{"linked":["<a href=\"https:\/\/sindaopcpb.org.br\/g1\/\" class=\"advgb-post-tax-term\">G1<\/a>"],"unlinked":["<span class=\"advgb-post-tax-term\">G1<\/span>"]},"tags":{"linked":["<a href=\"https:\/\/sindaopcpb.org.br\/g1\/\" class=\"advgb-post-tax-term\">Destaque Centro 01<\/a>","<a href=\"https:\/\/sindaopcpb.org.br\/g1\/\" class=\"advgb-post-tax-term\">g1<\/a>","<a href=\"https:\/\/sindaopcpb.org.br\/g1\/\" class=\"advgb-post-tax-term\">Policial<\/a>"],"unlinked":["<span class=\"advgb-post-tax-term\">Destaque Centro 01<\/span>","<span class=\"advgb-post-tax-term\">g1<\/span>","<span class=\"advgb-post-tax-term\">Policial<\/span>"]}},"comment_count":"0","relative_dates":{"created":"Publicado 7 meses atr\u00e1s","modified":"Atualizado 7 meses atr\u00e1s"},"absolute_dates":{"created":"Publicado em 29 de setembro de 2025","modified":"Atualizado em 29 de setembro de 2025"},"absolute_dates_time":{"created":"Publicado em 29 de setembro de 2025 10:53","modified":"Atualizado em 29 de setembro de 2025 10:53"},"featured_img_caption":"","series_order":"","_links":{"self":[{"href":"https:\/\/sindaopcpb.org.br\/index.php\/wp-json\/wp\/v2\/posts\/61391","targetHints":{"allow":["GET"]}}],"collection":[{"href":"https:\/\/sindaopcpb.org.br\/index.php\/wp-json\/wp\/v2\/posts"}],"about":[{"href":"https:\/\/sindaopcpb.org.br\/index.php\/wp-json\/wp\/v2\/types\/post"}],"author":[{"embeddable":true,"href":"https:\/\/sindaopcpb.org.br\/index.php\/wp-json\/wp\/v2\/users\/123457"}],"replies":[{"embeddable":true,"href":"https:\/\/sindaopcpb.org.br\/index.php\/wp-json\/wp\/v2\/comments?post=61391"}],"version-history":[{"count":3,"href":"https:\/\/sindaopcpb.org.br\/index.php\/wp-json\/wp\/v2\/posts\/61391\/revisions"}],"predecessor-version":[{"id":61407,"href":"https:\/\/sindaopcpb.org.br\/index.php\/wp-json\/wp\/v2\/posts\/61391\/revisions\/61407"}],"wp:attachment":[{"href":"https:\/\/sindaopcpb.org.br\/index.php\/wp-json\/wp\/v2\/media?parent=61391"}],"wp:term":[{"taxonomy":"category","embeddable":true,"href":"https:\/\/sindaopcpb.org.br\/index.php\/wp-json\/wp\/v2\/categories?post=61391"},{"taxonomy":"post_tag","embeddable":true,"href":"https:\/\/sindaopcpb.org.br\/index.php\/wp-json\/wp\/v2\/tags?post=61391"}],"curies":[{"name":"wp","href":"https:\/\/api.w.org\/{rel}","templated":true}]}}