{"id":61386,"date":"2025-09-29T09:13:17","date_gmt":"2025-09-29T12:13:17","guid":{"rendered":"https:\/\/www.pbagora.com.br\/?p=918965"},"modified":"2025-09-29T10:13:17","modified_gmt":"2025-09-29T13:13:17","slug":"homem-e-morto-com-mais-de-10-tiros-em-bayeux","status":"publish","type":"post","link":"https:\/\/sindaopcpb.org.br\/index.php\/2025\/09\/29\/homem-e-morto-com-mais-de-10-tiros-em-bayeux\/","title":{"rendered":"Homem \u00e9 morto com mais de 10 tiros em Bayeux"},"content":{"rendered":"<p><img width=\"768\" height=\"512\" src=\"https:\/\/www.pbagora.com.br\/storage\/2025\/09\/image-127.png\" class=\"attachment-large size-large wp-post-image\" alt=\"\" style=\"margin-bottom: 20px;\" decoding=\"async\" loading=\"lazy\" srcset=\"https:\/\/www.pbagora.com.br\/storage\/2025\/09\/image-127.png 768w, https:\/\/www.pbagora.com.br\/storage\/2025\/09\/image-127-300x200.png 300w, https:\/\/www.pbagora.com.br\/storage\/2025\/09\/image-127-150x100.png 150w, https:\/\/www.pbagora.com.br\/storage\/2025\/09\/image-127-380x253.png 380w, https:\/\/www.pbagora.com.br\/storage\/2025\/09\/image-127-80x53.png 80w, https:\/\/www.pbagora.com.br\/storage\/2025\/09\/image-127-760x507.png 760w, https:\/\/www.pbagora.com.br\/storage\/2025\/09\/image-127-600x400.png 600w\" sizes=\"auto, (max-width: 768px) 100vw, 768px\" \/><\/p>\n<p>Um homem de 27 anos foi assassinado a tiros na noite desse domingo (28), na Avenida Liberdade, em Bayeux, na Regi\u00e3o Metropolitana de Jo\u00e3o Pessoa. <\/p>\n\n\n\n<p>Segundo informa\u00e7\u00f5es da Pol\u00edcia Civil, a v\u00edtima caminhava com a companheira e o sogro quando foi surpreendida por tr\u00eas homens armados. Os suspeitos dispararam diversas vezes, atingindo o jovem com mais de 10 tiros.<\/p>\n\n\n\n<p>Testemunhas relataram que o homem n\u00e3o tinha envolvimento com atividades criminosas. A pol\u00edcia ainda n\u00e3o identificou os autores do homic\u00eddio e segue investigando o caso.<\/p>\n\n\n\n<p>A cena do crime foi isolada para per\u00edcia e o corpo encaminhado ao Instituto de Pol\u00edcia Cient\u00edfica (IPC).<\/p>\n\n\n\n<p><strong><em>PB Agora<\/em><\/strong><\/p>\n","protected":false},"excerpt":{"rendered":"<p><img decoding=\"async\" width=\"768\" height=\"512\" src=\"https:\/\/www.pbagora.com.br\/storage\/2025\/09\/image-127.png\" class=\"attachment-large size-large wp-post-image\" alt=\"\" loading=\"lazy\" srcset=\"https:\/\/www.pbagora.com.br\/storage\/2025\/09\/image-127.png 768w, https:\/\/www.pbagora.com.br\/storage\/2025\/09\/image-127-300x200.png 300w, https:\/\/www.pbagora.com.br\/storage\/2025\/09\/image-127-150x100.png 150w, https:\/\/www.pbagora.com.br\/storage\/2025\/09\/image-127-380x253.png 380w, https:\/\/www.pbagora.com.br\/storage\/2025\/09\/image-127-80x53.png 80w, https:\/\/www.pbagora.com.br\/storage\/2025\/09\/image-127-760x507.png 760w, https:\/\/www.pbagora.com.br\/storage\/2025\/09\/image-127-600x400.png 600w\" sizes=\"auto, (max-width: 768px) 100vw, 768px\"><\/p>\n<p>Um homem de 27 anos foi assassinado a tiros na noite desse domingo (28), na Avenida Liberdade, em\u2026<\/p>\n","protected":false},"author":123457,"featured_media":0,"comment_status":"closed","ping_status":"closed","sticky":false,"template":"","format":"standard","meta":{"advgb_blocks_editor_width":"","advgb_blocks_columns_visual_guide":"","footnotes":""},"categories":[34],"tags":[10840,35,10839],"class_list":["post-61386","post","type-post","status-publish","format-standard","hentry","category-g1","tag-destaque-centro-03","tag-g1","tag-policial"],"author_meta":{"display_name":"Reda\u00e7\u00e3o","author_link":"https:\/\/sindaopcpb.org.br\/author\/redacao\/"},"featured_img":null,"coauthors":[],"tax_additional":{"categories":{"linked":["<a href=\"https:\/\/sindaopcpb.org.br\/g1\/\" class=\"advgb-post-tax-term\">G1<\/a>"],"unlinked":["<span class=\"advgb-post-tax-term\">G1<\/span>"]},"tags":{"linked":["<a href=\"https:\/\/sindaopcpb.org.br\/g1\/\" class=\"advgb-post-tax-term\">Destaque Centro 03<\/a>","<a href=\"https:\/\/sindaopcpb.org.br\/g1\/\" class=\"advgb-post-tax-term\">g1<\/a>","<a href=\"https:\/\/sindaopcpb.org.br\/g1\/\" class=\"advgb-post-tax-term\">Policial<\/a>"],"unlinked":["<span class=\"advgb-post-tax-term\">Destaque Centro 03<\/span>","<span class=\"advgb-post-tax-term\">g1<\/span>","<span class=\"advgb-post-tax-term\">Policial<\/span>"]}},"comment_count":"0","relative_dates":{"created":"Publicado 7 meses atr\u00e1s","modified":"Atualizado 7 meses atr\u00e1s"},"absolute_dates":{"created":"Publicado em 29 de setembro de 2025","modified":"Atualizado em 29 de setembro de 2025"},"absolute_dates_time":{"created":"Publicado em 29 de setembro de 2025 09:13","modified":"Atualizado em 29 de setembro de 2025 10:13"},"featured_img_caption":"","series_order":"","_links":{"self":[{"href":"https:\/\/sindaopcpb.org.br\/index.php\/wp-json\/wp\/v2\/posts\/61386","targetHints":{"allow":["GET"]}}],"collection":[{"href":"https:\/\/sindaopcpb.org.br\/index.php\/wp-json\/wp\/v2\/posts"}],"about":[{"href":"https:\/\/sindaopcpb.org.br\/index.php\/wp-json\/wp\/v2\/types\/post"}],"author":[{"embeddable":true,"href":"https:\/\/sindaopcpb.org.br\/index.php\/wp-json\/wp\/v2\/users\/123457"}],"replies":[{"embeddable":true,"href":"https:\/\/sindaopcpb.org.br\/index.php\/wp-json\/wp\/v2\/comments?post=61386"}],"version-history":[{"count":2,"href":"https:\/\/sindaopcpb.org.br\/index.php\/wp-json\/wp\/v2\/posts\/61386\/revisions"}],"predecessor-version":[{"id":61398,"href":"https:\/\/sindaopcpb.org.br\/index.php\/wp-json\/wp\/v2\/posts\/61386\/revisions\/61398"}],"wp:attachment":[{"href":"https:\/\/sindaopcpb.org.br\/index.php\/wp-json\/wp\/v2\/media?parent=61386"}],"wp:term":[{"taxonomy":"category","embeddable":true,"href":"https:\/\/sindaopcpb.org.br\/index.php\/wp-json\/wp\/v2\/categories?post=61386"},{"taxonomy":"post_tag","embeddable":true,"href":"https:\/\/sindaopcpb.org.br\/index.php\/wp-json\/wp\/v2\/tags?post=61386"}],"curies":[{"name":"wp","href":"https:\/\/api.w.org\/{rel}","templated":true}]}}