{"id":61384,"date":"2025-09-29T09:19:12","date_gmt":"2025-09-29T12:19:12","guid":{"rendered":"https:\/\/www.pbagora.com.br\/?p=918971"},"modified":"2025-09-29T10:19:12","modified_gmt":"2025-09-29T13:19:12","slug":"casal-e-preso-e-adolescente-apreendido-no-sertao-por-tentativa-de-homicidio","status":"publish","type":"post","link":"https:\/\/sindaopcpb.org.br\/index.php\/2025\/09\/29\/casal-e-preso-e-adolescente-apreendido-no-sertao-por-tentativa-de-homicidio\/","title":{"rendered":"Casal \u00e9 preso e adolescente apreendido no Sert\u00e3o por tentativa de homic\u00eddio"},"content":{"rendered":"<p><img width=\"750\" height=\"541\" src=\"https:\/\/www.pbagora.com.br\/storage\/2023\/11\/3847_policia-civil-patos-jpg.jpg\" class=\"attachment-large size-large wp-post-image\" alt=\"\" style=\"margin-bottom: 20px;\" decoding=\"async\" loading=\"lazy\" srcset=\"https:\/\/www.pbagora.com.br\/storage\/2023\/11\/3847_policia-civil-patos-jpg.jpg 750w, https:\/\/www.pbagora.com.br\/storage\/2023\/11\/3847_policia-civil-patos-jpg-300x216.jpg 300w, https:\/\/www.pbagora.com.br\/storage\/2023\/11\/3847_policia-civil-patos-jpg-150x108.jpg 150w, https:\/\/www.pbagora.com.br\/storage\/2023\/11\/3847_policia-civil-patos-jpg-380x274.jpg 380w, https:\/\/www.pbagora.com.br\/storage\/2023\/11\/3847_policia-civil-patos-jpg-80x58.jpg 80w, https:\/\/www.pbagora.com.br\/storage\/2023\/11\/3847_policia-civil-patos-jpg-600x433.jpg 600w\" sizes=\"auto, (max-width: 750px) 100vw, 750px\" \/><\/p>\n<p>A Pol\u00edcia Civil da Para\u00edba prendeu em flagrante, neste domingo (28), um homem e uma mulher, al\u00e9m de apreender um adolescente de 16 anos, suspeitos de envolvimento em uma tentativa de homic\u00eddio registrada nas primeiras horas da manh\u00e3 em Patos, no Sert\u00e3o paraibano.<\/p>\n\n\n\n<p>De acordo com informa\u00e7\u00f5es da Delegacia de Homic\u00eddios e Entorpecentes (DHE), respons\u00e1vel pela investiga\u00e7\u00e3o, a v\u00edtima foi socorrida ao hospital em estado grave e, inicialmente, n\u00e3o conseguiu prestar depoimento. Mesmo diante da limita\u00e7\u00e3o, as equipes da Pol\u00edcia Civil realizaram dilig\u00eancias na regi\u00e3o e conseguiram identificar os primeiros suspeitos com base em testemunhos e evid\u00eancias preliminares.<\/p>\n\n\n\n<p>Ap\u00f3s recuperar a consci\u00eancia, a v\u00edtima confirmou as informa\u00e7\u00f5es levantadas pelos investigadores, o que levou \u00e0 pris\u00e3o em flagrante do casal e \u00e0 apreens\u00e3o do adolescente. O inqu\u00e9rito policial foi instaurado e segue em andamento para identificar e localizar outros poss\u00edveis envolvidos no crime.<\/p>\n\n\n\n<p>A Pol\u00edcia Civil n\u00e3o divulgou detalhes sobre a motiva\u00e7\u00e3o da tentativa de homic\u00eddio, mas refor\u00e7ou que as investiga\u00e7\u00f5es continuam.<\/p>\n\n\n\n<p><strong><em>PB Agora<\/em><\/strong><\/p>\n","protected":false},"excerpt":{"rendered":"<p><img decoding=\"async\" width=\"750\" height=\"541\" src=\"https:\/\/www.pbagora.com.br\/storage\/2023\/11\/3847_policia-civil-patos-jpg.jpg\" class=\"attachment-large size-large wp-post-image\" alt=\"\" loading=\"lazy\" srcset=\"https:\/\/www.pbagora.com.br\/storage\/2023\/11\/3847_policia-civil-patos-jpg.jpg 750w, https:\/\/www.pbagora.com.br\/storage\/2023\/11\/3847_policia-civil-patos-jpg-300x216.jpg 300w, https:\/\/www.pbagora.com.br\/storage\/2023\/11\/3847_policia-civil-patos-jpg-150x108.jpg 150w, https:\/\/www.pbagora.com.br\/storage\/2023\/11\/3847_policia-civil-patos-jpg-380x274.jpg 380w, https:\/\/www.pbagora.com.br\/storage\/2023\/11\/3847_policia-civil-patos-jpg-80x58.jpg 80w, https:\/\/www.pbagora.com.br\/storage\/2023\/11\/3847_policia-civil-patos-jpg-600x433.jpg 600w\" sizes=\"auto, (max-width: 750px) 100vw, 750px\"><\/p>\n<p>A Pol\u00edcia Civil da Para\u00edba prendeu em flagrante, neste domingo (28), um homem e uma mulher, al\u00e9m de\u2026<\/p>\n","protected":false},"author":123457,"featured_media":0,"comment_status":"closed","ping_status":"closed","sticky":false,"template":"","format":"standard","meta":{"advgb_blocks_editor_width":"","advgb_blocks_columns_visual_guide":"","footnotes":""},"categories":[34],"tags":[10841,35,10839],"class_list":["post-61384","post","type-post","status-publish","format-standard","hentry","category-g1","tag-destaque-centro-02","tag-g1","tag-policial"],"author_meta":{"display_name":"Reda\u00e7\u00e3o","author_link":"https:\/\/sindaopcpb.org.br\/author\/redacao\/"},"featured_img":null,"coauthors":[],"tax_additional":{"categories":{"linked":["<a href=\"https:\/\/sindaopcpb.org.br\/g1\/\" class=\"advgb-post-tax-term\">G1<\/a>"],"unlinked":["<span class=\"advgb-post-tax-term\">G1<\/span>"]},"tags":{"linked":["<a href=\"https:\/\/sindaopcpb.org.br\/g1\/\" class=\"advgb-post-tax-term\">Destaque Centro 02<\/a>","<a href=\"https:\/\/sindaopcpb.org.br\/g1\/\" class=\"advgb-post-tax-term\">g1<\/a>","<a href=\"https:\/\/sindaopcpb.org.br\/g1\/\" class=\"advgb-post-tax-term\">Policial<\/a>"],"unlinked":["<span class=\"advgb-post-tax-term\">Destaque Centro 02<\/span>","<span class=\"advgb-post-tax-term\">g1<\/span>","<span class=\"advgb-post-tax-term\">Policial<\/span>"]}},"comment_count":"0","relative_dates":{"created":"Publicado 7 meses atr\u00e1s","modified":"Atualizado 7 meses atr\u00e1s"},"absolute_dates":{"created":"Publicado em 29 de setembro de 2025","modified":"Atualizado em 29 de setembro de 2025"},"absolute_dates_time":{"created":"Publicado em 29 de setembro de 2025 09:19","modified":"Atualizado em 29 de setembro de 2025 10:19"},"featured_img_caption":"","series_order":"","_links":{"self":[{"href":"https:\/\/sindaopcpb.org.br\/index.php\/wp-json\/wp\/v2\/posts\/61384","targetHints":{"allow":["GET"]}}],"collection":[{"href":"https:\/\/sindaopcpb.org.br\/index.php\/wp-json\/wp\/v2\/posts"}],"about":[{"href":"https:\/\/sindaopcpb.org.br\/index.php\/wp-json\/wp\/v2\/types\/post"}],"author":[{"embeddable":true,"href":"https:\/\/sindaopcpb.org.br\/index.php\/wp-json\/wp\/v2\/users\/123457"}],"replies":[{"embeddable":true,"href":"https:\/\/sindaopcpb.org.br\/index.php\/wp-json\/wp\/v2\/comments?post=61384"}],"version-history":[{"count":2,"href":"https:\/\/sindaopcpb.org.br\/index.php\/wp-json\/wp\/v2\/posts\/61384\/revisions"}],"predecessor-version":[{"id":61397,"href":"https:\/\/sindaopcpb.org.br\/index.php\/wp-json\/wp\/v2\/posts\/61384\/revisions\/61397"}],"wp:attachment":[{"href":"https:\/\/sindaopcpb.org.br\/index.php\/wp-json\/wp\/v2\/media?parent=61384"}],"wp:term":[{"taxonomy":"category","embeddable":true,"href":"https:\/\/sindaopcpb.org.br\/index.php\/wp-json\/wp\/v2\/categories?post=61384"},{"taxonomy":"post_tag","embeddable":true,"href":"https:\/\/sindaopcpb.org.br\/index.php\/wp-json\/wp\/v2\/tags?post=61384"}],"curies":[{"name":"wp","href":"https:\/\/api.w.org\/{rel}","templated":true}]}}