{"id":61343,"date":"2025-09-26T12:44:13","date_gmt":"2025-09-26T15:44:13","guid":{"rendered":"https:\/\/www.pbagora.com.br\/?p=918751"},"modified":"2025-09-26T12:44:13","modified_gmt":"2025-09-26T15:44:13","slug":"suspeito-de-trafico-interestadual-e-preso-com-40kg-de-maconha-em-joao-pessoa","status":"publish","type":"post","link":"https:\/\/sindaopcpb.org.br\/index.php\/2025\/09\/26\/suspeito-de-trafico-interestadual-e-preso-com-40kg-de-maconha-em-joao-pessoa\/","title":{"rendered":"Suspeito de tr\u00e1fico interestadual \u00e9 preso com 40kg de maconha em Jo\u00e3o Pessoa"},"content":{"rendered":"<p><img width=\"971\" height=\"450\" src=\"https:\/\/www.pbagora.com.br\/storage\/2025\/09\/imagens_apreesao-droga.avif\" class=\"attachment-large size-large wp-post-image\" alt=\"\" style=\"margin-bottom: 20px;\" decoding=\"async\" loading=\"lazy\" srcset=\"https:\/\/www.pbagora.com.br\/storage\/2025\/09\/imagens_apreesao-droga.avif 971w, https:\/\/www.pbagora.com.br\/storage\/2025\/09\/imagens_apreesao-droga-300x139.avif 300w, https:\/\/www.pbagora.com.br\/storage\/2025\/09\/imagens_apreesao-droga-150x70.avif 150w, https:\/\/www.pbagora.com.br\/storage\/2025\/09\/imagens_apreesao-droga-768x356.avif 768w, https:\/\/www.pbagora.com.br\/storage\/2025\/09\/imagens_apreesao-droga-380x176.avif 380w, https:\/\/www.pbagora.com.br\/storage\/2025\/09\/imagens_apreesao-droga-800x371.avif 800w, https:\/\/www.pbagora.com.br\/storage\/2025\/09\/imagens_apreesao-droga-80x37.avif 80w, https:\/\/www.pbagora.com.br\/storage\/2025\/09\/imagens_apreesao-droga-760x352.avif 760w, https:\/\/www.pbagora.com.br\/storage\/2025\/09\/imagens_apreesao-droga-600x278.avif 600w\" sizes=\"auto, (max-width: 971px) 100vw, 971px\" \/><\/p>\n<p>A Pol\u00edcia Militar da Para\u00edba prendeu, na manh\u00e3 desta sexta-feira (26), um homem suspeito de envolvimento com tr\u00e1fico interestadual de drogas. Ele foi flagrado transportando cerca de 40 quilos de maconha do munic\u00edpio de Caic\u00f3, no Rio Grande do Norte, com destino \u00e0 capital paraibana.<\/p>\n\n\n\n<p>A abordagem ocorreu no bairro de Mangabeira, na zona sul de Jo\u00e3o Pessoa. O suspeito estava em um ve\u00edculo com placas de Campina Grande, o que levanta a possibilidade de atua\u00e7\u00e3o em outras cidades do estado. A origem e o destino exato da droga ainda est\u00e3o sendo investigados.<\/p>\n\n\n\n<p>Segundo a Pol\u00edcia Militar, o homem foi interceptado durante uma opera\u00e7\u00e3o de rotina e n\u00e3o apresentou resist\u00eancia. Ap\u00f3s a pris\u00e3o, ele foi conduzido \u00e0 Cidade da Pol\u00edcia Civil, localizada no bairro do Geisel, onde permanece \u00e0 disposi\u00e7\u00e3o da Justi\u00e7a.<\/p>\n\n\n\n<p><strong><em>PB Agora<\/em><\/strong><\/p>\n","protected":false},"excerpt":{"rendered":"<p><img decoding=\"async\" width=\"971\" height=\"450\" src=\"https:\/\/www.pbagora.com.br\/storage\/2025\/09\/imagens_apreesao-droga.avif\" class=\"attachment-large size-large wp-post-image\" alt=\"\" loading=\"lazy\" srcset=\"https:\/\/www.pbagora.com.br\/storage\/2025\/09\/imagens_apreesao-droga.avif 971w, https:\/\/www.pbagora.com.br\/storage\/2025\/09\/imagens_apreesao-droga-300x139.avif 300w, https:\/\/www.pbagora.com.br\/storage\/2025\/09\/imagens_apreesao-droga-150x70.avif 150w, https:\/\/www.pbagora.com.br\/storage\/2025\/09\/imagens_apreesao-droga-768x356.avif 768w, https:\/\/www.pbagora.com.br\/storage\/2025\/09\/imagens_apreesao-droga-380x176.avif 380w, https:\/\/www.pbagora.com.br\/storage\/2025\/09\/imagens_apreesao-droga-800x371.avif 800w, https:\/\/www.pbagora.com.br\/storage\/2025\/09\/imagens_apreesao-droga-80x37.avif 80w, https:\/\/www.pbagora.com.br\/storage\/2025\/09\/imagens_apreesao-droga-760x352.avif 760w, https:\/\/www.pbagora.com.br\/storage\/2025\/09\/imagens_apreesao-droga-600x278.avif 600w\" sizes=\"auto, (max-width: 971px) 100vw, 971px\"><\/p>\n<p>A Pol\u00edcia Militar da Para\u00edba prendeu, na manh\u00e3 desta sexta-feira (26), um homem suspeito de envolvimento com tr\u00e1fico\u2026<\/p>\n","protected":false},"author":123457,"featured_media":0,"comment_status":"closed","ping_status":"closed","sticky":false,"template":"","format":"standard","meta":{"advgb_blocks_editor_width":"","advgb_blocks_columns_visual_guide":"","footnotes":""},"categories":[34],"tags":[10841,35,10839],"class_list":["post-61343","post","type-post","status-publish","format-standard","hentry","category-g1","tag-destaque-centro-02","tag-g1","tag-policial"],"author_meta":{"display_name":"Reda\u00e7\u00e3o","author_link":"https:\/\/sindaopcpb.org.br\/author\/redacao\/"},"featured_img":null,"coauthors":[],"tax_additional":{"categories":{"linked":["<a href=\"https:\/\/sindaopcpb.org.br\/g1\/\" class=\"advgb-post-tax-term\">G1<\/a>"],"unlinked":["<span class=\"advgb-post-tax-term\">G1<\/span>"]},"tags":{"linked":["<a href=\"https:\/\/sindaopcpb.org.br\/g1\/\" class=\"advgb-post-tax-term\">Destaque Centro 02<\/a>","<a href=\"https:\/\/sindaopcpb.org.br\/g1\/\" class=\"advgb-post-tax-term\">g1<\/a>","<a href=\"https:\/\/sindaopcpb.org.br\/g1\/\" class=\"advgb-post-tax-term\">Policial<\/a>"],"unlinked":["<span class=\"advgb-post-tax-term\">Destaque Centro 02<\/span>","<span class=\"advgb-post-tax-term\">g1<\/span>","<span class=\"advgb-post-tax-term\">Policial<\/span>"]}},"comment_count":"0","relative_dates":{"created":"Publicado 7 meses atr\u00e1s","modified":"Atualizado 7 meses atr\u00e1s"},"absolute_dates":{"created":"Publicado em 26 de setembro de 2025","modified":"Atualizado em 26 de setembro de 2025"},"absolute_dates_time":{"created":"Publicado em 26 de setembro de 2025 12:44","modified":"Atualizado em 26 de setembro de 2025 12:44"},"featured_img_caption":"","series_order":"","_links":{"self":[{"href":"https:\/\/sindaopcpb.org.br\/index.php\/wp-json\/wp\/v2\/posts\/61343","targetHints":{"allow":["GET"]}}],"collection":[{"href":"https:\/\/sindaopcpb.org.br\/index.php\/wp-json\/wp\/v2\/posts"}],"about":[{"href":"https:\/\/sindaopcpb.org.br\/index.php\/wp-json\/wp\/v2\/types\/post"}],"author":[{"embeddable":true,"href":"https:\/\/sindaopcpb.org.br\/index.php\/wp-json\/wp\/v2\/users\/123457"}],"replies":[{"embeddable":true,"href":"https:\/\/sindaopcpb.org.br\/index.php\/wp-json\/wp\/v2\/comments?post=61343"}],"version-history":[{"count":1,"href":"https:\/\/sindaopcpb.org.br\/index.php\/wp-json\/wp\/v2\/posts\/61343\/revisions"}],"predecessor-version":[{"id":61344,"href":"https:\/\/sindaopcpb.org.br\/index.php\/wp-json\/wp\/v2\/posts\/61343\/revisions\/61344"}],"wp:attachment":[{"href":"https:\/\/sindaopcpb.org.br\/index.php\/wp-json\/wp\/v2\/media?parent=61343"}],"wp:term":[{"taxonomy":"category","embeddable":true,"href":"https:\/\/sindaopcpb.org.br\/index.php\/wp-json\/wp\/v2\/categories?post=61343"},{"taxonomy":"post_tag","embeddable":true,"href":"https:\/\/sindaopcpb.org.br\/index.php\/wp-json\/wp\/v2\/tags?post=61343"}],"curies":[{"name":"wp","href":"https:\/\/api.w.org\/{rel}","templated":true}]}}